{"id":557531,"date":"2022-08-24T00:06:07","date_gmt":"2022-08-24T05:06:07","guid":{"rendered":"https:\/\/www.diarioimagen.net\/?p=557531"},"modified":"2022-08-25T01:26:52","modified_gmt":"2022-08-25T06:26:52","slug":"participa-plantel-isidro-fabela-alfaro-de-la-escuela-preparatoria-de-la-uaemex-en-campana-de-reforestacion-2022","status":"publish","type":"post","link":"https:\/\/www.diarioimagen.net\/?p=557531","title":{"rendered":"Participa plantel \u201cIsidro Fabela Alfaro\u201d, de la Escuela Preparatoria de la UAEM\u00e9x, en Campa\u00f1a de Reforestaci\u00f3n 2022"},"content":{"rendered":"<p><em>\u00a0<\/em><\/p>\n<ul>\n<li><strong><em>Participaron 800 personas entre estudiantes administrativos, docentes y padres de familia del Plantel, as\u00ed como autoridades municipales<\/em><\/strong><\/li>\n<\/ul>\n<p>&nbsp;<\/p>\n<div id=\"attachment_557580\" style=\"width: 470px\" class=\"wp-caption aligncenter\"><img loading=\"lazy\" decoding=\"async\" aria-describedby=\"caption-attachment-557580\" class=\"size-full wp-image-557580\" src=\"https:\/\/www.diarioimagen.net\/wp-content\/uploads\/2022\/08\/uaem-12.jpg\" alt=\"\" width=\"460\" height=\"270\" \/><p id=\"caption-attachment-557580\" class=\"wp-caption-text\">Mil \u00e1rboles de diferentes especies fueron sembrados en las instalaciones del Plantel \u201cIsidro Fabela Alfaro\u201d de la Escuela Preparatoria de la UAEM\u00e9x ubicada en Atlacomulco.<\/p><\/div>\n<p>&nbsp;<\/p>\n<p><strong>Toluca, Estado de M\u00e9xico<\/strong>.\u2014 Ante el compromiso de que la Universidad Aut\u00f3noma del Estado de M\u00e9xico (UAEM\u00e9x) sea una instituci\u00f3n educativa verde, el pasado 20 de agosto se dio continuidad a la Campa\u00f1a de Reforestaci\u00f3n 2022 que impulsa esta casa de estudios y que tuvo como sede el Plantel \u201cIsidro Fabela Alfaro\u201d de la Escuela Preparatoria, ubicada en Atlacomulco.<\/p>\n<p>En la reforestaci\u00f3n encabezada por la directora del Plantel, M\u00f3nica Gardu\u00f1o Su\u00e1rez, y en la que participaron m\u00e1s de 800 estudiantes, personal administrativo, docentes, madres y padres de familia, as\u00ed como autoridades municipales fueron sembradas mil plantas de diferentes especies entre las que se encuentran \u00e1rboles frutales de manzana, pera, ciruelo; asimismo, se plantaron ejemplares de pino, jacaranda, liquid\u00e1mbar, acacia negra y acacia azul. Al respecto, el director de Protecci\u00f3n al Ambiente de la UAEM\u00e9x, Ra\u00fal Vera Noguez, explic\u00f3 que todas las especies que se plantan son determinadas de acuerdo al clima de ubicaci\u00f3n y capacidad f\u00edsica de cada espacio universitario para que puedan tener un crecimiento exitoso.<\/p>\n<p>En el caso de los \u00e1rboles frutales, detall\u00f3 que el objetivo m\u00e1s que generar una producci\u00f3n es preservar el material gen\u00e9tico de los mismos; en tanto, el \u00e1rbol liquid\u00e1mbar al ser una especie que permite determinar su crecimiento -que puede ir de los 3 a los 15 metros de altura- es \u00f3ptimo para su siembra; en contraste, el pino y cedro al requerir mayor superficie para su crecimiento la UAEM\u00e9x ha optado por disminuir su plantaci\u00f3n.<\/p>\n<p>Vera Noguez indic\u00f3 que las plantaciones en los planteles universitarios tienen en promedio un 80 por ciento de prendimiento, lo cual se considera como exitoso.<\/p>\n<p>\u201cLa verdad, nos va muy bien en la plantaci\u00f3n, en los planteles se hace un buen trabajo en la siembra de las unidades que se siembran con un promedio de 80 por ciento de prendimiento\u201d, refiri\u00f3.<\/p>\n<p>El pasado 14 julio, el rector de la UAEM\u00e9x dio el banderazo de arranque a la Campa\u00f1a de Reforestaci\u00f3n 2022 que tiene como meta para esta edici\u00f3n la siembra de 30 mil \u00e1rboles en todos los espacios universitarios. Hasta el pasado viernes 19 de agosto sumaban 17 mil 400 unidades sembradas; de acuerdo con Vera Noguez la meta se alcanzar\u00e1 en septiembre pr\u00f3ximo. Los \u00e1rboles que se siembran en los espacios de la UAEM\u00e9x son donados por la Protectora de Bosques del Estados de M\u00e9xico (Probosque) a trav\u00e9s de sus viveros.<\/p>\n","protected":false},"excerpt":{"rendered":"<p>Ante el compromiso de que la Universidad Aut\u00f3noma del Estado de M\u00e9xico (UAEM\u00e9x) sea una instituci\u00f3n educativa verde, el pasado 20 de agosto se dio continuidad a la Campa\u00f1a de Reforestaci\u00f3n 2022 que impulsa esta casa de estudios y que tuvo como sede el Plantel \u201cIsidro Fabela Alfaro\u201d de la Escuela Preparatoria, ubicada en Atlacomulco.<\/p>\n","protected":false},"author":3,"featured_media":557580,"comment_status":"open","ping_status":"open","sticky":false,"template":"","format":"standard","meta":{"_monsterinsights_skip_tracking":false,"_monsterinsights_sitenote_active":false,"_monsterinsights_sitenote_note":"","_monsterinsights_sitenote_category":0,"footnotes":""},"categories":[5],"tags":[43675,452,1490],"class_list":["post-557531","post","type-post","status-publish","format-standard","has-post-thumbnail","hentry","category-estado-de-mexico","tag-estado-de-mexico","tag-toluca","tag-universidad-autonoma-del-estado-de-mexico"],"_links":{"self":[{"href":"https:\/\/www.diarioimagen.net\/index.php?rest_route=\/wp\/v2\/posts\/557531","targetHints":{"allow":["GET"]}}],"collection":[{"href":"https:\/\/www.diarioimagen.net\/index.php?rest_route=\/wp\/v2\/posts"}],"about":[{"href":"https:\/\/www.diarioimagen.net\/index.php?rest_route=\/wp\/v2\/types\/post"}],"author":[{"embeddable":true,"href":"https:\/\/www.diarioimagen.net\/index.php?rest_route=\/wp\/v2\/users\/3"}],"replies":[{"embeddable":true,"href":"https:\/\/www.diarioimagen.net\/index.php?rest_route=%2Fwp%2Fv2%2Fcomments&post=557531"}],"version-history":[{"count":0,"href":"https:\/\/www.diarioimagen.net\/index.php?rest_route=\/wp\/v2\/posts\/557531\/revisions"}],"wp:featuredmedia":[{"embeddable":true,"href":"https:\/\/www.diarioimagen.net\/index.php?rest_route=\/wp\/v2\/media\/557580"}],"wp:attachment":[{"href":"https:\/\/www.diarioimagen.net\/index.php?rest_route=%2Fwp%2Fv2%2Fmedia&parent=557531"}],"wp:term":[{"taxonomy":"category","embeddable":true,"href":"https:\/\/www.diarioimagen.net\/index.php?rest_route=%2Fwp%2Fv2%2Fcategories&post=557531"},{"taxonomy":"post_tag","embeddable":true,"href":"https:\/\/www.diarioimagen.net\/index.php?rest_route=%2Fwp%2Fv2%2Ftags&post=557531"}],"curies":[{"name":"wp","href":"https:\/\/api.w.org\/{rel}","templated":true}]}}