{"id":557545,"date":"2022-08-24T00:03:30","date_gmt":"2022-08-24T05:03:30","guid":{"rendered":"https:\/\/www.diarioimagen.net\/?p=557545"},"modified":"2022-08-24T03:13:42","modified_gmt":"2022-08-24T08:13:42","slug":"contagios-por-coronavirus-a-la-baja-en-edomex-recta-final-de-quinta-ola","status":"publish","type":"post","link":"https:\/\/www.diarioimagen.net\/?p=557545","title":{"rendered":"Contagios por coronavirus a la baja en\u00a0Edomex; recta final de quinta ola"},"content":{"rendered":"<p>&nbsp;<\/p>\n<ul>\n<li><em><strong>Desconversi\u00f3n en hospitales: Fern\u00e1ndez Clamont<\/strong><\/em><\/li>\n<\/ul>\n<p><strong>\u00a0<\/strong><\/p>\n<h6>Arturo Baena<\/h6>\n<p>&nbsp;<\/p>\n<div id=\"attachment_557603\" style=\"width: 470px\" class=\"wp-caption aligncenter\"><img loading=\"lazy\" decoding=\"async\" aria-describedby=\"caption-attachment-557603\" class=\"size-full wp-image-557603\" src=\"https:\/\/www.diarioimagen.net\/wp-content\/uploads\/2022\/08\/contagios.jpg\" alt=\"\" width=\"460\" height=\"270\" \/><p id=\"caption-attachment-557603\" class=\"wp-caption-text\">Los contagios de Covid-19 en el Estado de M\u00e9xico van a la baja; es decir es la recta final de la quinta ola\u00a0 de contagios.<\/p><\/div>\n<p>&nbsp;<\/p>\n<p><strong>Valle de M\u00e9xico.\u2014<\/strong>\u00a0 El Secretario de Salud del Estado de M\u00e9xico, Francisco Javier Fern\u00e1ndez Clamont, indic\u00f3 que los contagios de Covid-19 van a la baja; es decir es la recta final de la quinta ola, pues hasta el pasado domingo sumaron 5 mil casos activos en territorio mexiquense y la ocupaci\u00f3n hospitalaria asciende al 6 por ciento en el \u00e1rea de camas generales y del 1 por ciento en las camas con ventilador.<\/p>\n<p>En cuanto a la desconversi\u00f3n de hospitales para pacientes con SARS-Cov-2, actualmente se mantiene en el 30 por ciento de las camas destinadas a pacientes Covid-19, ya que la pandemia a\u00fan contin\u00faa y en el 70% de los espacios restantes se han restablecido todos los servicios y en especial los quir\u00fargicos. El titular del Instituto de Salud del Estado de M\u00e9xico (Isem) a\u00f1adi\u00f3 que tambi\u00e9n en estos servicios han dado prioridad al primer nivel de atenci\u00f3n; es decir, a las enfermedades cr\u00f3nicas, as\u00ed como a la vacunaci\u00f3n de menores en cuanto a su esquema b\u00e1sico.<\/p>\n<p style=\"text-align: center;\"><strong>Contagios por viruela del mono<\/strong><\/p>\n<p>Por otra parte, coment\u00f3 que en el Estado de M\u00e9xico no hay pacientes hospitalizados por contagio de la viruela s\u00edmica, aunque la cifra actualmente llega a 23 personas contagiadas con el virus.<\/p>\n<p>En entrevista se\u00f1al\u00f3 que todos los casos est\u00e1n fuera de peligro, se encuentran en casa para su recuperaci\u00f3n y con sintomatolog\u00eda leve.<\/p>\n<p>Explic\u00f3 que la cifra de personas con la enfermedad no es grave, incluso es el que suman los reportes de todo el sistema de salud de la entidad y que la mortalidad y letalidad est\u00e1n en cero.<\/p>\n<p>Fern\u00e1ndez Clamont apunt\u00f3 que el contagio de la viruela del mono se da a trav\u00e9s de las mucosas y del contacto directo de las lesiones de piel de un paciente enfermo.<\/p>\n","protected":false},"excerpt":{"rendered":"<p>El Secretario de Salud del Estado de M\u00e9xico, Francisco Javier Fern\u00e1ndez Clamont, indic\u00f3 que los contagios de Covid-19 van a la baja; es decir es la recta final de la quinta ola, pues hasta el pasado domingo sumaron 5 mil casos activos en territorio mexiquense y la ocupaci\u00f3n hospitalaria asciende al 6 por ciento en el \u00e1rea de camas generales y del 1 por ciento en las camas con ventilador.<\/p>\n","protected":false},"author":3,"featured_media":557603,"comment_status":"open","ping_status":"open","sticky":false,"template":"","format":"standard","meta":{"_monsterinsights_skip_tracking":false,"_monsterinsights_sitenote_active":false,"_monsterinsights_sitenote_note":"","_monsterinsights_sitenote_category":0,"footnotes":""},"categories":[5],"tags":[43675,10424,29516,95654,34],"class_list":["post-557545","post","type-post","status-publish","format-standard","has-post-thumbnail","hentry","category-estado-de-mexico","tag-estado-de-mexico","tag-francisco-javier-fernandez-clamont","tag-pandemia","tag-quinta-ola","tag-valle-de-mexico"],"_links":{"self":[{"href":"https:\/\/www.diarioimagen.net\/index.php?rest_route=\/wp\/v2\/posts\/557545","targetHints":{"allow":["GET"]}}],"collection":[{"href":"https:\/\/www.diarioimagen.net\/index.php?rest_route=\/wp\/v2\/posts"}],"about":[{"href":"https:\/\/www.diarioimagen.net\/index.php?rest_route=\/wp\/v2\/types\/post"}],"author":[{"embeddable":true,"href":"https:\/\/www.diarioimagen.net\/index.php?rest_route=\/wp\/v2\/users\/3"}],"replies":[{"embeddable":true,"href":"https:\/\/www.diarioimagen.net\/index.php?rest_route=%2Fwp%2Fv2%2Fcomments&post=557545"}],"version-history":[{"count":0,"href":"https:\/\/www.diarioimagen.net\/index.php?rest_route=\/wp\/v2\/posts\/557545\/revisions"}],"wp:featuredmedia":[{"embeddable":true,"href":"https:\/\/www.diarioimagen.net\/index.php?rest_route=\/wp\/v2\/media\/557603"}],"wp:attachment":[{"href":"https:\/\/www.diarioimagen.net\/index.php?rest_route=%2Fwp%2Fv2%2Fmedia&parent=557545"}],"wp:term":[{"taxonomy":"category","embeddable":true,"href":"https:\/\/www.diarioimagen.net\/index.php?rest_route=%2Fwp%2Fv2%2Fcategories&post=557545"},{"taxonomy":"post_tag","embeddable":true,"href":"https:\/\/www.diarioimagen.net\/index.php?rest_route=%2Fwp%2Fv2%2Ftags&post=557545"}],"curies":[{"name":"wp","href":"https:\/\/api.w.org\/{rel}","templated":true}]}}