{"id":557551,"date":"2022-08-24T00:01:10","date_gmt":"2022-08-24T05:01:10","guid":{"rendered":"https:\/\/www.diarioimagen.net\/?p=557551"},"modified":"2022-08-24T03:14:25","modified_gmt":"2022-08-24T08:14:25","slug":"la-fortaleza-de-sindicato-de-constructores-de-vehiculos-esta-en-sus-agremiados-victor-sanchez","status":"publish","type":"post","link":"https:\/\/www.diarioimagen.net\/?p=557551","title":{"rendered":"La fortaleza de sindicato de constructores de veh\u00edculos est\u00e1 en sus agremiados: Victor S\u00e1nchez"},"content":{"rendered":"<p>&nbsp;<\/p>\n<ul>\n<li><em><strong>Rendici\u00f3n de cuentas en Siconvense<\/strong><\/em><\/li>\n<\/ul>\n<p><strong>\u00a0<\/strong><\/p>\n<h6>Arturo Baena<\/h6>\n<p>&nbsp;<\/p>\n<div id=\"attachment_557605\" style=\"width: 470px\" class=\"wp-caption aligncenter\"><img loading=\"lazy\" decoding=\"async\" aria-describedby=\"caption-attachment-557605\" class=\"size-full wp-image-557605\" src=\"https:\/\/www.diarioimagen.net\/wp-content\/uploads\/2022\/08\/la-fortaleza.jpg\" alt=\"\" width=\"460\" height=\"270\" \/><p id=\"caption-attachment-557605\" class=\"wp-caption-text\">Victor Manuel S\u00e1nchez Garc\u00eda, secretario general del Sindicato de Conductores de Veh\u00edculos de Servicio (Siconvense), durante la primera asamblea anual de ese gremio en donde rindi\u00f3 cuentas.<\/p><\/div>\n<p>&nbsp;<\/p>\n<p><strong>Naucalpan, Estado de M\u00e9xico.\u2014<\/strong> De ninguna manera y bajo ning\u00fan concepto bajaremos la guard\u00eda para velar por la seguridad y trabajo de todos y cada uno de nuestros compa\u00f1eros conductores de veh\u00edculos de servicio, pues son ustedes la fortaleza de nuestro sindicato y juntos seguiremos ganando batallas para para su bienestar y el de sus familias.<\/p>\n<p>Asegur\u00f3 lo anterior Victor Manuel S\u00e1nchez Garc\u00eda, secretario general del \u201cSindicato de Conductores de Veh\u00edculos de Servicio\u201d (Siconvense), durante la primera asamblea anual de ese gremio en donde rindi\u00f3 cuentas de todas las actividades a sus agremiados.<\/p>\n<p>S\u00e1nchez Garc\u00eda dio la bienvenida a Jes\u00fas Tapia, de la secci\u00f3n Guanajuato; a Alejandro Santos de Oaxaca; a Ventura L\u00f3pez, de la secci\u00f3n del Estado de M\u00e9xico (de nueva creaci\u00f3n) y varios estados que se han sumado a ese importante sindicato.<\/p>\n<p>\u201cAgradezco de manera muy especial el apoyo del Centro de Solidaridad y a todos quienes conformamos Siconvense, pues este sue\u00f1o se hizo posible gracias a ustedes\u201d, dijo.<\/p>\n<p>Durante la asamblea se avalaron la conformaci\u00f3n de los estatutos, as\u00ed como el nombramiento de responsables de las\u00a0 comisiones de trabajo, deporte, comunicaci\u00f3n social, de g\u00e9nero, entre otras.<\/p>\n<p>El l\u00edder sindical, abund\u00f3 qu\u00e9\u00a0 \u201ces un orgullo luchar por ustedes, codo a codo para evitar injusticias hacia los compa\u00f1eros conductores de veh\u00edculos de servicio. Reitero que seguiremos trabajando por encontrar mejores condiciones de vida para todos ustedes\u201d.<\/p>\n<p>Finalmente, Victor Manuel S\u00e1nchez, despu\u00e9s de la rendici\u00f3n de cuentas, realiz\u00f3 entre los agremiados, diversas rifas de pantallas, entre otras cosas.<\/p>\n","protected":false},"excerpt":{"rendered":"<p>De ninguna manera y bajo ning\u00fan concepto bajaremos la guard\u00eda para velar por la seguridad y trabajo de todos y cada uno de nuestros compa\u00f1eros conductores de veh\u00edculos de servicio, pues son ustedes la fortaleza de nuestro sindicato y juntos seguiremos ganando batallas para para su bienestar y el de sus familias.<\/p>\n","protected":false},"author":3,"featured_media":557605,"comment_status":"open","ping_status":"open","sticky":false,"template":"","format":"standard","meta":{"_monsterinsights_skip_tracking":false,"_monsterinsights_sitenote_active":false,"_monsterinsights_sitenote_note":"","_monsterinsights_sitenote_category":0,"footnotes":""},"categories":[5],"tags":[43675,970,96253,96254],"class_list":["post-557551","post","type-post","status-publish","format-standard","has-post-thumbnail","hentry","category-estado-de-mexico","tag-estado-de-mexico","tag-naucalpan","tag-siconvense","tag-sindicato-de-constructores"],"_links":{"self":[{"href":"https:\/\/www.diarioimagen.net\/index.php?rest_route=\/wp\/v2\/posts\/557551","targetHints":{"allow":["GET"]}}],"collection":[{"href":"https:\/\/www.diarioimagen.net\/index.php?rest_route=\/wp\/v2\/posts"}],"about":[{"href":"https:\/\/www.diarioimagen.net\/index.php?rest_route=\/wp\/v2\/types\/post"}],"author":[{"embeddable":true,"href":"https:\/\/www.diarioimagen.net\/index.php?rest_route=\/wp\/v2\/users\/3"}],"replies":[{"embeddable":true,"href":"https:\/\/www.diarioimagen.net\/index.php?rest_route=%2Fwp%2Fv2%2Fcomments&post=557551"}],"version-history":[{"count":0,"href":"https:\/\/www.diarioimagen.net\/index.php?rest_route=\/wp\/v2\/posts\/557551\/revisions"}],"wp:featuredmedia":[{"embeddable":true,"href":"https:\/\/www.diarioimagen.net\/index.php?rest_route=\/wp\/v2\/media\/557605"}],"wp:attachment":[{"href":"https:\/\/www.diarioimagen.net\/index.php?rest_route=%2Fwp%2Fv2%2Fmedia&parent=557551"}],"wp:term":[{"taxonomy":"category","embeddable":true,"href":"https:\/\/www.diarioimagen.net\/index.php?rest_route=%2Fwp%2Fv2%2Fcategories&post=557551"},{"taxonomy":"post_tag","embeddable":true,"href":"https:\/\/www.diarioimagen.net\/index.php?rest_route=%2Fwp%2Fv2%2Ftags&post=557551"}],"curies":[{"name":"wp","href":"https:\/\/api.w.org\/{rel}","templated":true}]}}