{"id":557633,"date":"2022-08-24T00:03:42","date_gmt":"2022-08-24T05:03:42","guid":{"rendered":"https:\/\/www.diarioimagen.net\/?p=557633"},"modified":"2022-08-25T02:21:09","modified_gmt":"2022-08-25T07:21:09","slug":"un-asesinato-mas-un-periodista-menos","status":"publish","type":"post","link":"https:\/\/www.diarioimagen.net\/?p=557633","title":{"rendered":"Un asesinato m\u00e1s, un periodista menos"},"content":{"rendered":"<h2>Espacio Electoral<\/h2>\n<h5>Eleazar Flores<\/h5>\n<p>&nbsp;<\/p>\n<p><strong>IMPOSIBLE ACOSTUMBRARNOS-.<\/strong> Por m\u00e1s que le frecuencia nos acorrale, me niego a tomar como \u201cnormal\u201d el asesinato de otro reportero m\u00e1s, a escasos\u00a0 seis d\u00edas de que se hubiese registrado otro, \u00e9ste en Sonora. La v\u00edctima del lunes, en Guerrero, fue Fredid Rom\u00e1n y lo peor de todo es que apenas el uno de julio le asesinaron a su hijo Vladimir.<\/p>\n<p>\u00bfSe le hace casual que en los apenas siete meses 22 d\u00edas ya hayan sido privados de la vida doce compa\u00f1eros del oficio?, pues muchos como este escribiente, entre otros, no lo consideramos as\u00ed, desde el momento en que el p\u00falpito ma\u00f1anero emplea buen tiempo de sus homil\u00edas para denostar a empresas de medios de comunicaci\u00f3n y a periodistas.<\/p>\n<p>La hostilidad a lo medi\u00e1tico -como dijo que se barre la corrupci\u00f3n-, viene de arriba hacia abajo y si uno est\u00e1 en un error que lo demuestren, cuando menos Chuchito Ram\u00edrez, consentidor de diarios \u201cpaisanos\u201d como Tabasco Hoy y Por Esto, cuya circulaci\u00f3n se limita s\u00f3lo a esa capital y pueblos circunvecinos, pero eso s\u00ed, disfrutando del dinero p\u00fablico como no hizo Pe\u00f1a Nieto con los diarios de su entidad.<\/p>\n<p><strong>V\u00cdCTIMAS-.<\/strong> Regresando al tema central del d\u00eda es que Fredid Rom\u00e1n justamente hab\u00eda sido colaborador de la revista <em>Quehacer Pol\u00edtico<\/em>, de la familia tabasque\u00f1a Cant\u00f3n Zetina, cuyo florecimiento de circulaci\u00f3n\u00a0 termina coincidentemente con el ocaso del siglo XX.<\/p>\n<p>\u00bfSe acordar\u00e1n Miguel y los dem\u00e1s hermanos Cant\u00f3n Zetina del trabajo que por a\u00f1os hizo su colaborador Fredid Rom\u00e1n para su revista <em>Quehacer Pol\u00edtico<\/em>?, ojal\u00e1 y s\u00ed pues de lo contrario la ingratitud estar\u00eda contagiada del \u201csentimiento\u201d oficial.<\/p>\n<p>Cuando en distintos p\u00falpitos varios ministros religiosos denunciaron que \u201cM\u00e9xico est\u00e1 chorreando sangre\u201d muchos se escandalizaron y eso fue cuando apenas se registraba la muerte de nueve compa\u00f1eros periodistas. A la fecha ya llevamos doce.<\/p>\n<p>Agradezco la comprensi\u00f3n del jefe por dar cabida en este espacio a la en\u00e9sima queja-denuncia por la muerte de un periodista m\u00e1s, pues apenas hace una semana fue encontrado el cuerpo sin vida del periodista sonorense Juan Arj\u00f3n L\u00f3pez, tras casi una semana de haber sido reportado como desaparecido.<\/p>\n<p>Al ritmo que este gremio registra en p\u00e9rdida de vidas y en el ambiente hostil en imperante, y sin falsos alarmismos, uno nunca sabe si \u00e9sta o la que sigue, sea la \u00faltima entrega que haga, que es lo que le pas\u00f3 a Fredidt Tom\u00e1n.<\/p>\n<p>Lo peor de todo y lo m\u00e1s desconsolador es que para quien usted ya sabe, vamos bien as\u00ed que\u00a0 denuncias y quejas locales, nacionales e incluso internacionales pasan a dormir el sue\u00f1o de los justos o a las carpetas de investigaci\u00f3n, que ya sumar\u00e1n\u00a0 millones.<\/p>\n<p><em><a href=\"mailto:elefa44@gmail.com\" target=\"_blank\" rel=\"noopener noreferrer\">elefa44@gmail.com<\/a><\/em><\/p>\n","protected":false},"excerpt":{"rendered":"<p><span style=\"color: #005497;\"><strong>Eleazar Flores<\/strong><\/span><\/p>\n","protected":false},"author":3,"featured_media":0,"comment_status":"open","ping_status":"open","sticky":false,"template":"","format":"standard","meta":{"_monsterinsights_skip_tracking":false,"_monsterinsights_sitenote_active":false,"_monsterinsights_sitenote_note":"","_monsterinsights_sitenote_category":0,"footnotes":""},"categories":[81743],"tags":[81744,81776,43674],"class_list":["post-557633","post","type-post","status-publish","format-standard","hentry","category-eleazar-flores","tag-eleazar-flores","tag-espacio-electoral","tag-opinion"],"_links":{"self":[{"href":"https:\/\/www.diarioimagen.net\/index.php?rest_route=\/wp\/v2\/posts\/557633","targetHints":{"allow":["GET"]}}],"collection":[{"href":"https:\/\/www.diarioimagen.net\/index.php?rest_route=\/wp\/v2\/posts"}],"about":[{"href":"https:\/\/www.diarioimagen.net\/index.php?rest_route=\/wp\/v2\/types\/post"}],"author":[{"embeddable":true,"href":"https:\/\/www.diarioimagen.net\/index.php?rest_route=\/wp\/v2\/users\/3"}],"replies":[{"embeddable":true,"href":"https:\/\/www.diarioimagen.net\/index.php?rest_route=%2Fwp%2Fv2%2Fcomments&post=557633"}],"version-history":[{"count":0,"href":"https:\/\/www.diarioimagen.net\/index.php?rest_route=\/wp\/v2\/posts\/557633\/revisions"}],"wp:attachment":[{"href":"https:\/\/www.diarioimagen.net\/index.php?rest_route=%2Fwp%2Fv2%2Fmedia&parent=557633"}],"wp:term":[{"taxonomy":"category","embeddable":true,"href":"https:\/\/www.diarioimagen.net\/index.php?rest_route=%2Fwp%2Fv2%2Fcategories&post=557633"},{"taxonomy":"post_tag","embeddable":true,"href":"https:\/\/www.diarioimagen.net\/index.php?rest_route=%2Fwp%2Fv2%2Ftags&post=557633"}],"curies":[{"name":"wp","href":"https:\/\/api.w.org\/{rel}","templated":true}]}}