{"id":557686,"date":"2022-08-25T00:05:32","date_gmt":"2022-08-25T05:05:32","guid":{"rendered":"https:\/\/www.diarioimagen.net\/?p=557686"},"modified":"2022-08-26T02:20:30","modified_gmt":"2022-08-26T07:20:30","slug":"yonnier-torres-ganador-del-premio-internacional-de-poesia-de-la-uaemex-invita-a-las-juventudes-a-confiar-en-su-talento-literario","status":"publish","type":"post","link":"https:\/\/www.diarioimagen.net\/?p=557686","title":{"rendered":"Yonnier Torres, ganador del Premio Internacional de Poes\u00eda de la UAEM\u00e9x, invita a las juventudes a confiar en su talento literario"},"content":{"rendered":"<p><em>\u00a0<\/em><\/p>\n<ul>\n<li><strong><em>El ganador del certamen internacional \u201cGilberto Owen Estrada\u201d destac\u00f3 que antes de la poes\u00eda incursion\u00f3 en g\u00e9neros narrativos como el cuento y la novela<\/em><\/strong><\/li>\n<\/ul>\n<p><strong>\u00a0<\/strong><\/p>\n<div id=\"attachment_557736\" style=\"width: 470px\" class=\"wp-caption aligncenter\"><img loading=\"lazy\" decoding=\"async\" aria-describedby=\"caption-attachment-557736\" class=\"size-full wp-image-557736\" src=\"https:\/\/www.diarioimagen.net\/wp-content\/uploads\/2022\/08\/uaem-13.jpg\" alt=\"\" width=\"460\" height=\"270\" \/><p id=\"caption-attachment-557736\" class=\"wp-caption-text\">El escritor oriundo de Cuba expres\u00f3 las dificultades de iniciar una carrera literaria; sin embargo, inst\u00f3 a las nuevas generaciones a intentarlo y superar los fracasos.<\/p><\/div>\n<p>&nbsp;<\/p>\n<p><strong>Toluca, Estado de M\u00e9xico.<\/strong>\u2014 El gusto por la lectura llev\u00f3 a Yonnier Torres Rodr\u00edguez a convertirse en escritor y eventualmente, a ser el ganador de la edici\u00f3n 2022 del Premio Internacional de Poes\u00eda \u201cGilberto Owen Estrada\u201d de la Universidad Aut\u00f3noma del Estado de M\u00e9xico (UAEM\u00e9x), con el poemario <em>La m\u00e1quina de hacer p\u00e1jaros<\/em>, que refleja la b\u00fasqueda de la felicidad y la libertad.<\/p>\n<p>Asegur\u00f3 que el camino de los nuevos escritores es dif\u00edcil; sin embargo, invit\u00f3 a los artistas emergentes a intentarlo y superar los fracasos, leer mucho para nutrirse de las obras de otros autores y trabajar duro con la intenci\u00f3n de hacer el mejor texto posible. Afirm\u00f3 que su proceso creativo es confiar en su mente, ya que todo parte de una idea, una frase o un verso que da vueltas en su cabeza hasta lograr brindarle un orden.<\/p>\n<p>Despu\u00e9s de culminar su carrera de Sociolog\u00eda en la Universidad de La Habana, Cuba, y con la intenci\u00f3n de crear historias, el escritor, oriundo de la Perla de las Antillas, se inscribi\u00f3 en un taller literario y su incursi\u00f3n en la escritura fue a trav\u00e9s de diferentes g\u00e9neros narrativos como el cuento, la novela y la poes\u00eda, trabajo que se traduce en 20 a\u00f1os de trayectoria literaria.<\/p>\n<p>El certamen internacional \u201cGilberto Owen Estrada\u201d lleg\u00f3 a la vida del escritor Yonnier Torres, gracias a las redes sociales y se convirti\u00f3 en una gran oportunidad, ya que en la actualidad radica en M\u00e9xico. Envi\u00f3 su poemario y asegur\u00f3 que sinti\u00f3 una gran alegr\u00eda al enterarse que era el ganador.<\/p>\n<p>Jonnier Torres comparti\u00f3 que su poemario ganador, <em>La m\u00e1quina de hacer p\u00e1jaros<\/em>, es una recopilaci\u00f3n de textos que ha escrito a lo largo de dos d\u00e9cadas, todos inspirados en el tema de la b\u00fasqueda de la felicidad y la libertad. Los poemas, dijo, \u201cest\u00e1n buscando tambi\u00e9n un poco esa parte de la libertad que tiene el p\u00e1jaro de poder volar, de poder llegar a otros espacios\u201d.<\/p>\n<p>El escritor ya tiene varios t\u00edtulos publicados, entre cuentos, novelas y poemarios, como <em>C\u00edrculos de cal<\/em>, <em>El ojo del cicl\u00f3n<\/em>, <em>La estrategia del ciempi\u00e9s<\/em>, <em>Cerrar los pu\u00f1os<\/em>, <em>Dios no me tiene en cuenta<\/em>, entre otros, que se pueden encontrar en internet.<\/p>\n","protected":false},"excerpt":{"rendered":"<p>El gusto por la lectura llev\u00f3 a Yonnier Torres Rodr\u00edguez a convertirse en escritor y eventualmente, a ser el ganador de la edici\u00f3n 2022 del Premio Internacional de Poes\u00eda \u201cGilberto Owen Estrada\u201d de la Universidad Aut\u00f3noma del Estado de M\u00e9xico (UAEM\u00e9x), con el poemario La m\u00e1quina de hacer p\u00e1jaros, que refleja la b\u00fasqueda de la felicidad y la libertad.<\/p>\n","protected":false},"author":3,"featured_media":557736,"comment_status":"open","ping_status":"open","sticky":false,"template":"","format":"standard","meta":{"_monsterinsights_skip_tracking":false,"_monsterinsights_sitenote_active":false,"_monsterinsights_sitenote_note":"","_monsterinsights_sitenote_category":0,"footnotes":""},"categories":[5],"tags":[43675,94771,452,67878],"class_list":["post-557686","post","type-post","status-publish","format-standard","has-post-thumbnail","hentry","category-estado-de-mexico","tag-estado-de-mexico","tag-juventudes","tag-toluca","tag-uaemex"],"_links":{"self":[{"href":"https:\/\/www.diarioimagen.net\/index.php?rest_route=\/wp\/v2\/posts\/557686","targetHints":{"allow":["GET"]}}],"collection":[{"href":"https:\/\/www.diarioimagen.net\/index.php?rest_route=\/wp\/v2\/posts"}],"about":[{"href":"https:\/\/www.diarioimagen.net\/index.php?rest_route=\/wp\/v2\/types\/post"}],"author":[{"embeddable":true,"href":"https:\/\/www.diarioimagen.net\/index.php?rest_route=\/wp\/v2\/users\/3"}],"replies":[{"embeddable":true,"href":"https:\/\/www.diarioimagen.net\/index.php?rest_route=%2Fwp%2Fv2%2Fcomments&post=557686"}],"version-history":[{"count":0,"href":"https:\/\/www.diarioimagen.net\/index.php?rest_route=\/wp\/v2\/posts\/557686\/revisions"}],"wp:featuredmedia":[{"embeddable":true,"href":"https:\/\/www.diarioimagen.net\/index.php?rest_route=\/wp\/v2\/media\/557736"}],"wp:attachment":[{"href":"https:\/\/www.diarioimagen.net\/index.php?rest_route=%2Fwp%2Fv2%2Fmedia&parent=557686"}],"wp:term":[{"taxonomy":"category","embeddable":true,"href":"https:\/\/www.diarioimagen.net\/index.php?rest_route=%2Fwp%2Fv2%2Fcategories&post=557686"},{"taxonomy":"post_tag","embeddable":true,"href":"https:\/\/www.diarioimagen.net\/index.php?rest_route=%2Fwp%2Fv2%2Ftags&post=557686"}],"curies":[{"name":"wp","href":"https:\/\/api.w.org\/{rel}","templated":true}]}}