{"id":557690,"date":"2022-08-25T00:01:35","date_gmt":"2022-08-25T05:01:35","guid":{"rendered":"https:\/\/www.diarioimagen.net\/?p=557690"},"modified":"2022-08-25T03:27:30","modified_gmt":"2022-08-25T08:27:30","slug":"localizaron-en-cuautitlan-izcalli-a-mas-de-200-personas-reportadas-como-desaparecidas","status":"publish","type":"post","link":"https:\/\/www.diarioimagen.net\/?p=557690","title":{"rendered":"Localizaron en Cuautitl\u00e1n Izcalli a m\u00e1s de 200 personas reportadas como desaparecidas"},"content":{"rendered":"<p>&nbsp;<\/p>\n<ul>\n<li><em><strong>En lo que va de la actual administraci\u00f3n<\/strong><\/em><\/li>\n<\/ul>\n<p>&nbsp;<\/p>\n<div id=\"attachment_557752\" style=\"width: 470px\" class=\"wp-caption aligncenter\"><img loading=\"lazy\" decoding=\"async\" aria-describedby=\"caption-attachment-557752\" class=\"size-full wp-image-557752\" src=\"https:\/\/www.diarioimagen.net\/wp-content\/uploads\/2022\/08\/localizaron.jpg\" alt=\"\" width=\"460\" height=\"355\" \/><p id=\"caption-attachment-557752\" class=\"wp-caption-text\">Se ha localizado a 225 personas, que se encontraban con reporte de desaparici\u00f3n, en lo que va de la administraci\u00f3n de Karla Fiesco Garc\u00eda.<\/p><\/div>\n<p>&nbsp;<\/p>\n<p><strong>Cuautitl\u00e1n Izcalli, Estado de M\u00e9xico.\u2014<\/strong> El gobierno municipal que preside Karla Fiesco Garc\u00eda, a trav\u00e9s de la Unidad de G\u00e9nero y la C\u00e9lula de B\u00fasqueda de Personas Desaparecidas perteneciente a la Comisar\u00eda General de Seguridad Ciudadana, atendi\u00f3 242 solicitudes de b\u00fasqueda por bolet\u00edn (Odisea, COBUPEM), de las cuales, se ha localizado a 225 personas, que se encontraban con reporte de desaparici\u00f3n en lo que va de la administraci\u00f3n.<\/p>\n<p>La generaci\u00f3n de pol\u00edticas p\u00fablicas en beneficio de los izcallenses ha permitido mejorar los procesos de b\u00fasqueda y la aplicaci\u00f3n de protocolos para la localizaci\u00f3n de personas desaparecidas. Cabe destacar que entre los principales motivos de desaparici\u00f3n se encuentran la voluntad propia, violencia familiar, casos relacionados a pensi\u00f3n alimenticia, guardia y custodia.<\/p>\n<p>En este sentido y por instrucciones de la presidenta municipal Karla Fiesco Garc\u00eda, se realiza el acompa\u00f1amiento y canalizaci\u00f3n de las v\u00edctimas de violencia de g\u00e9nero, hacia las instituciones correspondientes como es el Centro de Justicia para Mujeres, DIF, a la Fiscal\u00eda Regional de Cuautitl\u00e1n Izcalli y al Instituto Municipal para la Equidad de G\u00e9nero y el Desarrollo de las Mujeres (IMEGDEM).<\/p>\n","protected":false},"excerpt":{"rendered":"<p>El gobierno municipal que preside Karla Fiesco Garc\u00eda, a trav\u00e9s de la Unidad de G\u00e9nero y la C\u00e9lula de B\u00fasqueda de Personas Desaparecidas perteneciente a la Comisar\u00eda General de Seguridad Ciudadana, atendi\u00f3 242 solicitudes de b\u00fasqueda por bolet\u00edn (Odisea, COBUPEM), de las cuales, se ha localizado a 225 personas, que se encontraban con reporte de desaparici\u00f3n en lo que va de la administraci\u00f3n.<\/p>\n","protected":false},"author":3,"featured_media":557752,"comment_status":"open","ping_status":"open","sticky":false,"template":"","format":"standard","meta":{"_monsterinsights_skip_tracking":false,"_monsterinsights_sitenote_active":false,"_monsterinsights_sitenote_note":"","_monsterinsights_sitenote_category":0,"footnotes":""},"categories":[5],"tags":[971,94228,43675,43677],"class_list":["post-557690","post","type-post","status-publish","format-standard","has-post-thumbnail","hentry","category-estado-de-mexico","tag-cuautitlan-izcalli","tag-desaparecidas","tag-estado-de-mexico","tag-seguridad"],"_links":{"self":[{"href":"https:\/\/www.diarioimagen.net\/index.php?rest_route=\/wp\/v2\/posts\/557690","targetHints":{"allow":["GET"]}}],"collection":[{"href":"https:\/\/www.diarioimagen.net\/index.php?rest_route=\/wp\/v2\/posts"}],"about":[{"href":"https:\/\/www.diarioimagen.net\/index.php?rest_route=\/wp\/v2\/types\/post"}],"author":[{"embeddable":true,"href":"https:\/\/www.diarioimagen.net\/index.php?rest_route=\/wp\/v2\/users\/3"}],"replies":[{"embeddable":true,"href":"https:\/\/www.diarioimagen.net\/index.php?rest_route=%2Fwp%2Fv2%2Fcomments&post=557690"}],"version-history":[{"count":0,"href":"https:\/\/www.diarioimagen.net\/index.php?rest_route=\/wp\/v2\/posts\/557690\/revisions"}],"wp:featuredmedia":[{"embeddable":true,"href":"https:\/\/www.diarioimagen.net\/index.php?rest_route=\/wp\/v2\/media\/557752"}],"wp:attachment":[{"href":"https:\/\/www.diarioimagen.net\/index.php?rest_route=%2Fwp%2Fv2%2Fmedia&parent=557690"}],"wp:term":[{"taxonomy":"category","embeddable":true,"href":"https:\/\/www.diarioimagen.net\/index.php?rest_route=%2Fwp%2Fv2%2Fcategories&post=557690"},{"taxonomy":"post_tag","embeddable":true,"href":"https:\/\/www.diarioimagen.net\/index.php?rest_route=%2Fwp%2Fv2%2Ftags&post=557690"}],"curies":[{"name":"wp","href":"https:\/\/api.w.org\/{rel}","templated":true}]}}