{"id":557694,"date":"2022-08-25T00:03:29","date_gmt":"2022-08-25T05:03:29","guid":{"rendered":"https:\/\/www.diarioimagen.net\/?p=557694"},"modified":"2022-08-25T03:26:48","modified_gmt":"2022-08-25T08:26:48","slug":"reitera-angelica-moya-alcaldesa-de-naucalpan-su-voluntad-aliancista","status":"publish","type":"post","link":"https:\/\/www.diarioimagen.net\/?p=557694","title":{"rendered":"Reitera Ang\u00e9lica Moya, alcaldesa de Naucalpan, su voluntad aliancista"},"content":{"rendered":"<p>&nbsp;<\/p>\n<ul>\n<li><em><strong>Entrega de tarjetas del \u201cSalario Rosa\u201d<\/strong><\/em><\/li>\n<\/ul>\n<p>&nbsp;<\/p>\n<h6>Arturo Baena<\/h6>\n<p>&nbsp;<\/p>\n<div id=\"attachment_557750\" style=\"width: 470px\" class=\"wp-caption aligncenter\"><img loading=\"lazy\" decoding=\"async\" aria-describedby=\"caption-attachment-557750\" class=\"size-full wp-image-557750\" src=\"https:\/\/www.diarioimagen.net\/wp-content\/uploads\/2022\/08\/reitera.jpg\" alt=\"\" width=\"460\" height=\"270\" \/><p id=\"caption-attachment-557750\" class=\"wp-caption-text\">La alcaldesa Ang\u00e9lica Moya Mar\u00edn reiter\u00f3 su voluntad aliancista para evitar que malos gobiernos vuelvan a gobernar este Estado de M\u00e9xico.<\/p><\/div>\n<p>&nbsp;<\/p>\n<p><strong>Naucalpan, Estado de M\u00e9xico.\u2014<\/strong> Durante la entrega de tarjetas del programa \u201cSalario Rosa\u201d y ante la presencia del gobernador Alfredo del Mazo, la presidenta municipal, Ang\u00e9lica Moya Mar\u00edn, reiter\u00f3 su voluntad aliancista para sumar esfuerzos en favor de la ciudadan\u00eda y evitar que los malos gobiernos municipales regresen al Estado de M\u00e9xico.<\/p>\n<p>Durante el evento desarrollado en los campos de Santa Cruz Acatl\u00e1n, Moya Mar\u00edn, destac\u00f3 que \u201cquiero reiterar mi voluntad aliancista. La voluntad para sumar esfuerzos de las mejores causas y es precisamente eso lo que nos mueve en el gobierno municipal, con el acompa\u00f1amiento del gobierno estatal, para lograr los mejores fines\u201d, asegur\u00f3.<\/p>\n<p>Por otra parte, la alcaldesa de esta localidad, puntualiz\u00f3: \u201cReitero esa voluntad para evitar que malos gobiernos vuelvan a gobernar este Estado de M\u00e9xico. En Naucalpan lo necesitamos, en el Estado de M\u00e9xico lo necesitamos, es as\u00ed como vamos a sumar esfuerzos en favor de todas las mujeres\u201d, dijo.<\/p>\n<p>Moya Mar\u00edn abund\u00f3 qu\u00e9 seguir\u00e1 trabajando para y por los naucalpenses y regresar el brillo a la corona, \u201c no bajaremos la guardia en favor de las familias naucalpenses\u201d, destac\u00f3.<\/p>\n<p>Por su parte, el gobernador Alfredo Del Mazo Maza,\u00a0 agradeci\u00f3 a Moya Mar\u00edn por el recibimiento y asegur\u00f3 que \u201ccompartimos la importancia de apoyar a las mujeres\u201d, por lo que reiter\u00f3 el compromiso del gobierno estatal para sumar esfuerzos con autoridades municipales con el fin de apoyar a las familias del municipio.<\/p>\n","protected":false},"excerpt":{"rendered":"<p>Durante la entrega de tarjetas del programa \u201cSalario Rosa\u201d y ante la presencia del gobernador Alfredo del Mazo, la presidenta municipal, Ang\u00e9lica Moya Mar\u00edn, reiter\u00f3 su voluntad aliancista para sumar esfuerzos en favor de la ciudadan\u00eda y evitar que los malos gobiernos municipales regresen al Estado de M\u00e9xico.<\/p>\n","protected":false},"author":3,"featured_media":557750,"comment_status":"open","ping_status":"open","sticky":false,"template":"","format":"standard","meta":{"_monsterinsights_skip_tracking":false,"_monsterinsights_sitenote_active":false,"_monsterinsights_sitenote_note":"","_monsterinsights_sitenote_category":0,"footnotes":""},"categories":[5],"tags":[96260,43675,970,65841],"class_list":["post-557694","post","type-post","status-publish","format-standard","has-post-thumbnail","hentry","category-estado-de-mexico","tag-aliancista","tag-estado-de-mexico","tag-naucalpan","tag-salario-rosa"],"_links":{"self":[{"href":"https:\/\/www.diarioimagen.net\/index.php?rest_route=\/wp\/v2\/posts\/557694","targetHints":{"allow":["GET"]}}],"collection":[{"href":"https:\/\/www.diarioimagen.net\/index.php?rest_route=\/wp\/v2\/posts"}],"about":[{"href":"https:\/\/www.diarioimagen.net\/index.php?rest_route=\/wp\/v2\/types\/post"}],"author":[{"embeddable":true,"href":"https:\/\/www.diarioimagen.net\/index.php?rest_route=\/wp\/v2\/users\/3"}],"replies":[{"embeddable":true,"href":"https:\/\/www.diarioimagen.net\/index.php?rest_route=%2Fwp%2Fv2%2Fcomments&post=557694"}],"version-history":[{"count":0,"href":"https:\/\/www.diarioimagen.net\/index.php?rest_route=\/wp\/v2\/posts\/557694\/revisions"}],"wp:featuredmedia":[{"embeddable":true,"href":"https:\/\/www.diarioimagen.net\/index.php?rest_route=\/wp\/v2\/media\/557750"}],"wp:attachment":[{"href":"https:\/\/www.diarioimagen.net\/index.php?rest_route=%2Fwp%2Fv2%2Fmedia&parent=557694"}],"wp:term":[{"taxonomy":"category","embeddable":true,"href":"https:\/\/www.diarioimagen.net\/index.php?rest_route=%2Fwp%2Fv2%2Fcategories&post=557694"},{"taxonomy":"post_tag","embeddable":true,"href":"https:\/\/www.diarioimagen.net\/index.php?rest_route=%2Fwp%2Fv2%2Ftags&post=557694"}],"curies":[{"name":"wp","href":"https:\/\/api.w.org\/{rel}","templated":true}]}}