{"id":557711,"date":"2022-08-25T00:03:11","date_gmt":"2022-08-25T05:03:11","guid":{"rendered":"https:\/\/www.diarioimagen.net\/?p=557711"},"modified":"2022-08-25T02:22:26","modified_gmt":"2022-08-25T07:22:26","slug":"otra-vez-ortega-contra-iglesia-y-prensa","status":"publish","type":"post","link":"https:\/\/www.diarioimagen.net\/?p=557711","title":{"rendered":"Otra vez, Ortega contra Iglesia y prensa"},"content":{"rendered":"<h2>Espacio Electoral<\/h2>\n<h5>Eleazar Flores<\/h5>\n<p>&nbsp;<\/p>\n<p><strong>SIEMPRE BELICISTA-.<\/strong> En tiempos preelectorales encarcel\u00f3 a candidatos y aspirantes con posibilidades de ganarle, ahora fuera de tiempo comicial, el presidente nicarag\u00fcense Daniel Ortega Saavedra se lanza contra la Iglesia cat\u00f3lica y medios de comunicaci\u00f3n, igual que ya sabe qui\u00e9n.<\/p>\n<p>La \u00faltima gracia del vetusto mandatario, que con breves par\u00e9ntesis \u201cgobierna\u201d su pa\u00eds desde 1979 a la fecha, es expropiar el casi centenario peri\u00f3dico <em>La Prensa<\/em>, propiedad de la legendaria familia Chamorro, opositor contumaz al gobierno del hoy dictador y antes guerrillero.<\/p>\n<p>Recuerde que Ortega surge como producto de la inconformidad del prolongado cacicazgo de Anastasio Somoza, cuyo r\u00e9gimen hab\u00eda provocado la pobreza popular, todo esto en la cuarta parte del siglo XX.<\/p>\n<p>Producto de esa inconformidad surgieron liderazgos guerrilleros como el del casi olvidado <em>Comandante Cero<\/em>, cabeza del grupo al que se ali\u00f3 el entonces izquierdista revolucionario Daniel Ortega, a quien ya en el poder, le gust\u00f3 tanto, que propuso, orden\u00f3 y consigui\u00f3 modificar las leyes de su pa\u00eds para permitirle tantas reelecciones, que en la tercera d\u00e9cada del siglo XXI sigue muy campante.<\/p>\n<p>La patria y los paisanos del cardenal poeta Ernesto Cardenal y tambi\u00e9n del literato opositor Jos\u00e9 Coronel Urtecho, siguen sufriendo hambre no obstante el \u201csacrificio\u201d de Daniel Ortega por servir a los suyos, no obstante que es opini\u00f3n mayoritaria adversa a \u00e9l, coincidente con la internacional de muchos pa\u00edses, exceptuando a Cuba, Venezuela, Bolivia y M\u00e9xico\u2026 quien lo dijera.<\/p>\n<p><strong>INVASI\u00d3N-EXPROPIACI\u00d3N-.<\/strong> Para tapar el ojo macho \u2014como dicen en mi pueblo\u2014, el gobierno de Ortega expropi\u00f3 e invadi\u00f3 las instalaciones del casi centenario peri\u00f3dico nicarag\u00fcense \u00a0<em>La Prensa<\/em>, convirti\u00e9ndolo en autom\u00e1tico en casa cultural o algo as\u00ed, poni\u00e9ndole el nombre de otro intelectual revolucionario, el poeta Jos\u00e9 Coronel Urtecho, sin autorizaci\u00f3n de \u00e9ste.<\/p>\n<p>\u201cNuestra arma ha sido la verdad\u201d, declar\u00f3 la se\u00f1ora Ana Chamorro de Hollmann, due\u00f1a del medio confiscado, tan pronto supo la decisi\u00f3n del gobierno de Daniel Ortega de expropiar tan importante medio de comunicaci\u00f3n y uno de los pocos que hab\u00edan sobrevivido a tantas acciones gubernamentales divergentes al quehacer oficial, casi siempre triunfalista.<\/p>\n<p>Se recuerda tambi\u00e9n que hace poco el mismo gobierno orteguista emprendi\u00f3 una caza injustificada en contra de algunos ministros religiosos, llegando a encarcelar a algunos de ellos, bajo argumentos inconsistentes como opiniones anti gubernamentales pues si de eso se trata las c\u00e1rceles del pa\u00eds nicarag\u00fcense resultar\u00edan insuficientes.<\/p>\n<p>Como ver\u00e1, coincidencia o pura casualidad, lo cierto es que pa\u00edses hermanos con reg\u00edmenes intocables para el actual gobierno de M\u00e9xico -no el pueblo que quede claro-, tienen inclinaciones semejantes de fobia contra la prensa cr\u00edtica y algunos representantes de la Iglesia cat\u00f3lica.<\/p>\n<p>\u00bfAfinidad o qu\u00e9?<\/p>\n<p><em><a href=\"mailto:elefa44@gmail.com\" target=\"_blank\" rel=\"noopener noreferrer\">elefa44@gmail.com<\/a><\/em><\/p>\n","protected":false},"excerpt":{"rendered":"<p><span style=\"color: #005497;\"><strong>Eleazar Flores<\/strong><\/span><\/p>\n","protected":false},"author":3,"featured_media":0,"comment_status":"open","ping_status":"open","sticky":false,"template":"","format":"standard","meta":{"_monsterinsights_skip_tracking":false,"_monsterinsights_sitenote_active":false,"_monsterinsights_sitenote_note":"","_monsterinsights_sitenote_category":0,"footnotes":""},"categories":[81743],"tags":[81744,81776,43674],"class_list":["post-557711","post","type-post","status-publish","format-standard","hentry","category-eleazar-flores","tag-eleazar-flores","tag-espacio-electoral","tag-opinion"],"_links":{"self":[{"href":"https:\/\/www.diarioimagen.net\/index.php?rest_route=\/wp\/v2\/posts\/557711","targetHints":{"allow":["GET"]}}],"collection":[{"href":"https:\/\/www.diarioimagen.net\/index.php?rest_route=\/wp\/v2\/posts"}],"about":[{"href":"https:\/\/www.diarioimagen.net\/index.php?rest_route=\/wp\/v2\/types\/post"}],"author":[{"embeddable":true,"href":"https:\/\/www.diarioimagen.net\/index.php?rest_route=\/wp\/v2\/users\/3"}],"replies":[{"embeddable":true,"href":"https:\/\/www.diarioimagen.net\/index.php?rest_route=%2Fwp%2Fv2%2Fcomments&post=557711"}],"version-history":[{"count":0,"href":"https:\/\/www.diarioimagen.net\/index.php?rest_route=\/wp\/v2\/posts\/557711\/revisions"}],"wp:attachment":[{"href":"https:\/\/www.diarioimagen.net\/index.php?rest_route=%2Fwp%2Fv2%2Fmedia&parent=557711"}],"wp:term":[{"taxonomy":"category","embeddable":true,"href":"https:\/\/www.diarioimagen.net\/index.php?rest_route=%2Fwp%2Fv2%2Fcategories&post=557711"},{"taxonomy":"post_tag","embeddable":true,"href":"https:\/\/www.diarioimagen.net\/index.php?rest_route=%2Fwp%2Fv2%2Ftags&post=557711"}],"curies":[{"name":"wp","href":"https:\/\/api.w.org\/{rel}","templated":true}]}}