{"id":557714,"date":"2022-08-25T00:10:53","date_gmt":"2022-08-25T05:10:53","guid":{"rendered":"https:\/\/www.diarioimagen.net\/?p=557714"},"modified":"2022-08-25T02:24:20","modified_gmt":"2022-08-25T07:24:20","slug":"agresion-peligrosa-al-ejercito","status":"publish","type":"post","link":"https:\/\/www.diarioimagen.net\/?p=557714","title":{"rendered":"Agresi\u00f3n peligrosa al Ej\u00e9rcito"},"content":{"rendered":"<h2>Triple Erre<\/h2>\n<h5>Francisco Reynoso<\/h5>\n<p>&nbsp;<\/p>\n<ul>\n<li><strong><em>Jes\u00fas Murillo, un chivo expiatorio para los leones<\/em><\/strong><\/li>\n<\/ul>\n<p>&nbsp;<\/p>\n<p>Con el Ej\u00e9rcito, vale m\u00e1s que L\u00f3pez Obrador se ande con mucho cuidado.<\/p>\n<p>Dif\u00edcilmente, el general secretario de la Defensa Nacional, Luis CresencIo Sandoval, su Estado Mayor y la pl\u00e9yade de generales en retiro, pero muy activos en la vida del Ej\u00e9rcito mexicano, aceptar\u00e1n el papel de villanos en el caso de Ayotzinapa.<\/p>\n<p>Y Alejandro Encinas, subsecretario de Derechos Humanos de la Secretar\u00eda de Gobernaci\u00f3n, en una ma\u00f1anera, con L\u00f3pez Obrador como testigo mudo, le dej\u00f3 caer la tranca al Ej\u00e9rcito mexicano.<\/p>\n<p>Altos mandos y tropas fueron negligentes, omisos y en algunos aspectos c\u00f3mplices.<\/p>\n<p>\u00a1Tengan para que aprendan!<\/p>\n<p>Existen versiones de que el general secretario Sandoval brinc\u00f3 de la silla indignado. Y como estaba en su oficina, mand\u00f3 a la tiznada a gritos a Encinas y compa\u00f1\u00eda.<\/p>\n<p>L\u00f3pez Obrador le ha dado poder pol\u00edtico y riqueza al Ej\u00e9rcito; dinero a manos llenas a los generales activos y en receso. Con todo y eso, no aceptar\u00e1n calladamente que se coloque al Ej\u00e9rcito en el papel de asesino de estudiantes, como en 1968.<\/p>\n<p>As\u00ed que L\u00f3pez Obrador debe medirle el agua a los camotes. Con la Iglesia cat\u00f3lica se puso muy sabroso. Calific\u00f3 de hip\u00f3critas a curas y obispos. Y los convoc\u00f3 a que imiten al papa Francisco para que no los manipule el imperialismo con el que est\u00e1n muy arreglados.<\/p>\n<p>Con los militares es otro cantar. Debe andarse muy derechito y cuadrarse ante los que tienen el poder.<\/p>\n<p style=\"text-align: center;\"><strong>Inmorales, Encinas y Gertz<\/strong><\/p>\n<p>Arturo Nahle Garc\u00eda es un pol\u00edtico de larga trayectoria y experiencia. Es abogado y en Zacatecas es presidente del Tribunal Superior de Justicia. Es hermano de Roc\u00edo Nahle, secretaria de Energ\u00eda.<\/p>\n<p>Y es amigo, compadre y colaborador de muchos a\u00f1os de Jes\u00fas Murillo Karam.<\/p>\n<p>A juicio de Arturo Nahle, detr\u00e1s de la acusaci\u00f3n de desaparici\u00f3n forzada contra Murillo Karam y de su aprehensi\u00f3n el lunes pasado, est\u00e1n dos funcionarios mediocres, sin credibilidad ni moralidad: Alejandro Encinas y Alejandro Gertz Manero.<\/p>\n<p>\u00bfPor qu\u00e9 acusan a Murillo de construir una verdad hist\u00f3rica mentirosa?<\/p>\n<p>Desde la \u00f3ptica de Nahle para justificar al gobierno de L\u00f3pez Obrador ante los padres de los 43 estudiantes desaparecidos. Al inicio del sexenio se les prometi\u00f3 encontrar la verdad; una verdad que les gustara y los dejara satisfechos. Y como no se ha podido construir esa nueva verdad, se echan encima del ex procurador de la Rep\u00fablica que present\u00f3 la \u201cverdad hist\u00f3rica\u201d y que nunca le gust\u00f3 a los padres de los estudiantes. Ni a la Comisi\u00f3n Interamericana de Derechos Humanos.<\/p>\n<p>Nahle Garc\u00eda sostiene que acusar de desaparici\u00f3n forzada a Murillo Karam es de risa. Es francamente rid\u00edculo.<\/p>\n<p>Y si el Poder Judicial de la Federaci\u00f3n tiene autonom\u00eda y rectitud, el mi\u00e9rcoles pr\u00f3ximo Murillo regresar\u00e1 a su casa, exonerado de los cargos que se le imputan.<\/p>\n<p>El art\u00edculo 166 del C\u00f3digo Penal consigna que una persona mayor de 70 a\u00f1os \u2014Murillo tiene 74\u2014 y con enfermedades cr\u00f3nicas deber\u00e1 enfrentar los procesos en prisi\u00f3n domiciliaria.<\/p>\n<p>Murillo no se acoger\u00e1 a ese precepto; saldr\u00e1 exonerada, insiste Nahle Garc\u00eda.<\/p>\n<p style=\"text-align: center;\"><strong>Un chivo para los leones<\/strong><\/p>\n<p>\u00bfPor qu\u00e9 se acusa a Jes\u00fas Murillo de desaparici\u00f3n forzada y de construir una verdad hist\u00f3rica mentirosa?<\/p>\n<p>Por la simple raz\u00f3n de que nunca se encontrar\u00e1 vivos a los 43 normalistas de Ayotzinapa \u2014a 40 porque la muerte de tres de ellos ya est\u00e1 comprobada cient\u00edficamente\u2014. Ni tampoco se podr\u00e1 cumplir el compromiso que hizo L\u00f3pez Obrador con los padres de los estudiantes de encontrar a estos y a los culpables de su desaparici\u00f3n.<\/p>\n<p>La verdad hist\u00f3rica que present\u00f3 Murillo Karam est\u00e1 construida con las declaraciones de 57 normalistas de Ayotzinapa que sobrevivieron aquella noche tr\u00e1gica de 2014 en Iguala, Guerrero; con las declaraciones de polic\u00edas de Cocula, de empleados de la l\u00ednea de camiones a la que los normalistas les secuestraron cinco unidades; de testigos presenciales de los hechos y de 142 detenidos de la organizaci\u00f3n Guerreros Unidos que confesaron que los normalistas fueron asesinados, quemados en el tiradero de Cocula y sus cenizas esparcidas en el r\u00edo San Juan.<\/p>\n<p>Toda ese gente, con sus testimonios y con las investigaciones, peritajes y videos de c\u00e1maras se construy\u00f3 la verdad hist\u00f3rica que ahora dicen invent\u00f3 Murillo Karam.<\/p>\n<p>Queda claro que con lo que hace el gobierno de L\u00f3pez Obrador se pretende proteger a quienes fueron los criminales que secuestraron y ultimaron a los normalistas.<\/p>\n<p>Se les quiere proteger porque, como todos los criminales, ahora dicen que sus testimonios fueron arrancados con torturas.<\/p>\n<p>Pero suponiendo que as\u00ed haya sido, no se acreditan los cargos a Murillo Karam porque, como procurador de la Rep\u00fablica \u2014el caso Ayotzinapa lo tuvo menos de dos a\u00f1os y Gertz Manero lo ha tenido cuatro a\u00f1os\u2014 no orden\u00f3 el secuestro de los estudiantes y menos que los mataran e incineraran.<\/p>\n<p>As\u00ed pues, el gobierno de L\u00f3pez Obrador quiere un chivo expiatorio. Pero no cualquier chivo. Quiere un chivo grande para ech\u00e1rselo a los leones \u2014los padres de los normalistas desaparecidos\u2014 para que sacien su sed de venganza y ma\u00f1ana no endurezcan sus gritos, reclamos e injurias contra L\u00f3pez Obrador.<\/p>\n<p>&nbsp;<\/p>\n<blockquote>\n<p style=\"text-align: right;\"><em><strong>La verdad es la verdad<br \/>\ny no admite otros datos<\/strong><\/em><\/p>\n<\/blockquote>\n<p>&nbsp;<\/p>\n<p><a href=\"mailto:donrunrun@yahoo.es\" target=\"_blank\" rel=\"noopener\"><em>donrunrun@yahoo.es<\/em><\/a><\/p>\n","protected":false},"excerpt":{"rendered":"<p><span style=\"color: #005497;\"><strong>Francisco Reynoso<\/strong><\/span><\/p>\n","protected":false},"author":3,"featured_media":0,"comment_status":"open","ping_status":"open","sticky":false,"template":"","format":"standard","meta":{"_monsterinsights_skip_tracking":false,"_monsterinsights_sitenote_active":false,"_monsterinsights_sitenote_note":"","_monsterinsights_sitenote_category":0,"footnotes":""},"categories":[94855],"tags":[94857,43674,94856],"class_list":["post-557714","post","type-post","status-publish","format-standard","hentry","category-francisco-reynoso","tag-francisco-reynoso","tag-opinion","tag-triple-erre"],"_links":{"self":[{"href":"https:\/\/www.diarioimagen.net\/index.php?rest_route=\/wp\/v2\/posts\/557714","targetHints":{"allow":["GET"]}}],"collection":[{"href":"https:\/\/www.diarioimagen.net\/index.php?rest_route=\/wp\/v2\/posts"}],"about":[{"href":"https:\/\/www.diarioimagen.net\/index.php?rest_route=\/wp\/v2\/types\/post"}],"author":[{"embeddable":true,"href":"https:\/\/www.diarioimagen.net\/index.php?rest_route=\/wp\/v2\/users\/3"}],"replies":[{"embeddable":true,"href":"https:\/\/www.diarioimagen.net\/index.php?rest_route=%2Fwp%2Fv2%2Fcomments&post=557714"}],"version-history":[{"count":0,"href":"https:\/\/www.diarioimagen.net\/index.php?rest_route=\/wp\/v2\/posts\/557714\/revisions"}],"wp:attachment":[{"href":"https:\/\/www.diarioimagen.net\/index.php?rest_route=%2Fwp%2Fv2%2Fmedia&parent=557714"}],"wp:term":[{"taxonomy":"category","embeddable":true,"href":"https:\/\/www.diarioimagen.net\/index.php?rest_route=%2Fwp%2Fv2%2Fcategories&post=557714"},{"taxonomy":"post_tag","embeddable":true,"href":"https:\/\/www.diarioimagen.net\/index.php?rest_route=%2Fwp%2Fv2%2Ftags&post=557714"}],"curies":[{"name":"wp","href":"https:\/\/api.w.org\/{rel}","templated":true}]}}