{"id":557721,"date":"2022-08-25T00:07:36","date_gmt":"2022-08-25T05:07:36","guid":{"rendered":"https:\/\/www.diarioimagen.net\/?p=557721"},"modified":"2022-08-25T02:29:06","modified_gmt":"2022-08-25T07:29:06","slug":"conclusiones-de-la-comision-de-la-verdad-generan-mas-dudas-que-certezas","status":"publish","type":"post","link":"https:\/\/www.diarioimagen.net\/?p=557721","title":{"rendered":"Conclusiones de la Comisi\u00f3n de la Verdad generan m\u00e1s dudas que certezas"},"content":{"rendered":"<h2>Clase Pol\u00edtica<\/h2>\n<h5>Miguel \u00c1ngel Rivera<strong>\u00a0<\/strong><\/h5>\n<p>&nbsp;<\/p>\n<p>As\u00ed como se inici\u00f3 y como continu\u00f3 durante todo el receso legislativo, la Comisi\u00f3n Permanente del Congreso de la Uni\u00f3n lleg\u00f3 ayer a su fin, entre intensa pol\u00e9mica entre el oficialismo y la oposici\u00f3n.<\/p>\n<p>Esta vez el tema central de desacuerdo fue el reciente informe de la Comisi\u00f3n de la Verdad acerca de los graves sucesos de la noche del 26 al 27 de septiembre de 2014 en Iguala, cuando fueron secuestrados y desaparecidos 43 alumnos de la normal rural de Ayotzinapa.<\/p>\n<p>Como se sabe, a partir de ese informe, la incondicional Fiscal\u00eda General de la Rep\u00fablica, consign\u00f3 penalmente al ex titular de la desaparecida Procuradur\u00eda General de la Rep\u00fablica (PGR, ahora FGR) Jes\u00fas Murillo Karam y pidi\u00f3 \u00f3rdenes de aprehensi\u00f3n contra otras 80 personas.<\/p>\n<p>El bloque oficialista, integrado por Morena y sus r\u00e9moras del PT y PVEM, presumieron ese informe y consignaciones como un gran logro de\u00a0la llamada Cuarta Transformaci\u00f3n, sobre todo por la conclusi\u00f3n de que fue un crimen de Estado, lo cual dan m\u00e1s elementos al gobierno del presidente\u00a0Andr\u00e9s Manuel L\u00f3pez Obrador para se\u00f1alar la corrupci\u00f3n de los anteriores gobiernos \u201cconservadores\u201d y \u201cneoliberales\u201d, en particular el encabezado por Enrique Pe\u00f1a Nieto, quien a pesar de todo no ha sido inculpado, as\u00ed como tampoco los altos mandos de las secretar\u00edas de la Defensa y de Marina, a pesar de que una veintena de sus subordinados est\u00e1n en la relaci\u00f3n de inculpados del \u201ccrimen de Estado\u201d.<\/p>\n<p>Por el contrario, los legisladores del frente de oposici\u00f3n, integrado por las bancadas del PAN, PRI y PRD, destacan que las conclusiones de la mencionada Comisi\u00f3n de la Verdad aportan poco acerca de la forma como ocurri\u00f3 el secuestro y asesinato de los normalistas y, en cambio, se centran en las averiguaciones posteriores, acerca de supuestas torturas y otras irregularidades en las pesquisas, por las cuales ya est\u00e1n libres muchos de los acusados originalmente por la privaci\u00f3n de la libertad de los j\u00f3venes y, eventualmente, por su homicidio y posterior \u201cdesaparici\u00f3n\u201d.<\/p>\n<p>Como remate, los elementos de la oposici\u00f3n dicen que las denuncias contra el ex procurador Murillo Karam y el resto de los acusados no cumple con el prop\u00f3sito de hacer justicia, sino solamente para dar elementos para la cotidiana propaganda de\u00a0la llamada Cuarta Transformaci\u00f3n, que tiene como punto culminante la \u201cma\u00f1anera\u201d presidencial.<\/p>\n<p style=\"text-align: center;\"><strong>Una voz supuestamente imparcial se escuch\u00f3 en la Permanente<\/strong><\/p>\n<p>Ante estas posiciones irreconciliables, conviene citar los comentarios del senador independiente Emilio \u00c1lvarez Icaza, quien est\u00e1 al margen de posiciones partidistas y tiene como prop\u00f3sito central la defensa de los derechos humanos, actitud que lo llev\u00f3 a ser presidente de la comisi\u00f3n en la materia en el entonces Distrito Federal y hasta secretario general a nivel Interamericano.<\/p>\n<p>\u201cEl informe presentado el jueves es una buena demostraci\u00f3n por qu\u00e9 una Comisi\u00f3n de la Verdad no debe ser gubernamental&#8230; lo que vimos el jueves es justo la pr\u00e1ctica institucional contraria, un servidor p\u00fablico de gobierno que esencialmente presenta la versi\u00f3n del gobierno, dijo \u00c1lvarez Icaza, quien agreg\u00f3:<\/p>\n<p>\u201cEsa metodolog\u00eda tiene por contraste lo que ha pasado en Colombia o en Per\u00fa donde son personalidades de reconocido prestigio social y no gubernamental y lo que vimos en esencia es el montaje de una construcci\u00f3n de una nueva verdad oficial.<\/p>\n<p>\u201cHay as\u00ed, incluso a observarlo, ya hay hoy d\u00eda una serie de se\u00f1alamientos de otros integrantes de la Comisi\u00f3n de la Verdad que han se\u00f1alado no haber conocido previamente esa informaci\u00f3n, lo han se\u00f1alado as\u00ed, por ejemplo, los padres; lo han se\u00f1alado as\u00ed las organizaciones sociales y civiles que forman parte de esta Comisi\u00f3n de la Verdad.<\/p>\n<p>\u201cEl jueves, en Palacio Nacional, s\u00f3lo estuvo el presidente (L\u00f3pez Obrador) con el subsecretario de Gobernaci\u00f3n, y que, por supuesto, no despeja duda alguna que recibe instrucciones para poder ejecutar esta presentaci\u00f3n. Eso lejos de ayudar a esclarecer el derecho a la verdad y a la justicia genera, por supuesto, nuevas dudas fundadas sobre lo que ah\u00ed se present\u00f3, indic\u00f3 el luchador por los derechos humanos.<\/p>\n<p>Agreg\u00f3 que \u201cla segunda observaci\u00f3n y muy de fondo tiene que ver con contravenir un principio b\u00e1sico del derecho internacional de los derechos humanos que se refiere a los casos en materia de desaparici\u00f3n forzada de personas.<\/p>\n<p>\u201cEl principio internacional que se conoce en estos casos se llama la b\u00fasqueda bajo la presunci\u00f3n de vida. Ese es el principio b\u00e1sico que rige el trabajo del Estado en materia de desaparici\u00f3n forzada de personas.<\/p>\n<p>\u201cLo que se nos inform\u00f3 es que los estudiantes fueron arteramente ultimados. Eso es un sin\u00f3nimo de haber sido asesinados que contraviene justamente todos los est\u00e1ndares internacionales en materia de la b\u00fasqueda de personas bajo la hip\u00f3tesis de desaparici\u00f3n forzada de personas. Es, por supuesto, un principio que contraviene lo que se conoce como el derecho a la verdad.<\/p>\n<p>\u201cTercero, me parece muy importante subrayar que en trat\u00e1ndose de un crimen de Estado, como se ha subrayado, cosa que no es nueva, por cierto, tendr\u00eda entonces que actuarse en consecuencia, tendr\u00eda que conocerse de los dem\u00e1s niveles de responsabilidad.<\/p>\n<p>\u201cPor ejemplo, quien es hoy secretario almirante, era jefe de la Zona Naval en Acapulco. Sabemos que Tom\u00e1s Zer\u00f3n actu\u00f3 con marinos, por ejemplo, para sembrar evidencias, o al menos as\u00ed se ha presumido.<\/p>\n<p>\u201c\u00bfC\u00f3mo as\u00ed que Ojeda no supo? \u00bfC\u00f3mo as\u00ed que el hoy secretario de la Marina no estuvo enterado? Eso, perd\u00f3n, no es veros\u00edmil, ni cre\u00edble.<\/p>\n<p>\u201c\u00bfC\u00f3mo as\u00ed que el general Cienfuegos (el entonces secretario de la Defensa) no se enter\u00f3? Cuando sabemos ya desde el 2019, por trabajo period\u00edstico, que hab\u00eda un militar infiltrado. \u00bfC\u00f3mo as\u00ed que Cienfuegos no se enter\u00f3? No es veros\u00edmil.<\/p>\n<p>\u201cSi hay un crimen de Estado, por supuesto que se tiene que llegar a la responsabilidad que refiere a la participaci\u00f3n de las Fuerzas Armadas, con la evidencia cierta que hoy el secretario de Marina estuvo enterado, el anterior secretario de la Defensa estuvo enterado y, por supuesto, el Presidente. Al contrario, pareciere que vamos a un escenario donde hay nuevos intocables y gente que no se toca por un pacto de impunidad\u201d, remat\u00f3 el senador independiente.<\/p>\n<p style=\"text-align: center;\"><strong>Una cosa es denunciar y otra comprobar supuestos delitos<\/strong><\/p>\n<p>Este principio qued\u00f3 en evidencia durante la presentaci\u00f3n de Murillo Karam, a pesar de que el juez de cargo lo vincul\u00f3 a proceso por supuestos delitos contra la administraci\u00f3n de justicia; tortura y desaparici\u00f3n forzada (reclasificado con base en el C\u00f3digo Penal Federal).<\/p>\n<p>A la hora de escribir estos comentarios, todav\u00eda estaba en marcha la audiencia judicial, pero con anterioridad, los abogados defensores del ex procurador sostuvieron que\u00a0no hay una sola v\u00edctima, testigo o documento que se\u00f1ale la presunta responsabilidad del ex funcionario por el caso de la desaparici\u00f3n de los 43 normalistas de Ayotzinapa.<\/p>\n<p>\u201cNo hay un s\u00f3lo indicio razonable para vincularlo a proceso\u201d, enfatiz\u00f3 su defensa legal durante su argumentaci\u00f3n en la audiencia en que se definir\u00e1 si es vinculado a proceso. Adem\u00e1s, los abogados del ex titular de la PGR acusaron al Ministerio P\u00fablico de la Federaci\u00f3n de \u201cdescontextualizar\u201d frases de conferencias de prensa para acusar a Murillo Karam.<\/p>\n<p>En esencia, se mantiene la presunci\u00f3n de que todas las denuncias contra Murillo se basan en declaraciones de testigos protegidos, pero no hay pruebas contundentes, por lo que se mantienen las presunciones de que se trata de un preso pol\u00edtico.<\/p>\n<p>Tambi\u00e9n prevalece el supuesto de que la consignaci\u00f3n del ex procurador y los otros acusados es un elemento de distracci\u00f3n del gobierno del presidente L\u00f3pez Obrador, para hacer que se olviden otros problemas de la vida nacional.<\/p>\n<p>Para desgracia de\u00a0la llamada Cuarta Transformaci\u00f3n, ayer mismo se supo que la inflaci\u00f3n durante la primera quincena de este mes de agosto lleg\u00f3 a\u00a08.62 por ciento, la m\u00e1s alta en 22 a\u00f1os, pues super\u00f3\u00a0la del\u00a0mes de julio, cuando se registr\u00f3 una inflaci\u00f3n de 8.15% interanual, todo de acuerdo con cifras del Instituto Nacional de Estad\u00edstica y Geograf\u00eda (Inegi).<\/p>\n<p>El organismo no puede ser acusado de parcial contra el gobierno, pue lo dirige la ex secretaria de Econom\u00eda Graciela M\u00e1rquez Col\u00edn, quien fue propuesta para el cargo por el presidente L\u00f3pez Obrador, pero como se aprecia ejerce su autonom\u00eda al analizar los indicadores econ\u00f3micos.<\/p>\n<p><em><a href=\"mailto:riparcangel@hotmail.com\" target=\"_blank\" rel=\"noopener noreferrer\">riparcangel@hotmail.com<\/a><\/em><\/p>\n","protected":false},"excerpt":{"rendered":"<p><span style=\"color: #005497;\"><strong>Miguel \u00c1ngel Rivera<\/strong><\/span<\/span><\/p>\n","protected":false},"author":3,"featured_media":0,"comment_status":"open","ping_status":"open","sticky":false,"template":"","format":"standard","meta":{"_monsterinsights_skip_tracking":false,"_monsterinsights_sitenote_active":false,"_monsterinsights_sitenote_note":"","_monsterinsights_sitenote_category":0,"footnotes":""},"categories":[84119],"tags":[84120,84121,43674],"class_list":["post-557721","post","type-post","status-publish","format-standard","hentry","category-miguel-angel-rivera","tag-clase-politica","tag-miguel-angel-rivera","tag-opinion"],"_links":{"self":[{"href":"https:\/\/www.diarioimagen.net\/index.php?rest_route=\/wp\/v2\/posts\/557721","targetHints":{"allow":["GET"]}}],"collection":[{"href":"https:\/\/www.diarioimagen.net\/index.php?rest_route=\/wp\/v2\/posts"}],"about":[{"href":"https:\/\/www.diarioimagen.net\/index.php?rest_route=\/wp\/v2\/types\/post"}],"author":[{"embeddable":true,"href":"https:\/\/www.diarioimagen.net\/index.php?rest_route=\/wp\/v2\/users\/3"}],"replies":[{"embeddable":true,"href":"https:\/\/www.diarioimagen.net\/index.php?rest_route=%2Fwp%2Fv2%2Fcomments&post=557721"}],"version-history":[{"count":0,"href":"https:\/\/www.diarioimagen.net\/index.php?rest_route=\/wp\/v2\/posts\/557721\/revisions"}],"wp:attachment":[{"href":"https:\/\/www.diarioimagen.net\/index.php?rest_route=%2Fwp%2Fv2%2Fmedia&parent=557721"}],"wp:term":[{"taxonomy":"category","embeddable":true,"href":"https:\/\/www.diarioimagen.net\/index.php?rest_route=%2Fwp%2Fv2%2Fcategories&post=557721"},{"taxonomy":"post_tag","embeddable":true,"href":"https:\/\/www.diarioimagen.net\/index.php?rest_route=%2Fwp%2Fv2%2Ftags&post=557721"}],"curies":[{"name":"wp","href":"https:\/\/api.w.org\/{rel}","templated":true}]}}