{"id":557727,"date":"2022-09-05T00:12:08","date_gmt":"2022-09-05T05:12:08","guid":{"rendered":"https:\/\/www.diarioimagen.net\/?p=557727"},"modified":"2022-09-05T02:49:53","modified_gmt":"2022-09-05T07:49:53","slug":"un-plan-de-desarrollo-turistico-con-influencia-neoliberal-el-de-monreal","status":"publish","type":"post","link":"https:\/\/www.diarioimagen.net\/?p=557727","title":{"rendered":"Un plan de desarrollo tur\u00edstico con influencia neoliberal, el de Monreal"},"content":{"rendered":"<h2>Tras la puerta del poder<\/h2>\n<h5>Roberto Vizca\u00edno<\/h5>\n<p>&nbsp;<\/p>\n<p>El Proyecto de Naci\u00f3n, en su secci\u00f3n de Turismo, del precandidato presidencial<strong> Ricardo Monreal, no se anda por las ramas del populismo de la 4T y, de entrada, prev\u00e9 sustituir a la secretar\u00eda de Turismo <\/strong>por una <strong>Comisi\u00f3n Mexicana de Turismo<\/strong>, que a su vez contar\u00eda con un <strong>Consejo Ejecutivo<\/strong> integrado por empresarios, acad\u00e9micos, grupos financieros y representantes subnacionales que funcionar\u00eda como un <strong>Consejo de Administraci\u00f3n<\/strong>, para generar reciprocidad y compromiso de las partes para garantizar el desarrollo integral del sector.<\/p>\n<p>Presentado ayer por el propio <strong>Ricardo Monreal<\/strong> ante el sector tur\u00edstico de Acapulco, acompa\u00f1ado por una decena de senadores y diputados federales, varios de ellos de otros partidos, el zacatecano insisti\u00f3 en que a pesar del maltrato recibido, de no haber piso parejo, y de ser el precandidato no reconocido en la contienda, \u00e9l continuar\u00e1 adelante con su intenci\u00f3n de ser el Presidente de la Reconciliaci\u00f3n.<\/p>\n<p>Con eso arranca su proyecto tur\u00edstico de 30 puntos que adem\u00e1s contempla la sustituci\u00f3n de <strong>Fonatur<\/strong> por el <strong>Centro de Infraestructura Tur\u00edstica<\/strong> (Cinfratur), que se encargar\u00eda del desarrollo de <strong>nuevos destinos<\/strong> y <strong>una pol\u00edtica de inversi\u00f3n planificada<\/strong>.<\/p>\n<p>Su propuesta contempla igual i<strong>ncrementar la inversi\u00f3n anual en el sector tur\u00edstico por arriba del 1 por ciento<\/strong> del PIB nacional para dar<strong> certidumbre a la inversi\u00f3n privada, tanto nacional como internacional para atraer capitales<\/strong>.<\/p>\n<p><strong>Monreal<\/strong> buscar\u00eda a su vez la creaci\u00f3n de un \u00f3rgano descentralizado de <strong>promoci\u00f3n tur\u00edstica<\/strong> denominado \u201c<strong>Destino M\u00e9xico<\/strong>\u201d, que operar\u00eda como el motor para el crecimiento del ramo y como coordinador de los esfuerzos de los estados dentro de una verdadera estrategia de atracci\u00f3n de mercados, asumiendo la rector\u00eda de creaci\u00f3n de contenido digital, impreso, filmogr\u00e1fico, televisivo, editorial, muse\u00edstico, entre muchos otros canales para articular un mensaje consistente de la imagen del pa\u00eds en el mundo. <strong>Destino M\u00e9xico, <\/strong>dijo, se fondear\u00eda con el 60% del actual DNI, mismo que ser\u00e1 revisado para equipararlo al cobro en otros pa\u00edses, permitiendo una mayor recaudaci\u00f3n, etiquetada para Destino M\u00e9xico y el INM.<\/p>\n<p>Bajo su mandato, el Estado mexicano otorgar\u00eda certidumbre a las inversiones en ese y los otros sectores. Esta certidumbre y el buen uso de los recursos p\u00fablicos <strong>no se explica sin la participaci\u00f3n de los empresarios y prestadores de servicios tur\u00edsticos<\/strong>.<\/p>\n<p>Esa certidumbre estar\u00eda, dijo, acompa\u00f1ada por la armon\u00eda y paz social v\u00eda la aplicaci\u00f3n de una estrategia de seguridad p\u00fablica que erradique la violencia del crimen organizado de los centros tur\u00edsticos. Tres son, agreg\u00f3, las condiciones b\u00e1sicas de cualquier destino tur\u00edstico: seguridad, infraestructura y servicios de calidad. Para ello habr\u00e1 que desarrollar e incrementar la presencia de la polic\u00eda tur\u00edstica a fin de generar entornos seguros para visitantes y habitantes de nuestros destinos tur\u00edsticos nacionales, con plena coordinaci\u00f3n con la Guardia Nacional.<\/p>\n<p>Ser\u00eda, adem\u00e1s, necesaria la inversi\u00f3n en grandes obras de infraestructura urbana y de servicios en los polos tur\u00edsticos para facilitar el acceso a destinos emergentes y mantener la competitividad de los destinos tur\u00edsticos consolidados. Para ello deber\u00e1 haber un programa sostenido de inversi\u00f3n en obras y servicios p\u00fablicos de calidad y coordinaci\u00f3n adecuada con SCT, SHCP y Econom\u00eda.<\/p>\n<p>Se debe, asimismo, apostar al desarrollo de un nuevo polo tur\u00edstico del nivel de Acapulco, Canc\u00fan, Riviera Maya, Los Cabos, entre otros, y la modernizaci\u00f3n de estos. No se puede permitir que las joyas tur\u00edsticas envejezcan; que guarden su esencia, s\u00ed, pero envejecer jam\u00e1s.<\/p>\n<p>Se impulsar\u00eda la construcci\u00f3n, y operaci\u00f3n de nuevos recintos feriales en la Ciudad de M\u00e9xico en la zona centro y plazas como Manzanillo, Coatzacoalcos, Huatulco, Ensenada o en otros destinos que lo requieran.<\/p>\n<p>En materia de seguridad, dice, es <strong>necesario el fortalecimiento de la Guardia Nacional<\/strong> y analizar la viabilidad de <strong>crear una Polic\u00eda Tur\u00edstica<\/strong> a nivel federal que tenga como principal prop\u00f3sito <strong>generar entornos seguros para visitantes y habitantes de municipios como Acapulco<\/strong>.<\/p>\n<p>Todo eso estar\u00eda vinculado a una mejor\u00eda de los servicios migratorios y consulares, especialmente combatiendo la corrupci\u00f3n y el abuso de poder que puede inhibir las visitas, acortar las estancias y evitar que regresen a nuestro pa\u00eds las y los viajeros internacionales.<\/p>\n<p>Iniciar\u00eda un programa nombrado \u201c<strong>Amiga y amigo viajero<\/strong>\u201d, para <strong>ofrecer paquetes para turistas nacionales y extranjeros<\/strong> que realicen visitas a fin de garantizarles descuentos y otros beneficios que los incentiven a seguir recorriendo M\u00e9xico.<\/p>\n<p>Y para <strong>incentivar al turismo nacional<\/strong>, se trabajar\u00eda en conjunto con los empresarios del turismo y las l\u00edneas a\u00e9reas, en un plan para que en seis a\u00f1os se logre que los <strong>ni\u00f1os y los j\u00f3venes mexicanos viajen por el pa\u00eds<\/strong>.<\/p>\n<p>A fin de garantizar <strong>mejorar los ingresos de la poblaci\u00f3n que depende del turismo<\/strong>, se propone que, a la par que se mejoran los servicios, se implementen programas de capacitaci\u00f3n en el <strong>uso de nuevas tecnolog\u00edas, servicio al cliente, idiomas, entre otras \u00e1reas<\/strong>.<\/p>\n<p>De igual manera, habr\u00eda programas para el <strong>mantenimiento de Parques Naturales<\/strong> que inviten a las y los visitantes a actividades de <strong>reforestaci\u00f3n y otras similares que mejoren nuestro entorno en armon\u00eda con las comunidades locales<\/strong>.<\/p>\n<p>De llevarse a cabo estas acciones, dijo, para el a\u00f1o 2030, al final de su mandato, los ingresos del sector tur\u00edstico crecer\u00edan hasta en un 50 por ciento y se pasar\u00eda de la segunda a la primera fuente de divisas para nuestro pa\u00eds.<\/p>\n<p>Y se generar\u00edan al menos 2 millones de nuevos empleos para lograr un turismo sustentable.<\/p>\n<p>Su proyecto contempla apoyar a quienes invierten en la <strong>creaci\u00f3n de infraestructura<\/strong>, fortalecer el Estado de Derecho para que tengan certeza jur\u00eddica sobre sus inversiones y en cada uno de sus proyectos, as\u00ed como otorgarles facilidades financieras para poder desarrollar sus proyectos.<\/p>\n<p>Junto a todo lo anterior. <strong>Monreal<\/strong> buscar\u00eda <strong>recuperar la categor\u00eda 1 de la seguridad a\u00e9rea para M\u00e9xico y ampliar la infraestructura aeroportuaria a trav\u00e9s de la creaci\u00f3n centros aeroportuarios concesionados al sector privado, <\/strong>para aumentar la conectividad en las zonas donde los estudios t\u00e9cnicos y los requerimientos as\u00ed lo ameriten y permitan.<\/p>\n<p>O sea, un proyecto que dar\u00eda un vuelco al sector tur\u00edstico con una nueva pol\u00edtica en el sector absolutamente neoliberal.<\/p>\n<p>Nada que continuar de la 4T y s\u00ed mucho que rescatar de otros tiempos.<\/p>\n<p><em><a href=\"mailto:rvizcainoa@gmail.com\" target=\"_blank\" rel=\"noopener noreferrer\">vizcainoa@gmail.com<\/a><a href=\"mailto:rvizcainoa@gmail.com\" target=\"_blank\" rel=\"noopener noreferrer\"><br \/>\n<\/a><a href=\"http:\/\/endirecto.mx\" target=\"_blank\" rel=\"noopener noreferrer\">www.endirecto.mx<\/a><a href=\"mailto:rvizcainoa@gmail.com\" target=\"_blank\" rel=\"noopener noreferrer\"><br \/>\n<\/a><a href=\"https:\/\/twitter.com\/_rvizcaino\" target=\"_blank\" rel=\"noopener noreferrer\">@_RVizcaino<\/a><a href=\"mailto:rvizcainoa@gmail.com\" target=\"_blank\" rel=\"noopener noreferrer\"><br \/>\n<\/a><a href=\"https:\/\/www.facebook.com\/rvizcainoa\" target=\"_blank\" rel=\"noopener noreferrer\">facebook.com\/rvizcainoa<\/a><\/em><\/p>\n","protected":false},"excerpt":{"rendered":"<p><span style=\"color: #005497;\"><strong>Roberto Vizca\u00edno<\/strong><\/span><\/p>\n","protected":false},"author":3,"featured_media":0,"comment_status":"open","ping_status":"open","sticky":false,"template":"","format":"standard","meta":{"_monsterinsights_skip_tracking":false,"_monsterinsights_sitenote_active":false,"_monsterinsights_sitenote_note":"","_monsterinsights_sitenote_category":0,"footnotes":""},"categories":[136],"tags":[43674,93,94],"class_list":["post-557727","post","type-post","status-publish","format-standard","hentry","category-roberto-vizcaino-opinion","tag-opinion","tag-roberto-vizcaino","tag-tras-la-puerta-del-poder"],"_links":{"self":[{"href":"https:\/\/www.diarioimagen.net\/index.php?rest_route=\/wp\/v2\/posts\/557727","targetHints":{"allow":["GET"]}}],"collection":[{"href":"https:\/\/www.diarioimagen.net\/index.php?rest_route=\/wp\/v2\/posts"}],"about":[{"href":"https:\/\/www.diarioimagen.net\/index.php?rest_route=\/wp\/v2\/types\/post"}],"author":[{"embeddable":true,"href":"https:\/\/www.diarioimagen.net\/index.php?rest_route=\/wp\/v2\/users\/3"}],"replies":[{"embeddable":true,"href":"https:\/\/www.diarioimagen.net\/index.php?rest_route=%2Fwp%2Fv2%2Fcomments&post=557727"}],"version-history":[{"count":0,"href":"https:\/\/www.diarioimagen.net\/index.php?rest_route=\/wp\/v2\/posts\/557727\/revisions"}],"wp:attachment":[{"href":"https:\/\/www.diarioimagen.net\/index.php?rest_route=%2Fwp%2Fv2%2Fmedia&parent=557727"}],"wp:term":[{"taxonomy":"category","embeddable":true,"href":"https:\/\/www.diarioimagen.net\/index.php?rest_route=%2Fwp%2Fv2%2Fcategories&post=557727"},{"taxonomy":"post_tag","embeddable":true,"href":"https:\/\/www.diarioimagen.net\/index.php?rest_route=%2Fwp%2Fv2%2Ftags&post=557727"}],"curies":[{"name":"wp","href":"https:\/\/api.w.org\/{rel}","templated":true}]}}