{"id":557730,"date":"2022-08-25T00:09:39","date_gmt":"2022-08-25T05:09:39","guid":{"rendered":"https:\/\/www.diarioimagen.net\/?p=557730"},"modified":"2022-08-25T02:35:26","modified_gmt":"2022-08-25T07:35:26","slug":"prision-preventiva-oficiosa-arma-de-dictadores-tropicales","status":"publish","type":"post","link":"https:\/\/www.diarioimagen.net\/?p=557730","title":{"rendered":"Prisi\u00f3n preventiva oficiosa, arma de dictadores tropicales"},"content":{"rendered":"<h2>Poder y dinero<\/h2>\n<h5>V\u00edctor S\u00e1nchez Ba\u00f1os<\/h5>\n<p>&nbsp;<\/p>\n<ul>\n<li><strong><em>AMLO quiere herramientas contra opositores<\/em><\/strong><\/li>\n<li><strong><em>\u00a0\u00bfA qu\u00e9 se prepara el gobierno de la 4T?<\/em><\/strong><\/li>\n<li><strong><em>Y los derechos humanos, se\u00f1ora Piedra<\/em><\/strong><\/li>\n<li><strong><em>C\u00e1rcel no es para \u201cnarcos\u201d, ni delincuentes<\/em><\/strong><\/li>\n<li><strong><em>Ayotzinapa, mismo crimen, diferente gobierno<\/em><\/strong><\/li>\n<li><strong><em>Monte de Piedad y Coppel, apoyo a j\u00f3venes<\/em><\/strong><\/li>\n<\/ul>\n<p>&nbsp;<\/p>\n<p style=\"text-align: right;\"><em>La diferencia entre una democracia y una dictadura consiste en<br \/>\nque en la democracia puedes votar antes de obedecer las \u00f3rdenes<br \/>\n<\/em><strong>Charles Bukowski<\/strong> (1920-1994), escritor estadounidense<\/p>\n<p>&nbsp;<\/p>\n<p>Al inicio del gobierno de Andr\u00e9s Manuel L\u00f3pez Obrador, aunque no estoy de acuerdo con gran parte de su forma de gobernar, pens\u00e9 que gran parte de los principios democr\u00e1ticos de la izquierda latinoamericana, que hab\u00eda sido reprimida por los gobiernos militares y dictaduras civiles de ultraderecha, se mantendr\u00edan.<\/p>\n<p>Por ejemplo, acabar\u00edan con las persecuciones de opositores pol\u00edticas, se acabar\u00edan con los abusos de los gobiernos en turno, terminar\u00edan los fraudes electorales, asi como el \u201cm\u00e1talos en caliente\u201d, los abusos militares y de los \u00f3rganos de justicia del pa\u00eds y muchas, pero muchas banderas de la izquierda con la que, en lo personal comulgu\u00e9.<\/p>\n<p>Claro no estoy de acuerdo de acuerdo con la idea de limitar las libertades de nadie, ni que los gobierno sometan a los individuos en aras de \u201cmejorar la colectividad\u201d. Muchos menos que los gobernantes controlen la econom\u00eda, con lo que terminan con la prosperidad.<\/p>\n<p>Los dictadores de izquierda consideran que es, para ellos, importante mantener \u201cjodidos\u201d a los m\u00e1s pobres, por que se mantendr\u00e1n \u201cfieles\u201d a sus gobiernos que les prometen la prosperidad y salir de la miseria. Cuando salen de la pobreza, de inmediato olvidan a los pol\u00edticos que los mejoraron y pierden el poder.<\/p>\n<p>Eso yo no lo pens\u00e9. Lo claman los dirigentes de Morena en M\u00e9xico y lo dijo la ex dirigente de ese partido de izquierda, Yeidckol Polevnsky Gurwitz, ahora senadora.<\/p>\n<p>A la llegada de AMLO a la Presidencia cre\u00f3 una figura que fue aprobada por sus diputados de Morena, que ech\u00f3 abajo a\u00f1os de lucha jur\u00eddica y legislativa para que se respetara el concepto de \u201ctodo mundo es inocente hasta que no se demuestre lo contrario\u201d, con lo que se dejar\u00eda de saturar las c\u00e1rceles de indiciados que esperan ser juzgados y sentenciados.<\/p>\n<p>Esa figura que cre\u00f3 L\u00f3pez Obrador es la \u201cc\u00e1rcel preventiva oficiosa\u201d, que no es otra cosa que \u201cm\u00e1talos en caliente\u201d en materia penal.<\/p>\n<p>Por ello, el Presidente critic\u00f3 el proyecto del ministro de la SCJN Luis Mar\u00eda Aguilar Morales que declara inconstitucional la prisi\u00f3n preventiva. El l\u00edder moral y real de Morena dijo que esa propuesta, en esencia, lo que busca es que haya impunidad y corrupci\u00f3n.<\/p>\n<p>En primer lugar, con su propuesta de encarcelar a opositores o pol\u00edticos por delitos que no ameritan c\u00e1rcel preventiva, no ha frenado la corrupci\u00f3n. Ahora bien, en el caso de los criminales organizados, no pasa nada; con los asaltantes de transporte p\u00fablico y privado, tampoco pasa nada. La misma historia de impunidad est\u00e1 en todo el pa\u00eds.<\/p>\n<p>Usan la prisi\u00f3n preventiva para casos como el de Jes\u00fas Murillo, Rosario Robles, Jorge Luis Lavalle y mucho m\u00e1s que s\u00f3lo sirven para darle lustre medi\u00e1tico a la actual administraci\u00f3n. En la procuraci\u00f3n de justicia no acab\u00f3 con la captura de Murillo; con el caso de Lavalle, no acab\u00f3 el \u201cmaiceo\u201d a legisladores alineados al gobierno; ni con Rosario Robles, la corrupci\u00f3n en la administraci\u00f3n p\u00fablica.<\/p>\n<p>En cambio el gobierno de Morena, de L\u00f3pez Obrador, cada vez e parece m\u00e1s en ineficiencia, represi\u00f3n, impunidad y empobrecimiento econ\u00f3mico a los gobiernos de Aparicio M\u00e9ndez (Uruguay), Daniel Ortega (Nicaragua), Hugo Banzer (Bolivia), Juan Velasco Alvarado (Per\u00fa), Humberto Branco (Brasil), Jos\u00e9 Antonio P\u00e1ez (Venezuela), Anastasio Somoza (Nicaragua), Tiburcio Carias Andino (Honduras), Carlos Castillo Armas (Guatemala), Francois Duvalier (Hait\u00ed), Rafael Leonidas Trujillo (Rep\u00fablica Dominicana) y Gustavo Rojas Pinilla (Colombia), Alfredo Strossner (Paraguay), Augusto Pinochet (Chile), Rafael Videla (Argentina), Manuel Antonio Noriega (Panam\u00e1), Fidel Castro (Cuba), Hugo Ch\u00e1vez y Nicol\u00e1s Maduro (Venezuela), entre otros.<\/p>\n<p>Algunos de estos fueron electos en las urnas y de ah\u00ed se enquistaron en el poder para enriquecerse y empobrecer a sus pueblos. Con ellos, las leyes son para su beneficio y usufructo. \u00bfCu\u00e1l es la diferencia con la 4T?<\/p>\n<p style=\"text-align: center;\"><strong>PODEROSOS CABALLEROS<\/strong><\/p>\n<p><strong>\u00bfQU\u00c9 SACO A FLOTE LA VERSI\u00d3N DE LA 4T, DE AYOTZINAPA?:<\/strong> Por cierto, en la ma\u00f1anera, el presidente Andr\u00e9s Manuel L\u00f3pez Obrador se\u00f1al\u00f3 que hace falta, y va haber tiempo, para conocer el informe de Alejandro Encinas sobre el caso Ayotzinapa. Pero, sin que lo hayan le\u00eddo, hay presos. Ya hizo juicios aunque no sabe del informe del oficialismo sobre ese criminal caso de Estado. Le pide a Encinas que d\u00e9 a conocer los anexos de forma sencilla para entender bien lo sucedido. Dijo que con la investigaci\u00f3n se logr\u00f3 reconstruir los hechos, por esto es de mala fe, decir que es lo mismo que se present\u00f3 cuando se dio carpetazo al asunto. En el informe hizo referencias de las diferencias de la \u201cverdad hist\u00f3rica\u201d del ex procurador Murillo Karam, la verdad de Encinas. En ambos casos siguen ocultando los nombres de los autores intelectuales. \u00bfQu\u00e9 guardaron las huestes de Enrique Pe\u00f1a Nieto, que ahora las siguen ocultando las de L\u00f3pez Obrador?<\/p>\n<p style=\"text-align: center;\"><strong>RESPONSABILIDAD SOCIAL <\/strong><strong>CORPORATIVA<\/strong><\/p>\n<p><strong>MONTE DE <\/strong><strong>PIEDAD Y COPPEL:<\/strong> Bajo el liderazgo de Juan de la Luz D\u00e1valos, el Nacional Monte de Piedad I.A.P y Fundaci\u00f3n Coppel, que preside Susana Coppel Garc\u00eda, coinvierten en programas para el trabajo digno de las juventudes y personas con discapacidad. Con 45 millones de pesos dirigidos a 31 organizaciones de la sociedad civil en 19 estados del pa\u00eds, impulsan sus estrategias de responsabilidad social. El objetivo es mejorar las condiciones de vida del 37% de los j\u00f3venes subempleados que cobran menos de un salario m\u00ednimo. Hay que cambiarles la vida.<\/p>\n<p>&nbsp;<\/p>\n<blockquote>\n<p style=\"text-align: right;\">Esc\u00fachame lunes, martes, mi\u00e9rcoles y viernes,<br \/>\nen <strong><em>El Heraldo Radio<\/em><\/strong>, desde las 22 horas.<\/p>\n<\/blockquote>\n<p>&nbsp;<\/p>\n<p><em><a href=\"http:\/\/poderydinero.mx\/\" target=\"_blank\" rel=\"noopener\">poderydinero.mx<\/a><br \/>\n<\/em><em><a href=\"mailto:vsb@poderydinero.mx\" target=\"_blank\" rel=\"noopener noreferrer\">vsb@poderydinero.mx<\/a><br \/>\n<\/em><em><a href=\"https:\/\/twitter.com\/vsanchezbanos\" target=\"_blank\" rel=\"noopener noreferrer\">@vsanchezbanos<\/a><\/em><\/p>\n","protected":false},"excerpt":{"rendered":"<p><span style=\"color: #005497;\"><strong>V\u00edctor S\u00e1nchez Ba\u00f1os<\/strong><\/span><\/p>\n","protected":false},"author":3,"featured_media":0,"comment_status":"open","ping_status":"open","sticky":false,"template":"","format":"standard","meta":{"_monsterinsights_skip_tracking":false,"_monsterinsights_sitenote_active":false,"_monsterinsights_sitenote_note":"","_monsterinsights_sitenote_category":0,"footnotes":""},"categories":[38844],"tags":[43674,38847,38848],"class_list":["post-557730","post","type-post","status-publish","format-standard","hentry","category-victor-sanchez-banos","tag-opinion","tag-poder-y-dinero","tag-victor-sanchez-banos"],"_links":{"self":[{"href":"https:\/\/www.diarioimagen.net\/index.php?rest_route=\/wp\/v2\/posts\/557730","targetHints":{"allow":["GET"]}}],"collection":[{"href":"https:\/\/www.diarioimagen.net\/index.php?rest_route=\/wp\/v2\/posts"}],"about":[{"href":"https:\/\/www.diarioimagen.net\/index.php?rest_route=\/wp\/v2\/types\/post"}],"author":[{"embeddable":true,"href":"https:\/\/www.diarioimagen.net\/index.php?rest_route=\/wp\/v2\/users\/3"}],"replies":[{"embeddable":true,"href":"https:\/\/www.diarioimagen.net\/index.php?rest_route=%2Fwp%2Fv2%2Fcomments&post=557730"}],"version-history":[{"count":0,"href":"https:\/\/www.diarioimagen.net\/index.php?rest_route=\/wp\/v2\/posts\/557730\/revisions"}],"wp:attachment":[{"href":"https:\/\/www.diarioimagen.net\/index.php?rest_route=%2Fwp%2Fv2%2Fmedia&parent=557730"}],"wp:term":[{"taxonomy":"category","embeddable":true,"href":"https:\/\/www.diarioimagen.net\/index.php?rest_route=%2Fwp%2Fv2%2Fcategories&post=557730"},{"taxonomy":"post_tag","embeddable":true,"href":"https:\/\/www.diarioimagen.net\/index.php?rest_route=%2Fwp%2Fv2%2Ftags&post=557730"}],"curies":[{"name":"wp","href":"https:\/\/api.w.org\/{rel}","templated":true}]}}