{"id":557777,"date":"2022-08-26T00:05:05","date_gmt":"2022-08-26T05:05:05","guid":{"rendered":"https:\/\/www.diarioimagen.net\/?p=557777"},"modified":"2022-08-29T00:22:57","modified_gmt":"2022-08-29T05:22:57","slug":"es-necesaria-una-ciencia-inclusiva-aleida-rueda-egresada-del-plantel-texcoco-de-la-escuela-preparatoria-de-la-uaemex","status":"publish","type":"post","link":"https:\/\/www.diarioimagen.net\/?p=557777","title":{"rendered":"Es necesaria una ciencia inclusiva: Aleida Rueda, egresada del Plantel Texcoco de la Escuela Preparatoria de la UAEM\u00e9x"},"content":{"rendered":"<p><em>\u00a0<\/em><\/p>\n<ul>\n<li><strong><em>La periodista de ciencia sostuvo un encuentro con estudiantes de nivel medio y superior de la Universidad Aut\u00f3noma del Estado de M\u00e9xico<\/em><\/strong><\/li>\n<\/ul>\n<p><strong>\u00a0<\/strong><\/p>\n<div id=\"attachment_557863\" style=\"width: 470px\" class=\"wp-caption aligncenter\"><img loading=\"lazy\" decoding=\"async\" aria-describedby=\"caption-attachment-557863\" class=\"size-full wp-image-557863\" src=\"https:\/\/www.diarioimagen.net\/wp-content\/uploads\/2022\/08\/uaem-14.jpg\" alt=\"\" width=\"460\" height=\"270\" \/><p id=\"caption-attachment-557863\" class=\"wp-caption-text\">La periodista de ciencia Aleida Rueda afirm\u00f3 que lamentablemente, el g\u00e9nero en este \u00e1mbito pesa y la ausencia de las mujeres en la ciencia tiene consecuencias, afecta a la sociedad en su conjunto, a todas y todos.<\/p><\/div>\n<p>&nbsp;<\/p>\n<p><strong>Texcoco, Estado de M\u00e9xico<\/strong>.\u2014 Es necesaria una ciencia inclusiva, hecha por mujeres y hombres de color, ind\u00edgenas, migrantes y trans, lo cual puede derivar en beneficios para todas las personas, afirm\u00f3 la periodista de ciencia Aleida Rueda, durante el encuentro que sostuvo con estudiantes de nivel medio y superior, en el Centro Universitario Texcoco de la Universidad Aut\u00f3noma del Estado de M\u00e9xico (UAEM\u00e9x).<\/p>\n<p>Al dictar la conferencia \u201cLa ciencia no tiene g\u00e9nero\u201d, la egresada del Plantel Texcoco de la Escuela Preparatoria de la Aut\u00f3noma mexiquense e integrante de la Red Mexicana de Periodistas de Ciencia (Red MPC), sostuvo que ejemplo de esta problem\u00e1tica es el n\u00famero de premios Nobel entregados en ciencias duras a mujeres, que son 22, contra el n\u00famero entregado a los varones, que son 97.<\/p>\n<p>Subray\u00f3 que lamentablemente, el g\u00e9nero en este \u00e1mbito pesa y la ausencia de las mujeres en la ciencia tiene consecuencias, afecta a la sociedad en su conjunto, a todas y todos.<\/p>\n<p>Por ejemplo, se\u00f1al\u00f3, \u201cmuchas cosas que usamos en la vida diaria fueron dise\u00f1adas a partir de la estructura anat\u00f3mica de un hombre promedio occidental de 25 a 35 a\u00f1os, de tantos metros de altura y tal complexi\u00f3n\u201d, lo cual puede propiciar problemas de salud e, incluso, de seguridad.<\/p>\n<p>En este sentido, puntualiz\u00f3 que los maniqu\u00edes de los accidentes automovil\u00edsticos son de varones, lo cual, evidentemente, tiene como resultado fallas en la seguridad de las mujeres.<\/p>\n<p>Indic\u00f3 que en un accidente automovil\u00edstico una mujer tiene mayores posibilidades de tener consecuencias graves, porque los autom\u00f3viles no fueron dise\u00f1ados para la estructura femenina y mucho menos, para las embarazadas.<\/p>\n<p>Asimismo, refiri\u00f3 que, por ejemplo, los chalecos antibalas no est\u00e1n dise\u00f1ados para la anatom\u00eda de una mujer, el reconocimiento de voz en los autos es ideal para detectar la de los varones e, incluso, la generalidad de los tel\u00e9fonos m\u00f3viles tiene el tama\u00f1o adecuado para la mano masculina.<\/p>\n<p>Al dar la bienvenida a Aleida Rueda a la UAEM\u00e9x, la directora general de Comunicaci\u00f3n Universitaria, Ginarely Valencia Alc\u00e1ntara, destac\u00f3 la importancia que tienen los medios de comunicaci\u00f3n para poner en la agenda p\u00fablica el papel que las mujeres tienen en la ciencia.<\/p>\n<p>Lo anterior, dijo, para favorecer la democratizaci\u00f3n del conocimiento cient\u00edfico y para despertar vocaciones cient\u00edficas entre las y los j\u00f3venes que se encuentran en la etapa de decisi\u00f3n de su profesi\u00f3n.<\/p>\n<p>Acompa\u00f1ada del director de este espacio universitario, Juan Manuel Mu\u00f1oz Araujo, refiri\u00f3 que la Organizaci\u00f3n de las Naciones Unidas para la Educaci\u00f3n, la Ciencia y la Cultura (UNESCO) revel\u00f3 que entre los 6 y 7 a\u00f1os las ni\u00f1as pierden el inter\u00e9s en \u00e1reas como la ciencia, la tecnolog\u00eda, la ingenier\u00eda y las matem\u00e1ticas, ya que consideran que no son suficientemente inteligentes.<\/p>\n","protected":false},"excerpt":{"rendered":"<p>Es necesaria una ciencia inclusiva, hecha por mujeres y hombres de color, ind\u00edgenas, migrantes y trans, lo cual puede derivar en beneficios para todas las personas, afirm\u00f3 la periodista de ciencia Aleida Rueda, durante el encuentro que sostuvo con estudiantes de nivel medio y superior, en el Centro Universitario Texcoco de la Universidad Aut\u00f3noma del Estado de M\u00e9xico (UAEM\u00e9x).<\/p>\n","protected":false},"author":3,"featured_media":557863,"comment_status":"open","ping_status":"open","sticky":false,"template":"","format":"standard","meta":{"_monsterinsights_skip_tracking":false,"_monsterinsights_sitenote_active":false,"_monsterinsights_sitenote_note":"","_monsterinsights_sitenote_category":0,"footnotes":""},"categories":[5],"tags":[95038,67878],"class_list":["post-557777","post","type-post","status-publish","format-standard","has-post-thumbnail","hentry","category-estado-de-mexico","tag-centro-universitario-texcoco","tag-uaemex"],"_links":{"self":[{"href":"https:\/\/www.diarioimagen.net\/index.php?rest_route=\/wp\/v2\/posts\/557777","targetHints":{"allow":["GET"]}}],"collection":[{"href":"https:\/\/www.diarioimagen.net\/index.php?rest_route=\/wp\/v2\/posts"}],"about":[{"href":"https:\/\/www.diarioimagen.net\/index.php?rest_route=\/wp\/v2\/types\/post"}],"author":[{"embeddable":true,"href":"https:\/\/www.diarioimagen.net\/index.php?rest_route=\/wp\/v2\/users\/3"}],"replies":[{"embeddable":true,"href":"https:\/\/www.diarioimagen.net\/index.php?rest_route=%2Fwp%2Fv2%2Fcomments&post=557777"}],"version-history":[{"count":0,"href":"https:\/\/www.diarioimagen.net\/index.php?rest_route=\/wp\/v2\/posts\/557777\/revisions"}],"wp:featuredmedia":[{"embeddable":true,"href":"https:\/\/www.diarioimagen.net\/index.php?rest_route=\/wp\/v2\/media\/557863"}],"wp:attachment":[{"href":"https:\/\/www.diarioimagen.net\/index.php?rest_route=%2Fwp%2Fv2%2Fmedia&parent=557777"}],"wp:term":[{"taxonomy":"category","embeddable":true,"href":"https:\/\/www.diarioimagen.net\/index.php?rest_route=%2Fwp%2Fv2%2Fcategories&post=557777"},{"taxonomy":"post_tag","embeddable":true,"href":"https:\/\/www.diarioimagen.net\/index.php?rest_route=%2Fwp%2Fv2%2Ftags&post=557777"}],"curies":[{"name":"wp","href":"https:\/\/api.w.org\/{rel}","templated":true}]}}