{"id":557779,"date":"2022-08-26T00:03:41","date_gmt":"2022-08-26T05:03:41","guid":{"rendered":"https:\/\/www.diarioimagen.net\/?p=557779"},"modified":"2022-08-26T04:51:47","modified_gmt":"2022-08-26T09:51:47","slug":"hay-19-mil-personas-encarceladas-injustamente-en-el-estado-de-mexico","status":"publish","type":"post","link":"https:\/\/www.diarioimagen.net\/?p=557779","title":{"rendered":"Hay 19 mil personas encarceladas injustamente en el Estado de M\u00e9xico"},"content":{"rendered":"<p><strong>\u00a0<\/strong><\/p>\n<ul>\n<li><em><strong>Denuncia la Caravana por la dignidad, justicia y libertad<\/strong><\/em><\/li>\n<\/ul>\n<p><strong>\u00a0<\/strong><\/p>\n<h6>Arturo Baena<\/h6>\n<p>&nbsp;<\/p>\n<div id=\"attachment_557885\" style=\"width: 470px\" class=\"wp-caption aligncenter\"><img loading=\"lazy\" decoding=\"async\" aria-describedby=\"caption-attachment-557885\" class=\"size-full wp-image-557885\" src=\"https:\/\/www.diarioimagen.net\/wp-content\/uploads\/2022\/08\/BAENA2-3.jpg\" alt=\"\" width=\"460\" height=\"270\" \/><p id=\"caption-attachment-557885\" class=\"wp-caption-text\">La Caravana Mexiquense por la Dignidad, Justicia y Libertad lleg\u00f3 a Tlalnepantla, donde se denunciaron irregularidades en encarcelamientos.<\/p><\/div>\n<p>&nbsp;<\/p>\n<p><strong>Naucalpan, Estado de M\u00e9xico.\u2014<\/strong> Un grupo importante de personas que apoyan a \u201cLa Caravana Mexiquense por la Dignidad, Justicia y Libertad\u201d realizaron una marcha en esta municipalidad, en donde denunciaron que m\u00e1s de 19 mil presos en las c\u00e1rceles mexiquenses son acusados por delitos que no cometieron.<\/p>\n<p>Adem\u00e1s, m\u00e1s de 89 por ciento de ellos han sido torturados, afirm\u00f3 Leydi Placido Arroyo, vocera de la plataforma \u201cHas valer mi libertad\u201d Con pancartas y lonas, pidiendo a la gente que los escuchara porque miles de personas estaban injustamente en las c\u00e1rceles del Estado de M\u00e9xico.<\/p>\n<p>La caravana ha visitado 10 municipios y pueblos del Estado de M\u00e9xico, para denunciar las injusticias que se cometen con los presos.<\/p>\n<p>Palacios Arrollo coment\u00f3 que vinieron a Naucalpan por 4 casos que tienen en el penal de \u201cBarrientos\u201d, a\u00a0 Antonio Candelaria; de padre e hijo, Miguel \u00c1ngel Ju\u00e1rez Pe\u00f1a y Jorge Daniel Ju\u00e1rez Pe\u00f1a, que son acusados falsamente de homicidio.<\/p>\n<p>\u201cAntonio Candelario, fue acusado de extorsi\u00f3n en Mundo E, donde lo detuvieron y se lo llevaron a Nayarit, donde lo torturaron\u201d, dijo.<\/p>\n<p>Placido Arroyo dijo que han visitado 10 pueblos y municipios del Estado de M\u00e9xico.\u00a0porque hasta la fecha no les ha hecho caso.<\/p>\n<p>Se\u00f1al\u00f3 que \u201csupuestamente los detuvieron por delitos de alto impacto y nunca se les va acusar por robarse un chicle. Se les va acusar de extorsi\u00f3n, homicidio, secuestro y ahora por feminicidio\u201d.<\/p>\n","protected":false},"excerpt":{"rendered":"<p>Un grupo importante de personas que apoyan a \u201cLa Caravana Mexiquense por la Dignidad, Justicia y Libertad\u201d realizaron una marcha en esta municipalidad, en donde denunciaron que m\u00e1s de 19 mil presos en las c\u00e1rceles mexiquenses son acusados por delitos que no cometieron.<\/p>\n","protected":false},"author":3,"featured_media":557885,"comment_status":"open","ping_status":"open","sticky":false,"template":"","format":"standard","meta":{"_monsterinsights_skip_tracking":false,"_monsterinsights_sitenote_active":false,"_monsterinsights_sitenote_note":"","_monsterinsights_sitenote_category":0,"footnotes":""},"categories":[5],"tags":[96265,43675,970,51639],"class_list":["post-557779","post","type-post","status-publish","format-standard","has-post-thumbnail","hentry","category-estado-de-mexico","tag-encarceladas","tag-estado-de-mexico","tag-naucalpan","tag-personas"],"_links":{"self":[{"href":"https:\/\/www.diarioimagen.net\/index.php?rest_route=\/wp\/v2\/posts\/557779","targetHints":{"allow":["GET"]}}],"collection":[{"href":"https:\/\/www.diarioimagen.net\/index.php?rest_route=\/wp\/v2\/posts"}],"about":[{"href":"https:\/\/www.diarioimagen.net\/index.php?rest_route=\/wp\/v2\/types\/post"}],"author":[{"embeddable":true,"href":"https:\/\/www.diarioimagen.net\/index.php?rest_route=\/wp\/v2\/users\/3"}],"replies":[{"embeddable":true,"href":"https:\/\/www.diarioimagen.net\/index.php?rest_route=%2Fwp%2Fv2%2Fcomments&post=557779"}],"version-history":[{"count":0,"href":"https:\/\/www.diarioimagen.net\/index.php?rest_route=\/wp\/v2\/posts\/557779\/revisions"}],"wp:featuredmedia":[{"embeddable":true,"href":"https:\/\/www.diarioimagen.net\/index.php?rest_route=\/wp\/v2\/media\/557885"}],"wp:attachment":[{"href":"https:\/\/www.diarioimagen.net\/index.php?rest_route=%2Fwp%2Fv2%2Fmedia&parent=557779"}],"wp:term":[{"taxonomy":"category","embeddable":true,"href":"https:\/\/www.diarioimagen.net\/index.php?rest_route=%2Fwp%2Fv2%2Fcategories&post=557779"},{"taxonomy":"post_tag","embeddable":true,"href":"https:\/\/www.diarioimagen.net\/index.php?rest_route=%2Fwp%2Fv2%2Ftags&post=557779"}],"curies":[{"name":"wp","href":"https:\/\/api.w.org\/{rel}","templated":true}]}}