{"id":557781,"date":"2022-08-26T00:01:41","date_gmt":"2022-08-26T05:01:41","guid":{"rendered":"https:\/\/www.diarioimagen.net\/?p=557781"},"modified":"2022-08-26T04:50:40","modified_gmt":"2022-08-26T09:50:40","slug":"aun-no-hay-finanzas-sanas-en-naucalpan-afirma-la-alcaldesa-angelica-moya-marin","status":"publish","type":"post","link":"https:\/\/www.diarioimagen.net\/?p=557781","title":{"rendered":"A\u00fan no hay finanzas sanas en Naucalpan, afirma la alcaldesa Ang\u00e9lica Moya Mar\u00edn"},"content":{"rendered":"<p>&nbsp;<\/p>\n<ul>\n<li><em><strong>\u201cSeguimos pagando algunos adeudos\u201d<\/strong><\/em><\/li>\n<\/ul>\n<p><strong>\u00a0<\/strong><\/p>\n<h6>Arturo Baena<\/h6>\n<p>&nbsp;<\/p>\n<div id=\"attachment_557881\" style=\"width: 470px\" class=\"wp-caption aligncenter\"><img loading=\"lazy\" decoding=\"async\" aria-describedby=\"caption-attachment-557881\" class=\"size-full wp-image-557881\" src=\"https:\/\/www.diarioimagen.net\/wp-content\/uploads\/2022\/08\/BAENA1-3.jpg\" alt=\"\" width=\"460\" height=\"270\" \/><p id=\"caption-attachment-557881\" class=\"wp-caption-text\">La alcaldesa Ang\u00e9lica Moya Mar\u00edn reconoci\u00f3 que las finanzas municipales no han superado los n\u00fameros rojos y que se van a tardar un buen rato.<\/p><\/div>\n<p>&nbsp;<\/p>\n<p><strong>Naucalpan, Estado de M\u00e9xico.\u2014<\/strong> La presidenta municipal Ang\u00e9lica Moya Mar\u00edn reconoci\u00f3 en entrevista que \u201clas finanzas no han superado los n\u00fameros rojos y se van a tardar un buen rato, sin embargo, seguimos pagando algunos adeudos\u201d.<\/p>\n<p>Por otra parte, Moya Mar\u00edn, baj\u00f3 su salario 13 mil pesos, a diferencia de 2003- 2006, cuando fue alcaldesa por primera vez. Actualmente gana 100 mil mensuales, por lo que se est\u00e1 apretando el cintur\u00f3n como funcionaria y autoridad, \u201cporque de esa fecha a la actual, se ha incrementado en un 96 por ciento la inflaci\u00f3n.<\/p>\n<p>Por otra parte, dijo que \u201ces dif\u00edcil saber cu\u00e1ndo mejorar\u00e1 la situaci\u00f3n financiera del municipio, porque depende de muchas coyunturas, de participaciones federales, de muchas cosas. No se sabe para cu\u00e1ndo Naucalpan pueda salir de la crisis econ\u00f3mica en que se encuentra\u201d, dijo.<\/p>\n<p>Asimismo, abund\u00f3 qu\u00e9 \u201cquiero enviar un mensaje para que todos ahorremos y dejemos de aplicar los recursos en cosas que son tan importantes, pero hoy las cosas est\u00e1n muy complicadas y hay que hacerlo\u201d, coment\u00f3.<\/p>\n<p>Su postura desde el 2006, es en el sentido de que los trabajadores son colaboradores del municipio, el sindicato y los funcionarios, \u201ctendremos que sacar a Naucalpan de una u otra forma\u201d.<\/p>\n<p>De los 3 mil 500 trabajadores sindicalizados \u201chay gente que quiere trabajar y se le va apostar a todos ellos\u201d dijo.<\/p>\n","protected":false},"excerpt":{"rendered":"<p>La presidenta municipal Ang\u00e9lica Moya Mar\u00edn reconoci\u00f3 en entrevista que \u201clas finanzas no han superado los n\u00fameros rojos y se van a tardar un buen rato, sin embargo, seguimos pagando algunos adeudos\u201d.<\/p>\n","protected":false},"author":3,"featured_media":557881,"comment_status":"open","ping_status":"open","sticky":false,"template":"","format":"standard","meta":{"_monsterinsights_skip_tracking":false,"_monsterinsights_sitenote_active":false,"_monsterinsights_sitenote_note":"","_monsterinsights_sitenote_category":0,"footnotes":""},"categories":[5],"tags":[93139,43675,43678,970],"class_list":["post-557781","post","type-post","status-publish","format-standard","has-post-thumbnail","hentry","category-estado-de-mexico","tag-angelica-moya-marin","tag-estado-de-mexico","tag-finanzas","tag-naucalpan"],"_links":{"self":[{"href":"https:\/\/www.diarioimagen.net\/index.php?rest_route=\/wp\/v2\/posts\/557781","targetHints":{"allow":["GET"]}}],"collection":[{"href":"https:\/\/www.diarioimagen.net\/index.php?rest_route=\/wp\/v2\/posts"}],"about":[{"href":"https:\/\/www.diarioimagen.net\/index.php?rest_route=\/wp\/v2\/types\/post"}],"author":[{"embeddable":true,"href":"https:\/\/www.diarioimagen.net\/index.php?rest_route=\/wp\/v2\/users\/3"}],"replies":[{"embeddable":true,"href":"https:\/\/www.diarioimagen.net\/index.php?rest_route=%2Fwp%2Fv2%2Fcomments&post=557781"}],"version-history":[{"count":0,"href":"https:\/\/www.diarioimagen.net\/index.php?rest_route=\/wp\/v2\/posts\/557781\/revisions"}],"wp:featuredmedia":[{"embeddable":true,"href":"https:\/\/www.diarioimagen.net\/index.php?rest_route=\/wp\/v2\/media\/557881"}],"wp:attachment":[{"href":"https:\/\/www.diarioimagen.net\/index.php?rest_route=%2Fwp%2Fv2%2Fmedia&parent=557781"}],"wp:term":[{"taxonomy":"category","embeddable":true,"href":"https:\/\/www.diarioimagen.net\/index.php?rest_route=%2Fwp%2Fv2%2Fcategories&post=557781"},{"taxonomy":"post_tag","embeddable":true,"href":"https:\/\/www.diarioimagen.net\/index.php?rest_route=%2Fwp%2Fv2%2Ftags&post=557781"}],"curies":[{"name":"wp","href":"https:\/\/api.w.org\/{rel}","templated":true}]}}