{"id":557783,"date":"2022-08-26T00:02:05","date_gmt":"2022-08-26T05:02:05","guid":{"rendered":"https:\/\/www.diarioimagen.net\/?p=557783"},"modified":"2022-08-26T04:50:06","modified_gmt":"2022-08-26T09:50:06","slug":"a-los-mexiquenses-nos-enorgullece-el-trabajo-de-nuestro-gobernador-pri","status":"publish","type":"post","link":"https:\/\/www.diarioimagen.net\/?p=557783","title":{"rendered":"A los mexiquenses nos enorgullece el trabajo de nuestro gobernador: PRI"},"content":{"rendered":"<p>&nbsp;<\/p>\n<ul>\n<li><em><strong>Cumplimiento de compromisos, destaca Eric Sevilla<\/strong><\/em><\/li>\n<\/ul>\n<p><strong>\u00a0<\/strong><\/p>\n<h6>Arturo Baena<\/h6>\n<p>&nbsp;<\/p>\n<div id=\"attachment_557879\" style=\"width: 470px\" class=\"wp-caption aligncenter\"><img loading=\"lazy\" decoding=\"async\" aria-describedby=\"caption-attachment-557879\" class=\"size-full wp-image-557879\" src=\"https:\/\/www.diarioimagen.net\/wp-content\/uploads\/2022\/08\/BAENA3-3.jpg\" alt=\"\" width=\"460\" height=\"270\" \/><p id=\"caption-attachment-557879\" class=\"wp-caption-text\">El presidente del Comit\u00e9 Directivo Estatal del PRI, Eric Sevilla, reconoci\u00f3 que la administraci\u00f3n p\u00fablica mexiquense sigue en marcha\u00a0sin dejar de cumplir sus compromisos.<\/p><\/div>\n<p>&nbsp;<\/p>\n<p><strong>Toluca, Estado de M\u00e9xico.\u2014<\/strong> Pese a las adversidades que enfrenta el gobierno del Estado de M\u00e9xico por los recortes presupuestales, el presidente del Comit\u00e9 Directivo Estatal (CDE) del PRI, Eric Sevilla, reconoci\u00f3 que la administraci\u00f3n p\u00fablica mexiquense sigue en marcha\u00a0 sin dejar de cumplir sus compromisos en obras, servicios y programas sociales.<\/p>\n<p>El Estado de M\u00e9xico tiene en su gobierno a un mandatario con visi\u00f3n que enarbola los intereses ciudadanos, \u201caqu\u00ed no se ha dejado de construir caminos, opera escuelas, aplicar los programas de beneficio a las mujeres o de propiciar mejores\u00a0condiciones de vida\u201d, dijo.<\/p>\n<p>Por otra parte, Eric Sevilla, dijo que \u201clos priistas mexiquenses tenemos en el gobierno del Estado de\u00a0M\u00e9xico un activo muy importante que presumir por las decisiones acertadas y los\u00a0resultados que entregan todos los d\u00edas en cualquier responsabilidad como es la\u00a0educaci\u00f3n, salud, desarrollo social o seguridad\u201d.<\/p>\n<p>El dirigente estatal del tricolor, reconoci\u00f3 que \u201c tenemos una econom\u00eda pujante en el Estado de M\u00e9xico y el priismo m\u00e1s grande\u00a0del pa\u00eds se enorgullece de su gobernador\u201d, enfatiz\u00f3.<\/p>\n<p>Destac\u00f3 que \u201ctenemos que seguir creciendo cercanos a la gente, entendiendo y atendiendo la voz y el sentir popular en las comunidades\u201d.<\/p>\n","protected":false},"excerpt":{"rendered":"<p>Pese a las adversidades que enfrenta el gobierno del Estado de M\u00e9xico por los recortes presupuestales, el presidente del Comit\u00e9 Directivo Estatal (CDE) del PRI, Eric Sevilla, reconoci\u00f3 que la administraci\u00f3n p\u00fablica mexiquense sigue en marcha\u00a0 sin dejar de cumplir sus compromisos en obras, servicios y programas sociales.<\/p>\n","protected":false},"author":3,"featured_media":557879,"comment_status":"open","ping_status":"open","sticky":false,"template":"","format":"standard","meta":{"_monsterinsights_skip_tracking":false,"_monsterinsights_sitenote_active":false,"_monsterinsights_sitenote_note":"","_monsterinsights_sitenote_category":0,"footnotes":""},"categories":[5],"tags":[96266,43675,362,452,8961],"class_list":["post-557783","post","type-post","status-publish","format-standard","has-post-thumbnail","hentry","category-estado-de-mexico","tag-enorguellece","tag-estado-de-mexico","tag-pri","tag-toluca","tag-trabajo"],"_links":{"self":[{"href":"https:\/\/www.diarioimagen.net\/index.php?rest_route=\/wp\/v2\/posts\/557783","targetHints":{"allow":["GET"]}}],"collection":[{"href":"https:\/\/www.diarioimagen.net\/index.php?rest_route=\/wp\/v2\/posts"}],"about":[{"href":"https:\/\/www.diarioimagen.net\/index.php?rest_route=\/wp\/v2\/types\/post"}],"author":[{"embeddable":true,"href":"https:\/\/www.diarioimagen.net\/index.php?rest_route=\/wp\/v2\/users\/3"}],"replies":[{"embeddable":true,"href":"https:\/\/www.diarioimagen.net\/index.php?rest_route=%2Fwp%2Fv2%2Fcomments&post=557783"}],"version-history":[{"count":0,"href":"https:\/\/www.diarioimagen.net\/index.php?rest_route=\/wp\/v2\/posts\/557783\/revisions"}],"wp:featuredmedia":[{"embeddable":true,"href":"https:\/\/www.diarioimagen.net\/index.php?rest_route=\/wp\/v2\/media\/557879"}],"wp:attachment":[{"href":"https:\/\/www.diarioimagen.net\/index.php?rest_route=%2Fwp%2Fv2%2Fmedia&parent=557783"}],"wp:term":[{"taxonomy":"category","embeddable":true,"href":"https:\/\/www.diarioimagen.net\/index.php?rest_route=%2Fwp%2Fv2%2Fcategories&post=557783"},{"taxonomy":"post_tag","embeddable":true,"href":"https:\/\/www.diarioimagen.net\/index.php?rest_route=%2Fwp%2Fv2%2Ftags&post=557783"}],"curies":[{"name":"wp","href":"https:\/\/api.w.org\/{rel}","templated":true}]}}