{"id":557931,"date":"2022-08-29T00:04:45","date_gmt":"2022-08-29T05:04:45","guid":{"rendered":"https:\/\/www.diarioimagen.net\/?p=557931"},"modified":"2022-08-30T00:49:57","modified_gmt":"2022-08-30T05:49:57","slug":"inicia-la-fiesta-literaria-filem-2022-con-textos-libres","status":"publish","type":"post","link":"https:\/\/www.diarioimagen.net\/?p=557931","title":{"rendered":"Inicia la fiesta literaria FILEM 2022 \u201cCon-textos libres\u201d"},"content":{"rendered":"<p><em>\u00a0<\/em><\/p>\n<ul>\n<li><strong><em>Fue inaugurada por el rector de la UAEM\u00e9x, Carlos Eduardo Barrera D\u00edaz; la secretaria de Cultura y Turismo estatal, Marcela Gonz\u00e1lez Salas, y el alcalde de Toluca, Raymundo Mart\u00ednez Carbajal<\/em><\/strong><\/li>\n<\/ul>\n<p><strong>\u00a0<\/strong><\/p>\n<div id=\"attachment_558059\" style=\"width: 470px\" class=\"wp-caption aligncenter\"><img loading=\"lazy\" decoding=\"async\" aria-describedby=\"caption-attachment-558059\" class=\"size-full wp-image-558059\" src=\"https:\/\/www.diarioimagen.net\/wp-content\/uploads\/2022\/08\/uaem-15.jpg\" alt=\"\" width=\"460\" height=\"270\" \/><p id=\"caption-attachment-558059\" class=\"wp-caption-text\">Durante el acto inaugural se entreg\u00f3 el Premio FILEM 2022, a la escritora Valeria Luiselli, as\u00ed como los ganadores de los cert\u00e1menes internacionales de Narrativa \u201cIgnacio Manuel Altamirano\u201d, al escritor mexicano Carlos Albertos Reyes \u00c1vila, y de Poes\u00eda \u201cGilberto Owen Estrada\u201d, al poeta cubano Yonnier Torres Rodr\u00edguez.<\/p><\/div>\n<p>&nbsp;<\/p>\n<p><strong>Toluca, Estado de M\u00e9xico.\u2014<\/strong> Con la entrega del Premio FILEM 2022 a la escritora mexicana Valeria Luiselli de manos del rector de la Universidad Aut\u00f3noma del Estado de M\u00e9xico (UAEM\u00e9x), Carlos Eduardo Barrera D\u00edaz; la secretaria de Cultura y Turismo estatal, Marcela Gonz\u00e1lez Salas, y el alcalde de Toluca, Raymundo Mart\u00ednez Carbajal, se dio por inaugurada la Feria Internacional del Libro Estado de M\u00e9xico (FILEM) 2022 \u201cCon-textos libres\u201d, que se desarrollar\u00e1 del 26 de agosto al 4 de septiembre.<\/p>\n<p>Durante la ceremonia tambi\u00e9n fueron entregados los reconocimientos que otorga la UAEM\u00e9x a los ganadores de los cert\u00e1menes internacionales de Narrativa \u201cIgnacio Manuel Altamirano\u201d, al escritor mexicano Carlos Albertos Reyes \u00c1vila, y de Poes\u00eda \u201cGilberto Owen Estrada\u201d, al poeta cubano Yonnier Torres Rodr\u00edguez.<\/p>\n<p>En el Centro de Convenciones Edomex -sede de la FILEM 2022-, Barrera D\u00edaz expres\u00f3 que los libros son la m\u00e1s grata expresi\u00f3n que el ser humano puede compartir con la finalidad de devolver a la gran labor de pensar el significado real de las palabras que tanto impactan y hacen asequible el conocimiento, adem\u00e1s de propiciar a trav\u00e9s de su contenido la convivencia y la cohesi\u00f3n social.<\/p>\n<p>\u201cPor eso la Universidad Aut\u00f3noma del Estado de M\u00e9xico, consciente de su responsabilidad, sabedora de su misi\u00f3n, ha emprendido nuevamente la organizaci\u00f3n de esta Feria Internacional del Libro, que a\u00f1o con a\u00f1o va fortaleciendo su estructura y generando m\u00e1s y mejores expectativas en conjunto con el gobierno del Estado de M\u00e9xico, a trav\u00e9s de la Secretar\u00eda de Cultura y Turismo y del Ayuntamiento de Toluca\u201d, asegur\u00f3.<\/p>\n<p>Barrera D\u00edaz comparti\u00f3 con los presentes que durante 2021, la UAEM\u00e9x public\u00f3 87 libros acad\u00e9micos y cient\u00edficos, con 320 cap\u00edtulos de libro, de los cuales 250 pertenecen a las \u00e1reas de Ciencias Sociales, Artes y Humanidades y 70 a Ciencias Naturales y Exactas.<\/p>\n<p>En su oportunidad, Gonz\u00e1lez Salas dijo que la FILEM reconoci\u00f3 la destacada trayectoria de la escritora Valeria Luiselli, quien adem\u00e1s ha logrado atraer un p\u00fablico diverso a la lectura, con el objetivo de abrir la conciencia de sus lectores.<\/p>\n<p>\u201cLos libros son la caja fuerte de nuestro esp\u00edritu colectivo y aqu\u00ed, en la FILEM, encuentran su camino para transformar la vida de las y los lectores\u201d, dijo.<\/p>\n<p>En tanto, el alcalde de Toluca dio la bienvenida a todos los asistentes e interesados en acudir a la FILEM, en la cual -detall\u00f3- encontrar\u00e1n diversos pabellones con opciones de publicaciones que incentivan el h\u00e1bito de la lectura.<\/p>\n<p>\u201cEste mosaico cultural que representa la FILEM es una oportunidad para mostrarle al mundo todo lo que, desde el Estado de M\u00e9xico, los mexiquenses podemos dar\u201d, indic\u00f3.<\/p>\n<p>La escritora galardonada, Valeria Luiselli, conmovida por obtener el Premio FILEM 2022, agradeci\u00f3 a los organizadores de la Feria y refiri\u00f3 el reciente encuentro que tuvo con el rector de la UAEM\u00e9x, con quien coincidi\u00f3 sobre la importancia de la educaci\u00f3n universitaria p\u00fablica y gratuita y c\u00f3mo debe preservarse este derecho para todos los mexicanos.<\/p>\n<p>Valeria Luiselli es una escritora y ensayista mexicana aclamada por sus obras de ficci\u00f3n como no ficci\u00f3n, que se han traducido a m\u00e1s de 20 idiomas y entre las que se encuentran Los Ingr\u00e1vidos, La historia de mis dientes, Los ni\u00f1os perdidos, Papeles falsos y Desierto sonoro. Su trabajo ha aparecido en publicaciones como The New York Times, Granta y The New Yorker.<\/p>\n<p>En la inauguraci\u00f3n tambi\u00e9n estuvieron presentes la secretaria de Difusi\u00f3n Cultural de la UAEM\u00e9x, Mar\u00eda de las Mercedes Portilla Luja; la directora general de Patrimonio y Servicios Culturales de la Secretar\u00eda de Cultura y Turismo, Ivette Tinoco Garc\u00eda; la presidenta del Sistema DIF Toluca, Viridiana Rodr\u00edguez Rico, as\u00ed como el gabinete y comunidad universitaria, integrantes del gobierno estatal y del Ayuntamiento de Toluca.<\/p>\n","protected":false},"excerpt":{"rendered":"<p>Con la entrega del Premio FILEM 2022 a la escritora mexicana Valeria Luiselli de manos del rector de la Universidad Aut\u00f3noma del Estado de M\u00e9xico (UAEM\u00e9x), Carlos Eduardo Barrera D\u00edaz; la secretaria de Cultura y Turismo estatal, Marcela Gonz\u00e1lez Salas, y el alcalde de Toluca, Raymundo Mart\u00ednez Carbajal, se dio por inaugurada la Feria Internacional del Libro Estado de M\u00e9xico (FILEM) 2022 \u201cCon-textos libres\u201d, que se desarrollar\u00e1 del 26 de agosto al 4 de septiembre.<\/p>\n","protected":false},"author":3,"featured_media":558059,"comment_status":"open","ping_status":"open","sticky":false,"template":"","format":"standard","meta":{"_monsterinsights_skip_tracking":false,"_monsterinsights_sitenote_active":false,"_monsterinsights_sitenote_note":"","_monsterinsights_sitenote_category":0,"footnotes":""},"categories":[5],"tags":[92667,64090,67878],"class_list":["post-557931","post","type-post","status-publish","format-standard","has-post-thumbnail","hentry","category-estado-de-mexico","tag-carlos-eduardo-barrera-diaz","tag-filem","tag-uaemex"],"_links":{"self":[{"href":"https:\/\/www.diarioimagen.net\/index.php?rest_route=\/wp\/v2\/posts\/557931","targetHints":{"allow":["GET"]}}],"collection":[{"href":"https:\/\/www.diarioimagen.net\/index.php?rest_route=\/wp\/v2\/posts"}],"about":[{"href":"https:\/\/www.diarioimagen.net\/index.php?rest_route=\/wp\/v2\/types\/post"}],"author":[{"embeddable":true,"href":"https:\/\/www.diarioimagen.net\/index.php?rest_route=\/wp\/v2\/users\/3"}],"replies":[{"embeddable":true,"href":"https:\/\/www.diarioimagen.net\/index.php?rest_route=%2Fwp%2Fv2%2Fcomments&post=557931"}],"version-history":[{"count":0,"href":"https:\/\/www.diarioimagen.net\/index.php?rest_route=\/wp\/v2\/posts\/557931\/revisions"}],"wp:featuredmedia":[{"embeddable":true,"href":"https:\/\/www.diarioimagen.net\/index.php?rest_route=\/wp\/v2\/media\/558059"}],"wp:attachment":[{"href":"https:\/\/www.diarioimagen.net\/index.php?rest_route=%2Fwp%2Fv2%2Fmedia&parent=557931"}],"wp:term":[{"taxonomy":"category","embeddable":true,"href":"https:\/\/www.diarioimagen.net\/index.php?rest_route=%2Fwp%2Fv2%2Fcategories&post=557931"},{"taxonomy":"post_tag","embeddable":true,"href":"https:\/\/www.diarioimagen.net\/index.php?rest_route=%2Fwp%2Fv2%2Ftags&post=557931"}],"curies":[{"name":"wp","href":"https:\/\/api.w.org\/{rel}","templated":true}]}}