{"id":557933,"date":"2022-08-29T00:01:50","date_gmt":"2022-08-29T05:01:50","guid":{"rendered":"https:\/\/www.diarioimagen.net\/?p=557933"},"modified":"2022-08-29T03:21:20","modified_gmt":"2022-08-29T08:21:20","slug":"movimiento-ciudadano-trabaja-de-la-mano-con-favio-calderon-militantes","status":"publish","type":"post","link":"https:\/\/www.diarioimagen.net\/?p=557933","title":{"rendered":"Movimiento Ciudadano trabaja de la mano con Favio Calder\u00f3n: militantes\u00a0"},"content":{"rendered":"<p>&nbsp;<\/p>\n<ul>\n<li><em><strong>Reconocen su activismo en Naucalpan<\/strong><\/em><\/li>\n<\/ul>\n<p>&nbsp;<\/p>\n<div id=\"attachment_558024\" style=\"width: 470px\" class=\"wp-caption aligncenter\"><img loading=\"lazy\" decoding=\"async\" aria-describedby=\"caption-attachment-558024\" class=\"size-full wp-image-558024\" src=\"https:\/\/www.diarioimagen.net\/wp-content\/uploads\/2022\/08\/BAENA3-4.jpg\" alt=\"\" width=\"460\" height=\"270\" \/><p id=\"caption-attachment-558024\" class=\"wp-caption-text\">Militantes de Movimiento Naranja, que encabeza Dante Delgado, reconocieron y avalaron el liderazgo de Favio Calder\u00f3n en Naucalpan.<\/p><\/div>\n<p>&nbsp;<\/p>\n<p><strong>Naucalpan, Estado de M\u00e9xico.\u2014<\/strong> \u201cNo se equivoquen. En Naucalpan, quien ha trabajado e impulsando a Movimiento Ciudadano, (MC) tiene nombre y apellido: Favio Calder\u00f3n B\u00e1rcenas,\u00a0 un hombre y pol\u00edtico preocupado y ocupado por las necesidades de la ciudadan\u00eda y no hay m\u00e1s\u201d.<\/p>\n<p>As\u00ed lo manifestaron militantes de ese instituto pol\u00edtico, a trav\u00e9s de la l\u00edder social y militante del partido naranja Erika Garc\u00eda, quien asegur\u00f3 que el ahora regidor \u201csigue trabajando para ganar m\u00e1s adeptos a nuestro movimiento con los lineamientos de la dirigencia nacional que encabeza Dante Delgado\u201d, dijo. Por otra parte, la militancia reiter\u00f3 que \u201cM\u00e9xico ni los mexicanos estamos condenados a vivir entre un pasado que ya gobern\u00f3 y le fall\u00f3 a nuestro pa\u00eds, y quienes hoy gobiernan con las mismas malas pr\u00e1cticas. S\u00ed hay otra opci\u00f3n y esta se llama Movimiento Ciudadano\u201d.<\/p>\n<p>Asimismo, reconocieron y avalaron el liderazgo de Favio Calder\u00f3n, quien dicho sea de paso, obtuvo m\u00e1s de 20 mil votos para lograr ser regidor de ese partido pol\u00edtico. \u201cAl \u00fanico l\u00edder que la militancia reconoce en Naucalpan, es a Favio Calder\u00f3n, pues ha cumplido las promesas de campa\u00f1a que hizo a la ciudadan\u00eda. Hay otros (omitieron nombres) que presumen con sombrero ajeno de algo que no han hecho\u201d, reiteraron.<\/p>\n<p>Finalmente, aseguraron que \u201cgracias al trabajo que ha hecho en el Cabildo nuestro representante popular, es como se han ido sumando d\u00eda a d\u00eda m\u00e1s ciudadanos a nuestro partido, que es la verdadera opci\u00f3n para encontrar apoyos y resultados\u201d, concluyeron.<\/p>\n","protected":false},"excerpt":{"rendered":"<p>\u201cNo se equivoquen. En Naucalpan, quien ha trabajado e impulsando a Movimiento Ciudadano, (MC) tiene nombre y apellido: Favio Calder\u00f3n B\u00e1rcenas,\u00a0 un hombre y pol\u00edtico preocupado y ocupado por las necesidades de la ciudadan\u00eda y no hay m\u00e1s\u201d.<\/p>\n","protected":false},"author":3,"featured_media":558024,"comment_status":"open","ping_status":"open","sticky":false,"template":"","format":"standard","meta":{"_monsterinsights_skip_tracking":false,"_monsterinsights_sitenote_active":false,"_monsterinsights_sitenote_note":"","_monsterinsights_sitenote_category":0,"footnotes":""},"categories":[5],"tags":[43675,21564,970],"class_list":["post-557933","post","type-post","status-publish","format-standard","has-post-thumbnail","hentry","category-estado-de-mexico","tag-estado-de-mexico","tag-mc","tag-naucalpan"],"_links":{"self":[{"href":"https:\/\/www.diarioimagen.net\/index.php?rest_route=\/wp\/v2\/posts\/557933","targetHints":{"allow":["GET"]}}],"collection":[{"href":"https:\/\/www.diarioimagen.net\/index.php?rest_route=\/wp\/v2\/posts"}],"about":[{"href":"https:\/\/www.diarioimagen.net\/index.php?rest_route=\/wp\/v2\/types\/post"}],"author":[{"embeddable":true,"href":"https:\/\/www.diarioimagen.net\/index.php?rest_route=\/wp\/v2\/users\/3"}],"replies":[{"embeddable":true,"href":"https:\/\/www.diarioimagen.net\/index.php?rest_route=%2Fwp%2Fv2%2Fcomments&post=557933"}],"version-history":[{"count":0,"href":"https:\/\/www.diarioimagen.net\/index.php?rest_route=\/wp\/v2\/posts\/557933\/revisions"}],"wp:featuredmedia":[{"embeddable":true,"href":"https:\/\/www.diarioimagen.net\/index.php?rest_route=\/wp\/v2\/media\/558024"}],"wp:attachment":[{"href":"https:\/\/www.diarioimagen.net\/index.php?rest_route=%2Fwp%2Fv2%2Fmedia&parent=557933"}],"wp:term":[{"taxonomy":"category","embeddable":true,"href":"https:\/\/www.diarioimagen.net\/index.php?rest_route=%2Fwp%2Fv2%2Fcategories&post=557933"},{"taxonomy":"post_tag","embeddable":true,"href":"https:\/\/www.diarioimagen.net\/index.php?rest_route=%2Fwp%2Fv2%2Ftags&post=557933"}],"curies":[{"name":"wp","href":"https:\/\/api.w.org\/{rel}","templated":true}]}}