{"id":557986,"date":"2022-08-29T00:08:14","date_gmt":"2022-08-29T05:08:14","guid":{"rendered":"https:\/\/www.diarioimagen.net\/?p=557986"},"modified":"2022-08-29T01:22:23","modified_gmt":"2022-08-29T06:22:23","slug":"el-ine-y-su-reforma-electoral","status":"publish","type":"post","link":"https:\/\/www.diarioimagen.net\/?p=557986","title":{"rendered":"El INE y su reforma electoral"},"content":{"rendered":"<h2>Punto por punto<\/h2>\n<h5>Augusto Corro<\/h5>\n<p>&nbsp;<\/p>\n<p>El Instituto Nacional Electoral (INE) aprob\u00f3 el anteproyecto de presupuesto para el ejercicio fiscal 2023, que asciende a 14 mil 437 millones de pesos.<\/p>\n<p>Una suma importante de dinero se destinar\u00eda al pago de salarios. Ser\u00e1 el pr\u00f3ximo a\u00f1o la antesala a las elecciones presidenciales de 2024; as\u00ed como las contiendas estatales en Coahuila y Estado de M\u00e9xico (Edomex).<\/p>\n<p>De esa cantidad de recursos, tambi\u00e9n ir\u00e1 una parte a los partidos pol\u00edticos, para sus campa\u00f1as.<\/p>\n<p>Es necesario recalcar que la democracia mexicana es una de las m\u00e1s caras del mundo. A la fecha, s\u00f3lo hay promesas para reducir el presupuesto al INE.<\/p>\n<p>El presidente L\u00f3pez Obrador contempla en la reforma electoral que, de aprobarse, ahorrar\u00eda miles de millones de pesos del presupuesto del INE.<\/p>\n<p>Mientras se ajustan los gastos en el citado instituto, seguir\u00e1n los r\u00edos de dinero para beneficiar a consejeros y asesores, que en algunos casos tienen salarios m\u00e1s altos que el propio mandatario tabasque\u00f1o.<\/p>\n<p>En este espacio ya expusimos la idea de que los partidos pol\u00edticos no tienen por qu\u00e9 ser subsidiados.<\/p>\n<p>Deben contemplar sus ingresos para mantenimiento de sus inmuebles, sueldos de los empleados y campa\u00f1as pol\u00edticas, con la con lo que reciban de aportaciones econ\u00f3micas de sus seguidores y de su propaganda.<\/p>\n<p>Claro, la recolecci\u00f3n de fondos tendr\u00eda que realizarse con la supervisi\u00f3n de las autoridades correspondientes.<\/p>\n<p>\u201cAlito\u201d y sus problemas<\/p>\n<p>El l\u00edder del PRI, Alejandro Moreno C\u00e1rdenas (a) \u201cAlito\u201d divide a su partido.<\/p>\n<p>En Sonora, se van alcaldes y diputados tricolores a Movimiento Ciudadano (MC).<\/p>\n<p>Entre los que huyeron de \u201cAlito\u201d se encuentran el ex dirigente estatal y l\u00edder de la bancada priista en el Congreso del estado, Ernesto de Lucas Hopkins.<\/p>\n<p>Tambi\u00e9n renunci\u00f3 Natalia Grijalva, presidenta en la Mesa Directiva del Legislativo. Entre los que dejaron al tricolor tambi\u00e9n se encuentra Jes\u00fas Misael Acu\u00f1a, presidente municipal de Divisaderos.<\/p>\n<p>Como se ve, el PRI ser\u00e1 sacudido por problemas internos y externos. Son muchos militantes tricolores que rechazan el liderazgo de \u201cAlito\u201d.<\/p>\n<p>\u00bfUsted qu\u00e9 opina amable lector?<\/p>\n<p style=\"text-align: center;\"><strong>Las tragedias mineras<\/strong><\/p>\n<p>\u00bfLas tragedias registradas en las minas de carb\u00f3n mineral pueden evitarse?<\/p>\n<p>Se supone que s\u00ed hay posibilidades de proteger la vida de los mineros en esos centros de trabajo.<\/p>\n<p>Pero resulta que en quienes se dedican a trabajar en los t\u00faneles no tienen la protecci\u00f3n adecuada.<\/p>\n<p>Es nula la aplicaci\u00f3n de medidas preventivas.<\/p>\n<p>Por ejemplo, en la mina El Pinabete donde ocurri\u00f3 el \u00faltimo accidente tiene atrapados a 10 trabajadores. Su rescate podr\u00eda durar meses.<\/p>\n<p>\u00bfQui\u00e9n inspeccion\u00f3 ese pozo para asegurar que se podr\u00eda trabajar sin correr tantos riesgos?<\/p>\n<p>Como se sabe, en Coahuila en la zona carbon\u00edfera est\u00e1n abiertos los llamados \u201cpocitos\u201d para la extracci\u00f3n del mineral.<\/p>\n<p>Las autoridades poco o nada hacen para evitar que las tragedias se repitan.<\/p>\n<p>Esta vez fue una inundaci\u00f3n la que atrap\u00f3 a los mineros; pero las causas de los accidentes se derivan de derrumbes o explosiones de gas gris\u00fa.<\/p>\n<p>Ahora se recuerda la explosi\u00f3n en una mina de Barroter\u00e1n, Coahuila, en la que perdieron la vida 153 trabajadores. Esto ocurri\u00f3 en 1969.<\/p>\n<p>En 2006, en la mina Pasta de Conchos, se registr\u00f3 un accidente en el que murieron 65 trabajadores. 63 de estos mineros quedaron sepultados.<\/p>\n<p>Son innumerables los peligros que corren los mineros en la zona carbon\u00edfera donde abundan los \u201cpocitos\u201d. Es en El Pinabete inundado, en el que est\u00e1n atrapados diez trabajadores.<\/p>\n<p>Expertos en miner\u00eda se pronunciaron por que se legisle la extracci\u00f3n de carb\u00f3n en los citados pocitos, que son peque\u00f1as minas a las que se llega por un tiro vertical, con un di\u00e1metro de 1.5 metros y profundidades hasta de 400 metros.<\/p>\n<p>\u00bfY los sindicatos que apoyan y auxilien a los mineros? \u00bfCu\u00e1les? \u00bfY las medidas de prevenci\u00f3n?<\/p>\n<p>La tragedia permanece en El Pinabete, donde familiares de los mineros exigen el rescate de los atrapados desde el pasado 3 de agosto.<\/p>\n<p><em><a href=\"mailto:aco2742@hotmail.com\" target=\"_blank\" rel=\"noopener noreferrer\">aco2742@hotmail.com<\/a><\/em><\/p>\n","protected":false},"excerpt":{"rendered":"<p><span style=\"color: #005497;\"><strong>Augusto Corro<\/strong><\/span><\/p>\n","protected":false},"author":3,"featured_media":0,"comment_status":"open","ping_status":"open","sticky":false,"template":"","format":"standard","meta":{"_monsterinsights_skip_tracking":false,"_monsterinsights_sitenote_active":false,"_monsterinsights_sitenote_note":"","_monsterinsights_sitenote_category":0,"footnotes":""},"categories":[157],"tags":[43686,43674,11515],"class_list":["post-557986","post","type-post","status-publish","format-standard","hentry","category-augusto-corro","tag-augusto-corro","tag-opinion","tag-punto-por-punto"],"_links":{"self":[{"href":"https:\/\/www.diarioimagen.net\/index.php?rest_route=\/wp\/v2\/posts\/557986","targetHints":{"allow":["GET"]}}],"collection":[{"href":"https:\/\/www.diarioimagen.net\/index.php?rest_route=\/wp\/v2\/posts"}],"about":[{"href":"https:\/\/www.diarioimagen.net\/index.php?rest_route=\/wp\/v2\/types\/post"}],"author":[{"embeddable":true,"href":"https:\/\/www.diarioimagen.net\/index.php?rest_route=\/wp\/v2\/users\/3"}],"replies":[{"embeddable":true,"href":"https:\/\/www.diarioimagen.net\/index.php?rest_route=%2Fwp%2Fv2%2Fcomments&post=557986"}],"version-history":[{"count":0,"href":"https:\/\/www.diarioimagen.net\/index.php?rest_route=\/wp\/v2\/posts\/557986\/revisions"}],"wp:attachment":[{"href":"https:\/\/www.diarioimagen.net\/index.php?rest_route=%2Fwp%2Fv2%2Fmedia&parent=557986"}],"wp:term":[{"taxonomy":"category","embeddable":true,"href":"https:\/\/www.diarioimagen.net\/index.php?rest_route=%2Fwp%2Fv2%2Fcategories&post=557986"},{"taxonomy":"post_tag","embeddable":true,"href":"https:\/\/www.diarioimagen.net\/index.php?rest_route=%2Fwp%2Fv2%2Ftags&post=557986"}],"curies":[{"name":"wp","href":"https:\/\/api.w.org\/{rel}","templated":true}]}}