{"id":557990,"date":"2022-08-29T00:11:32","date_gmt":"2022-08-29T05:11:32","guid":{"rendered":"https:\/\/www.diarioimagen.net\/?p=557990"},"modified":"2022-08-29T01:25:45","modified_gmt":"2022-08-29T06:25:45","slug":"adan-augusto-analfabeta-politico","status":"publish","type":"post","link":"https:\/\/www.diarioimagen.net\/?p=557990","title":{"rendered":"Ad\u00e1n Augusto, analfabeta pol\u00edtico"},"content":{"rendered":"<h2>\u00cdndice pol\u00edtico<\/h2>\n<h5>Francisco Rodr\u00edguez<\/h5>\n<p>&nbsp;<\/p>\n<ul>\n<li><strong><em>Sheinbaum: lambisconer\u00eda pedante<\/em><\/strong><\/li>\n<li><strong><em>Monreal, del lado de la legalidad<\/em><\/strong><\/li>\n<\/ul>\n<p>&nbsp;<\/p>\n<p>Al se\u00f1or <strong>Andr\u00e9s Manuel L\u00f3pez Obrador<\/strong> le vale la Constituci\u00f3n \u201cy las leyes que de ella emanan\u201d que jurara cumplir y hacer cumplir.<\/p>\n<p>Y ya alguna vez hasta ha soltado que a \u00e9l no le \u201csalgan con eso de que la ley es la ley\u201d.<\/p>\n<p>Eso es la llamada 4T:<\/p>\n<p>Imposiciones y arbitrariedades constantes, corrupci\u00f3n cada vez m\u00e1s apabullante, criminalidad en constante ascenso\u2026 porque muy desgraciadamente los mexicanos tenemos hoy un gobiernito \u2014\u00e9ste s\u00ed de cuarta\u2014 que no ajusta su actuaci\u00f3n dentro del marco normativo.<\/p>\n<p>Adem\u00e1s, porque quienes rodean al cada vez m\u00e1s irascible ocupante de Palacio Nacional pecan de ignorancia supina\u2026 o tienen temor a que desate su furia sobre ellos, por lo que prefieren seguirle la corriente \u2014aunque sepan que AMLO mantiene posiciones err\u00f3neas, equivocadas\u2014 y con ello no perder el favor \u201cde El Se\u00f1or\u201d y, claro, \u201cel hueso\u201d.<\/p>\n<p>Ah\u00ed tenemos el actual caso de quien nos cobra por despachar en el viejo Palacete de los Cobi\u00e1n, <strong>Ad\u00e1n Augusto L\u00f3pez<\/strong>, quien con tal de arrancar unos cuantos aplausos y aislados gritos de \u201c\u00a1presidente! \u00a1presidente!\u201d evidenci\u00f3 ante la manada morenista de la C\u00e1mara de Diputados su analfabetismo pol\u00edtico y, sobre todo, jur\u00eddico.<\/p>\n<p>\u00a1En esas manos est\u00e1n la gobernabilidad y la gobernanza del pa\u00eds!<\/p>\n<p>Porque en la reuni\u00f3n de la bancada guinda, previa al inicio de sesiones \u2014que se convirti\u00f3 en pasarela de \u201ccorcholatas\u201d\u2014, el ex senador y ex gobernador de Tabasco solt\u00f3 de su ronco pecho:<\/p>\n<p>\u201cNosotros creemos que no pueden estar las convenciones internacionales por encima de nuestra Carta Magna\u2026\u201d, refiri\u00e9ndose a la legislaci\u00f3n internacional que no contempla y s\u00ed condena las figuras del arraigo y la prisi\u00f3n preventiva de oficio por ser contrarias a los Derechos Humanos y, sobre todo, a la presunci\u00f3n de inocencia que ya consagra nuestra Carta Magna.<\/p>\n<p>Pero como la oposici\u00f3n a su derogaci\u00f3n de nuestro derecho penal parte de Palacio Nacional, L\u00f3pez Hern\u00e1ndez sigue la corriente diciendo barrabasadas, basadas en creencias, no en hechos.<\/p>\n<p>Porque desde 1992 <strong>las leyes constitucionales y los tratados internacionales tienen la misma jerarqu\u00eda normativa<\/strong> y se encuentran en un nivel superior a las leyes federales y locales que se ubican en uno inferior sin que entre ellas, una prive sobre la otra.<\/p>\n<p>Pero, todav\u00eda peor. En el mismo evento, se lanz\u00f3 en contra del proyecto presentado por el ministro Jos\u00e9 Mar\u00eda Aguilar a consideraci\u00f3n del pleno de la <em>Corta<\/em> de Justicia.<\/p>\n<p>Dijo que si ese proyecto llegar\u00e1 a declararse viable, \u201cpues estar\u00eda terminando con toda la estrategia de seguridad de este pa\u00eds y yo creo que eso no lo merecen los mexicanos\u201d.<\/p>\n<p>\u00bfCu\u00e1l estrategia de seguridad? \u00bfLa de abrazos, no balazos?<\/p>\n<p>Estamos jodidos, entonces, se\u00f1or secretario de Gobernaci\u00f3n.<\/p>\n<p>\u00bfNo cree usted?<\/p>\n<p style=\"text-align: center;\"><strong>Claudia, la aduladora<\/strong><\/p>\n<p>\u00a1Ya <em>chole<\/em> con los infinitos halagos de <strong>Claudia Sheinbaum <\/strong>a L\u00f3pez Obrador!<\/p>\n<p>Harta, atiborra, empacha con tanta lambisconer\u00eda a la figura de AMLO.<\/p>\n<p>\u00bfQu\u00e9 no tiene nada serio, profundo, qu\u00e9 decir? \u00bfSe le agot\u00f3 el discurso pol\u00edtico? Pues \u00a1tendr\u00e1 que contratar a un mercad\u00f3logo extranjero para que la asesore!<\/p>\n<p>Porque, mire usted, la \u201cregenta\u201d de AMLO en CDMX acaba de lanzar una convocatoria a los morenistas, en el mismo evento que le sirvi\u00f3 de pasarela, y no para elaborar una agenda legislativa, de los diputados a quienes m\u00e1s o menos coordina <strong><em>Nachito<\/em> Mier<\/strong>.<\/p>\n<p>\u00bfUna convocatoria de Sheinbaum para reiniciar la recuperaci\u00f3n econ\u00f3mica con leyes <em>ad hoc<\/em>? \u00bfAcaso para que de verdad la mayor\u00eda en la C\u00e1mara baja legisle una reforma penal y penitenciaria como demandan estos tiempos violentos, que ya son hasta de narcoterrorismo? \u00bfQuiz\u00e1 para que mejore en serio el sistema de salud, aunque en calidad de mientras no sea como el de Dinamarca?<\/p>\n<p>No, <em>ladies &amp; gentlemen<\/em>, la convocatoria de la cient\u00edfica, avalada por cifras eso s\u00ed, es para que todos los que pertenecen a la (mal) llamada Cuarta Transformaci\u00f3n se aboquen a \u201cla tarea\u201d de hacer \u00a1<strong>que, en septiembre de 2024, el presidente Andr\u00e9s Manuel L\u00f3pez Obrador logre 85% de popularidad en M\u00e9xico!<\/strong><\/p>\n<p>Y es que dice hoy tenemos al mejor Presidente de la Rep\u00fablica en toda la historia nacional, algo que estoy cierto ni ella cree en lo m\u00e1s profundo de su oscuro ser.<\/p>\n<p>\u00bfA poco no es cierto que la se\u00f1ora Claudia Sheinbaum ya cansa con tanto halago bobalic\u00f3n a AMLO?<\/p>\n<p style=\"text-align: center;\"><strong>Indicios<\/strong><\/p>\n<p>A diferencia de Ad\u00e1n Augusto L\u00f3pez, quien basa sus afirmaciones s\u00f3lo en creencias, el doctor en Derecho <strong>Ricardo Monreal <\/strong>ha expresado con todo conocimiento de causa que la iniciativa preferente que el presidente Andr\u00e9s Manuel L\u00f3pez Obrador enviar\u00e1 a la C\u00e1mara de Diputados el pr\u00f3ximo 1 de septiembre para hacer que la Guardia Nacional se militarice totalmente dentro del organigrama de la Secretar\u00eda de la Defensa Nacional bajo el mando de Cresencio Sandoval. \u201cMi punto de vista es que se requiere una reforma constitucional, no puede ni por la v\u00eda del decreto, ni por la v\u00eda del acuerdo, ni tampoco ning\u00fan otro ordenamiento jur\u00eddico menor al de la Constituci\u00f3n\u201d. * * * A prop\u00f3sito, un amigo lector me hace llegar la siguiente observaci\u00f3n sobre la reciente ola de violencia en la entidad de donde es oriundo el presidente de la Jucopo en la C\u00e1mara alta: \u201cEste parece ser mensaje a Ricardo Monreal, ante su activismo pol\u00edtico en favor de su candidatura a la Presidencia. La intenci\u00f3n es generar un clima de ingobernabilidad y terror en el estado que supuestamente gobierna su hermano, por parte de grupos criminales, supuestamente c\u00f3mplices de Morena. \u00bfNo le qued\u00f3 claro a Monreal, que hasta ah\u00ed llegar\u00eda su cacicazgo? Veremos en los pr\u00f3ximos d\u00edas qu\u00e9 decide: si le baja dos rayitas a su mezcal o de plano inicia mayor beligerancia declarativa. El hermano, el gobernador <strong>David Monreal<\/strong>, no cuenta, no sirve, no existe. Digo yo.\u201d * * * Y por hoy es todo. Agradezco me haya acompa\u00f1ado hasta aqu\u00ed con la lectura de estos p\u00e1rrafos y, como siempre, le deseo que tenga \u00a1buenas gracias y muchos, muchos d\u00edas!<\/p>\n<p><em><u><a href=\"http:\/\/www.indicepolitico.com\" target=\"_blank\" rel=\"noopener noreferrer\">www.indicepolitico.com<\/a><\/u><u><br \/>\n<\/u><a href=\"mailto:indicepolitico@gmail.com\" target=\"_blank\" rel=\"noopener noreferrer\">indicepolitico@gmail.com<\/a><\/em><br \/>\n<em><a href=\"https:\/\/twitter.com\/indicepolitico?lang=es\" target=\"_blank\" rel=\"noopener noreferrer\">@IndicePolitico<\/a><\/em><br \/>\n<em><u><a href=\"https:\/\/twitter.com\/pacorodriguez\" target=\"_blank\" rel=\"noopener noreferrer\">@pacorodriguez<\/a><\/u><\/em><\/p>\n","protected":false},"excerpt":{"rendered":"<p><span style=\"color: #005497;\"><strong>Francisco Rodr\u00edguez<\/strong><\/span><\/p>\n","protected":false},"author":3,"featured_media":0,"comment_status":"open","ping_status":"open","sticky":false,"template":"","format":"standard","meta":{"_monsterinsights_skip_tracking":false,"_monsterinsights_sitenote_active":false,"_monsterinsights_sitenote_note":"","_monsterinsights_sitenote_category":0,"footnotes":""},"categories":[549],"tags":[43689,550,43674],"class_list":["post-557990","post","type-post","status-publish","format-standard","hentry","category-francisco-rodriguez","tag-francisco-rodriguez","tag-indice-politico","tag-opinion"],"_links":{"self":[{"href":"https:\/\/www.diarioimagen.net\/index.php?rest_route=\/wp\/v2\/posts\/557990","targetHints":{"allow":["GET"]}}],"collection":[{"href":"https:\/\/www.diarioimagen.net\/index.php?rest_route=\/wp\/v2\/posts"}],"about":[{"href":"https:\/\/www.diarioimagen.net\/index.php?rest_route=\/wp\/v2\/types\/post"}],"author":[{"embeddable":true,"href":"https:\/\/www.diarioimagen.net\/index.php?rest_route=\/wp\/v2\/users\/3"}],"replies":[{"embeddable":true,"href":"https:\/\/www.diarioimagen.net\/index.php?rest_route=%2Fwp%2Fv2%2Fcomments&post=557990"}],"version-history":[{"count":0,"href":"https:\/\/www.diarioimagen.net\/index.php?rest_route=\/wp\/v2\/posts\/557990\/revisions"}],"wp:attachment":[{"href":"https:\/\/www.diarioimagen.net\/index.php?rest_route=%2Fwp%2Fv2%2Fmedia&parent=557990"}],"wp:term":[{"taxonomy":"category","embeddable":true,"href":"https:\/\/www.diarioimagen.net\/index.php?rest_route=%2Fwp%2Fv2%2Fcategories&post=557990"},{"taxonomy":"post_tag","embeddable":true,"href":"https:\/\/www.diarioimagen.net\/index.php?rest_route=%2Fwp%2Fv2%2Ftags&post=557990"}],"curies":[{"name":"wp","href":"https:\/\/api.w.org\/{rel}","templated":true}]}}