{"id":557991,"date":"2022-08-29T00:06:41","date_gmt":"2022-08-29T05:06:41","guid":{"rendered":"https:\/\/www.diarioimagen.net\/?p=557991"},"modified":"2022-08-29T01:27:49","modified_gmt":"2022-08-29T06:27:49","slug":"apoyo-al-campo-ahora-si","status":"publish","type":"post","link":"https:\/\/www.diarioimagen.net\/?p=557991","title":{"rendered":"Apoyo al campo \u00bfAhora s\u00ed?"},"content":{"rendered":"<h2>Como veo, doy<\/h2>\n<h5>Jorge Luis Galicia Palacios<\/h5>\n<p><strong>\u00a0<\/strong><\/p>\n<ul>\n<li><em><strong>Sheinbaum plantea reformar Constituci\u00f3n local para elevar recursos al campo<\/strong><\/em><\/li>\n<\/ul>\n<p>&nbsp;<\/p>\n<p>Para nadie es un secreto que uno de los grandes pendientes de la acci\u00f3n gubernamental es la atenci\u00f3n a la problem\u00e1tica del campo mexicano, por eso los trabajadores y familias que habitan en suelo rural y boscoso en la Ciudad de M\u00e9xico se congratulan con s\u00f3lo o\u00edr las palabras de la Jefa de Gobierno, Claudia Sheinbaum Pardo, quien anunci\u00f3 que en breve enviar\u00e1 al Congreso local una iniciativa de reforma constitucional para que el apoyo a los productores del suelo de conservaci\u00f3n en esta parte del pa\u00eds sea un derecho y cada a\u00f1o reciban recursos por arriba de\u00a0 la inflaci\u00f3n.<\/p>\n<p>\u201cLo que les propongo es que hagamos, hay una ley para preservar los servicios ambientales de la ciudad, pero podemos hacer una propuesta para que quede en la Constituci\u00f3n de la Ciudad de M\u00e9xico: Que cada a\u00f1o se le debe de dar m\u00e1s recursos al campo de lo que se le dio el a\u00f1o anterior\u201d. Lo anterior, en el marco de un evento celebrado en la alcald\u00eda de Xochimilco, donde la mandataria capitalina entreg\u00f3 200 Certificados Agroecol\u00f3gicos a Productores del Campo.<\/p>\n<p>Sheinbaum Pardo agreg\u00f3: \u201cNo podemos permitir que ning\u00fan gobierno que venga deje de apoyar al campo como se est\u00e1 apoyando ahora, entonces hay que ponerlo en la ley, hay que ponerlo en la Constituci\u00f3n de la Ciudad de M\u00e9xico; entonces, podemos hacer una propuesta para que quede en la Constituci\u00f3n\u201d.<\/p>\n<p>Dijo que con esa iniciativa se garantizar\u00e1 que los trabajadores del suelo rural y en general los productores del campo reciban, cada a\u00f1o, m\u00e1s recursos respecto al a\u00f1o anterior. \u201cVamos a hacer esta propuesta al Congreso, para preservar los bosques, preservar el campo de la Ciudad de M\u00e9xico\u201d, subray\u00f3 la jefa de Gobierno.<\/p>\n<p>En ese contexto, de proponer incrementos anuales de apoyo al campo, Sheinbaum Pardo coment\u00f3 que mientras en la administraci\u00f3n anterior se otorgaron 200 millones de pesos al campo, en su gobierno durante 2019 se dieron mil millones de pesos y al t\u00e9rmino de 2022 se habr\u00e1n orientado apoyos directos por 4 mil 100 millones de pesos.<\/p>\n<p>Sin duda es una buena noticia, da gusto saber que, al menos en la Ciudad de M\u00e9xico, la gente del campo cuenta con una aliada, no s\u00f3lo para conservar y proteger al suelo rural y de conservaci\u00f3n ecol\u00f3gica, sino para hacerlo m\u00e1s productivo y que eso se traduzca en mejores ingresos para quienes habitan en el medio rural, ll\u00e1mense de Tlalpan, Xochimilco, Tl\u00e1huac, Milpa Alta, Cuajimalpa o de cualquier otra zona con caracter\u00edsticas propias del\u00a0 campo mexicano.<\/p>\n<p>Nos da gusto, sobre todo porque es precisamente en el campo donde a\u00fan falta mucho por hacer en materia de desarrollo agropecuario y combate a la pobreza, y porque en \u00e9l hay muestras suficientes de lo importante, estrat\u00e9gico y prioritario que es el sector agroalimentario para M\u00e9xico, ojal\u00e1 que este tipo de iniciativas se replicaran en todo lo largo y ancho del pa\u00eds.<\/p>\n<p>Lo que propone Claudia Sheinbaum es una noticia por a\u00f1os esperada entre las familias campesinas, lo malo es que esta se da en el contexto de fechas pol\u00edticas por venir, de campa\u00f1as electorales donde se promete de todo y\u00a0 luego ese todo se olvida o se cumple muy poco. Que conste.<\/p>\n<p><strong>LAS CARTAS HABLAN.\u2014<\/strong> Cuando Vicente Fox hizo campa\u00f1a para la Presidencia de la Rep\u00fablica los productores del sector agroalimentario vieron con mucha esperanza sus propuestas y hasta se sintieron tomados en cuenta en sus a\u00f1ejas demandas con la instrumentaci\u00f3n de una nueva Ley de Desarrollo Rural Sustentable, cuando el de Guanajuato se hizo de la silla del \u00e1guila.<\/p>\n<p>No\u00a0 fue as\u00ed, el cambio prometido en el campo nunca lleg\u00f3, lo que s\u00ed llegaron\u00a0 fueron algunas cajas de \u201cmejoralitos\u201d disfrazadas de Procampo. Fueron doce a\u00f1os de administraciones panistas, doce a\u00f1os de olvido, burocratismo y corrupci\u00f3n.<\/p>\n<p>Despu\u00e9s, el entonces candidato a la Presidencia de M\u00e9xico, Enrique Pe\u00f1a Nieto, en Jiquilpan, Michoac\u00e1n, hizo un compromiso: \u201cmi gobierno va a impulsar un cambio en el modelo alimentario del pa\u00eds, y un cambio en el modelo de producci\u00f3n para nuestro pa\u00eds\u201d.<\/p>\n<p>Pe\u00f1a Nieto lleg\u00f3 a la primera magistratura de la naci\u00f3n, y hasta anunci\u00f3 el inicio de los trabajos de la Reforma del Campo Mexicano, pero muy poco hizo. Las propuestas para el sector agroalimentario ni siquiera fueron incluidas en las llamadas reformas estructurales.<\/p>\n<p><strong>VA MI RESTO.\u2014<\/strong> Entonces con la propuesta de Claudia Sheinbaum no hay que echar las campanas al vuelo porque en tiempos pol\u00edticos influyen las posiciones partidistas y no hay que olvidar que su iniciativa requiere algo m\u00e1s que la voluntad, de ah\u00ed que sean los legisladores capitalinos quienes tendr\u00e1n que decidir sobre lo que a simple vista parece una buena propuesta y una deuda pendiente con el sector rural: Tendr\u00e1n que decidir entre sus intereses pol\u00edticos y los intereses del campo.<\/p>\n<p>La tarea no ser\u00e1 f\u00e1cil, ojal\u00e1 opten por la segunda opci\u00f3n, porque es muy com\u00fan que en los \u00faltimos a\u00f1os y en todas partes se escuche la voz campesina en el sentido de que \u201cel campo ya no puede esperar\u201d, y no estar\u00eda mal que la larga espera empezar\u00e1 a ser atendida desde el coraz\u00f3n mismo del pa\u00eds, desde la Ciudad de M\u00e9xico, y hasta ah\u00ed porque como veo doy.<\/p>\n<p><em><a href=\"mailto:jorgelgalicia@yahoo.com.mx\" target=\"_blank\" rel=\"noopener noreferrer\">jorgelgalicia@yahoo.com.mx<\/a><\/em><\/p>\n","protected":false},"excerpt":{"rendered":"<p><span style=\"color: #005497;\"><strong>Jorge Luis Galicia Palacios<\/strong><\/span><\/p>\n","protected":false},"author":3,"featured_media":0,"comment_status":"open","ping_status":"open","sticky":false,"template":"","format":"standard","meta":{"_monsterinsights_skip_tracking":false,"_monsterinsights_sitenote_active":false,"_monsterinsights_sitenote_note":"","_monsterinsights_sitenote_category":0,"footnotes":""},"categories":[63916],"tags":[28722,63917,43674],"class_list":["post-557991","post","type-post","status-publish","format-standard","hentry","category-jorge-luis-galicia-palacios","tag-como-veo-doy","tag-jorge-luis-galicia-palacios","tag-opinion"],"_links":{"self":[{"href":"https:\/\/www.diarioimagen.net\/index.php?rest_route=\/wp\/v2\/posts\/557991","targetHints":{"allow":["GET"]}}],"collection":[{"href":"https:\/\/www.diarioimagen.net\/index.php?rest_route=\/wp\/v2\/posts"}],"about":[{"href":"https:\/\/www.diarioimagen.net\/index.php?rest_route=\/wp\/v2\/types\/post"}],"author":[{"embeddable":true,"href":"https:\/\/www.diarioimagen.net\/index.php?rest_route=\/wp\/v2\/users\/3"}],"replies":[{"embeddable":true,"href":"https:\/\/www.diarioimagen.net\/index.php?rest_route=%2Fwp%2Fv2%2Fcomments&post=557991"}],"version-history":[{"count":0,"href":"https:\/\/www.diarioimagen.net\/index.php?rest_route=\/wp\/v2\/posts\/557991\/revisions"}],"wp:attachment":[{"href":"https:\/\/www.diarioimagen.net\/index.php?rest_route=%2Fwp%2Fv2%2Fmedia&parent=557991"}],"wp:term":[{"taxonomy":"category","embeddable":true,"href":"https:\/\/www.diarioimagen.net\/index.php?rest_route=%2Fwp%2Fv2%2Fcategories&post=557991"},{"taxonomy":"post_tag","embeddable":true,"href":"https:\/\/www.diarioimagen.net\/index.php?rest_route=%2Fwp%2Fv2%2Ftags&post=557991"}],"curies":[{"name":"wp","href":"https:\/\/api.w.org\/{rel}","templated":true}]}}