{"id":557998,"date":"2022-08-29T00:07:52","date_gmt":"2022-08-29T05:07:52","guid":{"rendered":"https:\/\/www.diarioimagen.net\/?p=557998"},"modified":"2022-08-29T01:31:13","modified_gmt":"2022-08-29T06:31:13","slug":"reforma-de-la-guardia-nacional-evidencia-diferencias-de-criterio-dentro-de-morena","status":"publish","type":"post","link":"https:\/\/www.diarioimagen.net\/?p=557998","title":{"rendered":"Reforma de la Guardia Nacional evidencia diferencias de criterio dentro de Morena"},"content":{"rendered":"<h2>Clase Pol\u00edtica<\/h2>\n<h5>Miguel \u00c1ngel Rivera<strong>\u00a0<\/strong><\/h5>\n<p>&nbsp;<\/p>\n<p>Uno de los pendientes de la llamada Cuarta Transformaci\u00f3n para el inminente periodo extraordinario de sesiones es el traspaso legal del mando de la Guardia Nacional a la Secretar\u00eda de la Defensa Nacional.<\/p>\n<p>El presidente Andr\u00e9s Manuel L\u00f3pez Obrador ha se\u00f1alado que ese cambio es necesario para evitar que la Guardia Nacional entre en un proceso de corrupci\u00f3n como anteriores corporaciones, en particular la Polic\u00eda Federal y su antecesor la Polic\u00eda Federal Preventiva, a las que el actual gobierno federal responsabiliza pr\u00e1cticamente de todos los males en materia de seguridad p\u00fablica, en particular el crecimiento y consolidaci\u00f3n de los grupos criminales que actualmente predominan en grandes extensiones del territorio nacional.<\/p>\n<p>Esa suposici\u00f3n se refuerza por el encarcelamiento en los Estados Unidos de Genaro Garc\u00eda Luna, el que fuera secretario de Seguridad del gobierno panista presidido por Felipe Calder\u00f3n Hinojosa, convertido por el actual primer mandatario en su blanco favorito.<\/p>\n<p>De hecho, las cr\u00edticas contra la desaparecida Polic\u00eda Federal, en parte sus elementos transferidos a la ahora Guardia Nacional, se ha justificado no s\u00f3lo por la captura de Garc\u00eda Luna, sino otros dos altos mandos, Luis C\u00e1rdenas Palomino e Iv\u00e1n Reyes Arzate, quienes, seg\u00fan se\u00f1alan las autoridades de Estados Unidos, estaban coludidos con organizaciones criminales.<\/p>\n<p>A pesar de esas denuncias, hasta ahora no hay una sentencia contra Garc\u00eda Luna, pero para efectos nacionales, en M\u00e9xico est\u00e1 convertido en ejemplo vivo de la corrupci\u00f3n polic\u00edaca.<\/p>\n<p>Desde su nacimiento, la Guardia Nacional se nutri\u00f3 de las fuerzas armadas, que trasladaron principalmente a los elementos de las polic\u00edas militares, mientras que muchos miembros de la desaparecida Polic\u00eda Federal optaron por darse de baja, para no someterse a la disciplina militar y, sobre todo, porque perd\u00edan parte de sus prestaciones.<\/p>\n<p>Ese proceso de integraci\u00f3n del \u201cnuevo\u201d cuerpo policiaco gener\u00f3 desde el inicio grandes protestas porque se le consideraba parte de un indeseado proceso de militarizaci\u00f3n del pa\u00eds.<\/p>\n<p>Cuando eran oposici\u00f3n, los militantes de la llamada Cuarta Transformaci\u00f3n se opusieron radicalmente a todo lo que pareciera militarizaci\u00f3n, pero al llegar al poder modificaron su pensamiento y defendieron esa fusi\u00f3n, policiaco-militar.<\/p>\n<p>Pero eso no fue suficiente, pues el proceso de cambio continu\u00f3, hasta el grado que el presidente L\u00f3pez Obrador \u2014que en su campa\u00f1a no s\u00f3lo protest\u00f3 contra la militarizaci\u00f3n, sino que lleg\u00f3 a anticipar la desaparici\u00f3n del Ej\u00e9rcito\u2014 anunci\u00f3 una iniciativa de ley para entregar el mando de la Guardia Nacional a la Secretar\u00eda de la Defensa.<\/p>\n<p>Con este viraje se violentaba el acuerdo al que llegaron la llamada Cuarta Transformaci\u00f3n y los partidos de oposici\u00f3n para darle forma a la Guardia Nacional. Las condiciones de los inconformes eran que la participaci\u00f3n de las fuerzas armadas en ese cuerpo polic\u00edaco fuera reglamentada y por tiempo limitado, adem\u00e1s de que el mando superior estuviera a cargo de un civil.<\/p>\n<p>Como en muchos otros aspectos de la vida nacional, hubo simulaci\u00f3n, pues en los hechos la Guardia qued\u00f3 desde un inicio bajo el control de la Secretar\u00eda de la Defensa y no de la Secretar\u00eda de Seguridad, pero de cualquier forma no hubo mayores manifestaciones de inconformidad y la situaci\u00f3n qued\u00f3 en paz.<\/p>\n<p>La tregua la rompi\u00f3 el presidente L\u00f3pez Obrador al anunciar su iniciativa de reforma constitucional para entregar plenamente el mando de la Guardia Nacional a la Sedena.<\/p>\n<p>Para empeorar la situaci\u00f3n, gobierno y oposici\u00f3n se hab\u00edan distanciado m\u00e1s porque fue echada abajo la iniciativa de reforma energ\u00e9tica y, en represalia, los oficialistas acusaron a los inconformes de \u201ctraidores a la patria\u201d, quienes a su vez endurecieron su posici\u00f3n y anunciaron un bloqueo legislativo, encaminado a detener en especial las reformas constitucionales.<\/p>\n<p>En este apartado qued\u00f3 la reforma de la Guardia Nacional que ahora pretende imponer el gobierno federal, que no tiene los votos suficientes para imponerla.<\/p>\n<p style=\"text-align: center;\"><strong>La 4T pretende que la reforma de la Guardia<br \/>\nNacional sea tratada como iniciativa preferente<\/strong><\/p>\n<p>Como los legisladores del oficialismo est\u00e1n acostumbrados a cumplir las instrucciones presidenciales \u201cal pie de la letra\u201d, no solamente se alistan para aprobar la iniciativa presidencial, sino que pretenden darle trato preferente, para que sea de los primeros temas a tratar en el periodo de sesiones que se inicia en el ya muy cercano 1 de septiembre.<\/p>\n<p>El coordinador de Morena en la C\u00e1mara de Diputados, Ignacio Mier, anticip\u00f3 el voto mayoritario de los legisladores de su partido y de los grupos parlamentarios aliados a la iniciativa preferente que el presidente Andr\u00e9s Manuel L\u00f3pez Obrador enviar\u00e1 el pr\u00f3ximo 1 de septiembre en materia de Guardia Nacional y Seguridad P\u00fablica.<\/p>\n<p>Al rendir su informe de labores en Cholula, Puebla, el coordinador de Morena en la C\u00e1mara de Diputados se comprometi\u00f3 a aprobar la iniciativa de reforma sobre la Guardia Nacional (GN), luego de que el dirigente de este partido, Mario Delgado, pidi\u00f3 a los legisladores no dudar ni un minuto en apoyar la propuesta del Ejecutivo de trasladar este organismo al \u00e1mbito de la Secretar\u00eda de la Defensa Nacional (Sedena), para que lo coordine administrativa y organizativamente.<\/p>\n<p>Delgado solicit\u00f3 el respaldo de los diputados \u201cmorenos\u201d para que la GN tenga un gran futuro y sea un cuerpo incorruptible, que siga llevando la paz y la tranquilidad a todo el territorio nacional.<\/p>\n<p>Ante invitados como los gobernadores de Michoac\u00e1n, Alfredo Ram\u00edrez Bedolla; Morelos, Cuauht\u00e9moc Blanco; Sinaloa, Rub\u00e9n Rocha, y San Luis Potos\u00ed, Ricardo Gallardo, el dirigente nacional de Morena pidi\u00f3 a sus legisladores no dejarse enga\u00f1ar por la derecha con el falso discurso de la militarizaci\u00f3n. Delgado olvid\u00f3 que hace menos de 15 d\u00edas en la Comisi\u00f3n Permanente, la bancada de PAN revivi\u00f3 videos en los cuales el entonces opositor protestaba con intensidad contra la ahora \u201cbienvenida\u201d militarizaci\u00f3n.<\/p>\n<p>Mier ofreci\u00f3 que los legisladores de Morena y sus r\u00e9moras garantizar\u00e1n que la GN sea un instrumento que permita a L\u00f3pez Obrador cumplir el mandato constitucional de proteger la integridad f\u00edsica y el patrimonio de los mexicanos.<\/p>\n<p>Los legisladores oficialistas pretenden \u201csaltarse\u201d el obst\u00e1culo de la votaci\u00f3n calificada (dos terceras partes de los presentes) con una simple modificaci\u00f3n a las leyes reglamentarias. Presuponen que habr\u00e1 demandas de inconstitucionalidad que tendr\u00e1 que revisar la Suprema Corte de Justicia, en donde la mayor\u00eda de ministros alineados con la 4T aprobar\u00e1n los aspectos esenciales de la reforma \u2014como ocurri\u00f3 en el tema energ\u00e9tico\u2014 y as\u00ed el r\u00e9gimen no podr\u00e1 ser acusado de violar las leyes, pero pondr\u00e1 en pr\u00e1ctica los cambios que desea el mandatario tabasque\u00f1o.<\/p>\n<p style=\"text-align: center;\"><strong>Pero no todos en las filas de Morena est\u00e1n<br \/>\nconvencidos de que ese debe ser el camino<\/strong><\/p>\n<p>El coordinador de los senadores de Morena y precandidato presidencial Ricardo Monreal afirm\u00f3 que la iniciativa preferente que enviar\u00e1 el presidente L\u00f3pez Obrador no podr\u00e1 ser aplicable, porque \u201cning\u00fan ordenamiento jur\u00eddico, decreto o acuerdo puede estar por encima de la Constituci\u00f3n\u201d.<\/p>\n<p>\u201cMi punto de vista es que se requiere reforma constitucional, no puede ni por la v\u00eda del decreto, ni por v\u00eda acuerdo ni tampoco ning\u00fan otro ordenamiento jur\u00eddico menor al de la Constituci\u00f3n, estar situado jer\u00e1rquicamente por encima de ella\u201d.<\/p>\n<p>De hecho, Monreal puso en evidencia la maniobra con la que pretenden los senadores y diputados de Morena y sus aliados imponer los cambios sin tener que modificar la Constituci\u00f3n.<\/p>\n<p>\u201cEl Presidente ha definido que enviar\u00e1 una iniciativa. Hab\u00eda dicho que iba a hacer una iniciativa de reforma constitucional. Ahora se plantean reformas a la legislaci\u00f3n secundaria, \u00bfPor qu\u00e9 raz\u00f3n? porque no tiene la seguridad de la mayor\u00eda constitucional y creen ellos, cree el gobierno que les otorgar\u00e1n la mayor\u00eda simple porque Morena por s\u00ed y sus aliados puede tener mayor\u00eda para estas cuatro leyes. Ser\u00e1 un debate interesante\u201d, remat\u00f3.<\/p>\n<p>Monreal, doctor en Derecho que ha dado testimonio de su independencia de criterio y de la disposici\u00f3n a negociar con la oposici\u00f3n, asegur\u00f3 que el Senado est\u00e1 listo para recibir la iniciativa relativa a la Guardia Nacional para revisarla con participaci\u00f3n de todos los grupos parlamentarios.<\/p>\n<p><em><a href=\"mailto:riparcangel@hotmail.com\" target=\"_blank\" rel=\"noopener noreferrer\">riparcangel@hotmail.com<\/a><\/em><\/p>\n","protected":false},"excerpt":{"rendered":"<p><span style=\"color: #005497;\"><strong>Miguel \u00c1ngel Rivera<\/strong><\/span<\/span><\/p>\n","protected":false},"author":3,"featured_media":0,"comment_status":"open","ping_status":"open","sticky":false,"template":"","format":"standard","meta":{"_monsterinsights_skip_tracking":false,"_monsterinsights_sitenote_active":false,"_monsterinsights_sitenote_note":"","_monsterinsights_sitenote_category":0,"footnotes":""},"categories":[84119],"tags":[84120,84121,43674],"class_list":["post-557998","post","type-post","status-publish","format-standard","hentry","category-miguel-angel-rivera","tag-clase-politica","tag-miguel-angel-rivera","tag-opinion"],"_links":{"self":[{"href":"https:\/\/www.diarioimagen.net\/index.php?rest_route=\/wp\/v2\/posts\/557998","targetHints":{"allow":["GET"]}}],"collection":[{"href":"https:\/\/www.diarioimagen.net\/index.php?rest_route=\/wp\/v2\/posts"}],"about":[{"href":"https:\/\/www.diarioimagen.net\/index.php?rest_route=\/wp\/v2\/types\/post"}],"author":[{"embeddable":true,"href":"https:\/\/www.diarioimagen.net\/index.php?rest_route=\/wp\/v2\/users\/3"}],"replies":[{"embeddable":true,"href":"https:\/\/www.diarioimagen.net\/index.php?rest_route=%2Fwp%2Fv2%2Fcomments&post=557998"}],"version-history":[{"count":0,"href":"https:\/\/www.diarioimagen.net\/index.php?rest_route=\/wp\/v2\/posts\/557998\/revisions"}],"wp:attachment":[{"href":"https:\/\/www.diarioimagen.net\/index.php?rest_route=%2Fwp%2Fv2%2Fmedia&parent=557998"}],"wp:term":[{"taxonomy":"category","embeddable":true,"href":"https:\/\/www.diarioimagen.net\/index.php?rest_route=%2Fwp%2Fv2%2Fcategories&post=557998"},{"taxonomy":"post_tag","embeddable":true,"href":"https:\/\/www.diarioimagen.net\/index.php?rest_route=%2Fwp%2Fv2%2Ftags&post=557998"}],"curies":[{"name":"wp","href":"https:\/\/api.w.org\/{rel}","templated":true}]}}