{"id":558005,"date":"2022-08-29T00:09:23","date_gmt":"2022-08-29T05:09:23","guid":{"rendered":"https:\/\/www.diarioimagen.net\/?p=558005"},"modified":"2022-08-29T01:36:44","modified_gmt":"2022-08-29T06:36:44","slug":"una-verguenza-culto-al-ego-de-amlo","status":"publish","type":"post","link":"https:\/\/www.diarioimagen.net\/?p=558005","title":{"rendered":"Una verg\u00fcenza: culto al ego de AMLO"},"content":{"rendered":"<h2>Poder y dinero<\/h2>\n<h5>V\u00edctor S\u00e1nchez Ba\u00f1os<\/h5>\n<p>&nbsp;<\/p>\n<ul>\n<li><em><strong>Servilismo de bur\u00f3cratas de Morena<\/strong><\/em><\/li>\n<li><em><strong>Regresamos a tiempos de Hitler<\/strong><\/em><\/li>\n<li><em><strong>Mao, Stalin, Jong-un, Castro<\/strong><\/em><\/li>\n<li><em><strong>Ni\u00f1os, reverencia a la 4T<\/strong><\/em><\/li>\n<li><em><strong>Pol\u00edticos, lambisconer\u00eda institucional<\/strong><\/em><\/li>\n<li><em><strong>Con lucha libre, \u00bfatraer\u00e1n a pasajeros?<\/strong><\/em><\/li>\n<li><em><strong>Desesperados por desastre del AIFA<\/strong><\/em><\/li>\n<li><em><strong>Atenea G\u00f3mez, a Pueblos M\u00e1gicos<\/strong><\/em><\/li>\n<li><em><strong>ACOLAB, RSC<\/strong><\/em><\/li>\n<\/ul>\n<p>&nbsp;<\/p>\n<p style=\"text-align: right;\"><em>La dictadura, devoci\u00f3n fetichista por un hombre, es una cosa ef\u00edmera<br \/>\n<\/em><strong>Winston Churchill<\/strong> (1874-1965), pol\u00edtico brit\u00e1nico<\/p>\n<p>&nbsp;<\/p>\n<p>Impresionante la lambisconer\u00eda de pol\u00edticos de Morena. Ahora, quieren aleccionar a los ni\u00f1os, mediante el culto al ego de Andr\u00e9s Manuel L\u00f3pez Obrador.<\/p>\n<p>Entiendo el agradecimiento de alguien que, por sus m\u00e9ritos propios, no hubiera escalado a niveles de poder y mucho dinero, como tienen ahora, bajo el arropo del l\u00edder de Morena, un partido pol\u00edtico que carece de talento, preparaci\u00f3n y, sobre todo, de gente honesta.<\/p>\n<p>Ya hemos platicado hasta el cansancio c\u00f3mo llegaron a esas estructuras muchos pol\u00edticos que no lograban obtener el poder, en gobiernos del PRI, PAN, PRD y otros partidos que han tenido la administraci\u00f3n de recursos p\u00fablicos en el pa\u00eds.<\/p>\n<p>Desde los titulares de secretar\u00edas de gobierno, en su af\u00e1n de mantener la chamba, adulan hasta la ignominia al presidente L\u00f3pez Obrador. En especial a los empleados directos de AMLO, como la titular de Educaci\u00f3n, todav\u00eda, Delfina G\u00f3mez, quien orden\u00f3, a trav\u00e9s de Marx Arriaga (quien dijo que leer es capitalista), director de materiales educativos de la SEP, imprimir etiquetas con la fotograf\u00eda de L\u00f3pez Obrador, para forrar los \u00fatiles escolares de ni\u00f1os de primaria.<\/p>\n<p>Que insulto a la inteligencia, el buen gusto pol\u00edtico, la pulcritud moral. Adorar un ser viviente como a un dios, no tiene nombre ni verg\u00fcenza de esa clase pol\u00edtica servil.<\/p>\n<p>Pero eso no es todo, L\u00f3pez quiere dejar su nombre en todos lados. En edificios p\u00fablicos, escuelas, libros de texto, en el discurso de los pol\u00edticos, en la historia y hasta en la taza del\u2026 caf\u00e9.<\/p>\n<p>Quiere ponerse al nivel de lo m\u00e1s despreciado de la historia de la humanidad, como Mao, Stalin, Hitler, Castro, Kin Jong-un, y muchos m\u00e1s, que est\u00e1n en el basurero de los seres pensantes.<\/p>\n<p>Todav\u00eda es tiempo para dar marcha atr\u00e1s en la babel del elogio. Si hace las cosas bien, las debe hacer; nadie debe endiosarlo con recursos p\u00fablicos. Su las hace mal, pues hay que reclamar. Para eso se alquilan.<\/p>\n<p style=\"text-align: center;\"><strong>PODEROSOS CABALLEROS<\/strong><\/p>\n<p><strong>AMLO: \u00bfQU\u00c9 SIGNIFICA REVOLUCI\u00d3N DE LAS CONCIENCIAS?:<\/strong> Fil\u00f3sofos de los tiempos modernos, ven que la revoluci\u00f3n de las conciencias es cambiar la manera de concebir la realidad y de qu\u00e9 manera podemos involucrarnos en la transformaci\u00f3n pol\u00edtica y social del mundo. El Presidente dice que con internet en todo el pa\u00eds, habr\u00e1 una \u201crevoluci\u00f3n de las conciencias\u201d. \u00bfAcaso L\u00f3pez Obrador piensa usarlo como un instrumento propagand\u00edstico? Las clases medias tienen acceso a Internet y no est\u00e1n con la sedicente Cuarta Transformaci\u00f3n. La revoluci\u00f3n de las conciencias es una frase pegadora, pero sin fondo, ni explicaciones, es s\u00f3lo propaganda.<\/p>\n<p><strong>DESESPERACI\u00d3N POR UN AIFA SIN PASAJEROS:<\/strong> El Aeropuerto Internacional Felipe \u00c1ngeles se convierte, poco a poco, en un \u201celefante blanco\u201d que nos cost\u00f3 casi 200 mil millones de pesos. Un edificio carente de encanto, en zonas de alto riesgo por los asaltos a veh\u00edculos y casas. Ante unos cuantos vuelos, casi vac\u00edos, las aerol\u00edneas quieren obligar a los pasajeros a viajar a trav\u00e9s de esa terminal avionera. Sin restaurantes, para tomar algo, sin servicios de primer nivel y con un abandono que se refleja el desprecio de pol\u00edticos que de la nada se convirtieron en potentados en la Cuarta Transformaci\u00f3n, dejan una inversi\u00f3n a nivel de basura. Pero, los militares responsables de la administraci\u00f3n de ese aeropuerto, buscan, en sus limitaciones, atraer a pasajeros. Llevaron un ring para un espect\u00e1culo de lucha libre, y Comunicaciones, que encabeza Jorge Arganis, presionan a las aerol\u00edneas para llevar all\u00e1 a Tizayuca los vuelos nacionales y, para quienes hagan conexiones, desde el AICM, pues que se frieguen y viajen al AIFA. Vuelos de Estados Unidos y Europa, as\u00ed como otras naciones, mientras M\u00e9xico tenga la categor\u00eda 2, la m\u00e1s \u00ednfima, de seguridad a\u00e9rea, pues simplemente no volar\u00e1n para all\u00e1. Adem\u00e1s, ni quieren invertir en mejorar esa categor\u00eda desde el gobierno de L\u00f3pez Obrador. Es triste. Un gobierno que quiere demostrar que hace las cosas bien y sus empleados, sumidos en la miseria profesional y financiera, que no puedan hacer milagros.<\/p>\n<p><strong>ATENEA G\u00d3MEZ, A LA RED NACIONAL DE ALCALDES DE PUEBLOS M\u00c1GICOS:<\/strong> La presidente municipal de Isla Mujeres, Atenea G\u00f3mez Ricalde, fue nombrada vicepresidenta de la nueva Mesa Directiva de la Red Nacional de Alcaldes de Pueblos M\u00e1gicos en la Ciudad de M\u00e9xico. Al ser designada vicepresidenta, la alcaldesa dio a conocer que Oaxaca ser\u00e1 la pr\u00f3xima sede del Tianguis Nacional de Pueblos M\u00e1gicos, que se llevar\u00e1 a cabo del 11 al 14 de octubre de este a\u00f1o en el Centro Cultural y de Convenciones de Oaxaca. David de la Pe\u00f1a Marroqu\u00edn, de Santiago, Nuevo Le\u00f3n, es el nuevo presidente.<\/p>\n<p style=\"text-align: center;\"><strong>RESPONSABILIDAD SOCIAL CORPORATIVA<\/strong><\/p>\n<p><strong>ECOLAB:<\/strong> Ante la crisis del agua en M\u00e9xico, Ecolab, que en Am\u00e9rica Latina Norte dirige Tony Sarraf, refuerza su llamado durante la Semana Mundial del Agua, que se celebra entre el 23 de agosto y 1 de septiembre, para que la industria, el campo y los gobiernos inviertan en tecnolog\u00eda basada en ciencia como la que la empresa ofrece y emplea para que desde sus operaciones globales se generen ahorros equivalentes a las necesidades h\u00eddricas de 712 millones de personas en 2030.<\/p>\n<p>&nbsp;<\/p>\n<blockquote>\n<p style=\"text-align: right;\">Esc\u00fachame lunes, martes, mi\u00e9rcoles y viernes,<br \/>\nen <strong><em>El Heraldo Radio<\/em><\/strong>, desde las 22 horas.<\/p>\n<\/blockquote>\n<p>&nbsp;<\/p>\n<p><em><a href=\"http:\/\/poderydinero.mx\/\" target=\"_blank\" rel=\"noopener\">poderydinero.mx<\/a><br \/>\n<\/em><em><a href=\"mailto:vsb@poderydinero.mx\" target=\"_blank\" rel=\"noopener noreferrer\">vsb@poderydinero.mx<\/a><br \/>\n<\/em><em><a href=\"https:\/\/twitter.com\/vsanchezbanos\" target=\"_blank\" rel=\"noopener noreferrer\">@vsanchezbanos<\/a><\/em><\/p>\n","protected":false},"excerpt":{"rendered":"<p><span style=\"color: #005497;\"><strong>V\u00edctor S\u00e1nchez Ba\u00f1os<\/strong><\/span><\/p>\n","protected":false},"author":3,"featured_media":0,"comment_status":"open","ping_status":"open","sticky":false,"template":"","format":"standard","meta":{"_monsterinsights_skip_tracking":false,"_monsterinsights_sitenote_active":false,"_monsterinsights_sitenote_note":"","_monsterinsights_sitenote_category":0,"footnotes":""},"categories":[38844],"tags":[43674,38847,38848],"class_list":["post-558005","post","type-post","status-publish","format-standard","hentry","category-victor-sanchez-banos","tag-opinion","tag-poder-y-dinero","tag-victor-sanchez-banos"],"_links":{"self":[{"href":"https:\/\/www.diarioimagen.net\/index.php?rest_route=\/wp\/v2\/posts\/558005","targetHints":{"allow":["GET"]}}],"collection":[{"href":"https:\/\/www.diarioimagen.net\/index.php?rest_route=\/wp\/v2\/posts"}],"about":[{"href":"https:\/\/www.diarioimagen.net\/index.php?rest_route=\/wp\/v2\/types\/post"}],"author":[{"embeddable":true,"href":"https:\/\/www.diarioimagen.net\/index.php?rest_route=\/wp\/v2\/users\/3"}],"replies":[{"embeddable":true,"href":"https:\/\/www.diarioimagen.net\/index.php?rest_route=%2Fwp%2Fv2%2Fcomments&post=558005"}],"version-history":[{"count":0,"href":"https:\/\/www.diarioimagen.net\/index.php?rest_route=\/wp\/v2\/posts\/558005\/revisions"}],"wp:attachment":[{"href":"https:\/\/www.diarioimagen.net\/index.php?rest_route=%2Fwp%2Fv2%2Fmedia&parent=558005"}],"wp:term":[{"taxonomy":"category","embeddable":true,"href":"https:\/\/www.diarioimagen.net\/index.php?rest_route=%2Fwp%2Fv2%2Fcategories&post=558005"},{"taxonomy":"post_tag","embeddable":true,"href":"https:\/\/www.diarioimagen.net\/index.php?rest_route=%2Fwp%2Fv2%2Ftags&post=558005"}],"curies":[{"name":"wp","href":"https:\/\/api.w.org\/{rel}","templated":true}]}}