{"id":558084,"date":"2022-08-30T00:04:24","date_gmt":"2022-08-30T05:04:24","guid":{"rendered":"https:\/\/www.diarioimagen.net\/?p=558084"},"modified":"2022-08-31T00:26:25","modified_gmt":"2022-08-31T05:26:25","slug":"valeria-luiselli-recibe-premio-filem-2022","status":"publish","type":"post","link":"https:\/\/www.diarioimagen.net\/?p=558084","title":{"rendered":"Valeria Luiselli, recibe Premio FILEM 2022"},"content":{"rendered":"<p><em>\u00a0<\/em><\/p>\n<ul>\n<li><strong><em>El primero otorgado en M\u00e9xico en reconocimiento a su trayectoria literaria<\/em><\/strong><\/li>\n<\/ul>\n<p><strong>\u00a0<\/strong><\/p>\n<div id=\"attachment_558111\" style=\"width: 470px\" class=\"wp-caption aligncenter\"><img loading=\"lazy\" decoding=\"async\" aria-describedby=\"caption-attachment-558111\" class=\"wp-image-558111 size-full\" src=\"https:\/\/www.diarioimagen.net\/wp-content\/uploads\/2022\/08\/uaem2-8.jpg\" alt=\"\" width=\"460\" height=\"270\" \/><p id=\"caption-attachment-558111\" class=\"wp-caption-text\">La escritora Valeria Luiselli.<\/p><\/div>\n<p>&nbsp;<\/p>\n<p><strong>Toluca, Estado de M\u00e9xico.\u2014 <\/strong>Historias de resiliencia y resistencia, as\u00ed como el arraigo, el desarraigo y el sentido de pertenencia son los elementos que atraviesan, de una forma u otra, la obra literaria de la escritora mexicana Valeria Luiselli, quien comparti\u00f3 sus vivencias dentro del mundo de las letras con las y los asistentes a la octava edici\u00f3n de la Feria Internacional del Libro Estado de M\u00e9xico (FILEM) 2022.<\/p>\n<p>Tras ser galardonada con el Premio FILEM 2022, primero otorgado en M\u00e9xico en reconocimiento a su trayectoria, la autora de <em>Desierto sonoro <\/em>y <em>Los ni\u00f1os perdidos<\/em> sostuvo un encuentro con la comunidad lectora mexiquense, en el que resalt\u00f3 la importancia de contar las historias, mediante la literatura, de aquellas personas que se enfrentan a fen\u00f3menos sociales complejos como la migraci\u00f3n, tomando en cuenta todas las aristas que componen a un ser humano.<\/p>\n<p><em>\u201cC\u00f3mo hacer para contar estas historias de resiliencia y resistencia de las infancias y resultado de la violencia, la silenciosa, burocr\u00e1tica e institucional y que est\u00e1 legitimada en un pa\u00eds como Estados Unidos, donde se cuestiona poco a sus autoridades, sin darse cuenta de la falta de respeto a los derechos humanos b\u00e1sicos\u201d<\/em>, subray\u00f3.<\/p>\n<p>Durante la charla, se\u00f1al\u00f3 que el trabajo que desempe\u00f1\u00f3 como int\u00e9rprete y traductora en la Corte Migratoria de Nueva York para la defensa de infantes provenientes de pa\u00edses como Honduras, El Salvador y Nicaragua ha sido uno de sus principales motivos para llevar a los libros temas de los que se habla con mayor frecuencia en los medios de comunicaci\u00f3n, pero de una manera m\u00e1s tr\u00e1gica, que ocasiona que la sociedad los borre r\u00e1pidamente de su mente.<\/p>\n<p>Al interactuar, en el Foro FILEM, con lectores y lectoras acerca de su obra, Valeria Luiselli record\u00f3 que ella misma ha sido parte de <em>\u201cun fen\u00f3meno geogr\u00e1fico, mundial e hist\u00f3rico de toda la humanidad como es la migraci\u00f3n\u201d<\/em>, al salir desde muy peque\u00f1a de M\u00e9xico y crecer en diferentes ciudades alrededor del mundo.<\/p>\n<p>A m\u00e1s de una d\u00e9cada de haber publicado su primer libro, la autora destac\u00f3 que aunque ha sido reconocida en otros pa\u00edses con diversos premios, esta es la primera vez que recibe un galard\u00f3n en su pa\u00eds de origen y otorgado por la Universidad Aut\u00f3noma del Estado de M\u00e9xico (UAEM\u00e9x).<\/p>\n<p>Al respecto, mencion\u00f3 que es<em> \u201cuna coincidencia ser una mexicana que radica en Nueva York y est\u00e1 en Toluca como lo hizo alguna vez el poeta Gilberto Owen Estrada, qui\u00e9n fuera integrante del Instituto Cient\u00edfico y Literario\u201d<\/em>, quien adem\u00e1s funge como protagonista de su libro <em>\u201cLos ingr\u00e1vidos\u201d<\/em>.<\/p>\n<p>Valeria Luiselli es considerada una de las grandes representantes de las latinoamericanas, por su talento y aportaciones a la literatura. Su trabajo ha formado parte de publicaciones como <em>The New York Times<\/em>, <em>Granta<\/em> y <em>The New Yorker<\/em>. Adem\u00e1s, su obra ha sido traducida a m\u00e1s de veinte idiomas.<\/p>\n<p>En el encuentro con las universitarias, universitarios y p\u00fablico en general tambi\u00e9n estuvo la secretar\u00eda de Difusi\u00f3n Cultural de la UAEM\u00e9x, Mar\u00eda de las Mercedes Portilla Luja, y la directora General de Patrimonio y Servicios Culturales de la Secretar\u00eda de Cultura y Turismo de la entidad, Ivett Tinoco Garcia.<\/p>\n","protected":false},"excerpt":{"rendered":"<p>Historias de resiliencia y resistencia, as\u00ed como el arraigo, el desarraigo y el sentido de pertenencia son los elementos que atraviesan, de una forma u otra, la obra literaria de la escritora mexicana Valeria Luiselli, quien comparti\u00f3 sus vivencias dentro del mundo de las letras con las y los asistentes a la octava edici\u00f3n de la Feria Internacional del Libro Estado de M\u00e9xico (FILEM) 2022.<\/p>\n","protected":false},"author":3,"featured_media":558111,"comment_status":"open","ping_status":"open","sticky":false,"template":"","format":"standard","meta":{"_monsterinsights_skip_tracking":false,"_monsterinsights_sitenote_active":false,"_monsterinsights_sitenote_note":"","_monsterinsights_sitenote_category":0,"footnotes":""},"categories":[5],"tags":[43675,96281,452],"class_list":["post-558084","post","type-post","status-publish","format-standard","has-post-thumbnail","hentry","category-estado-de-mexico","tag-estado-de-mexico","tag-premio-filem","tag-toluca"],"_links":{"self":[{"href":"https:\/\/www.diarioimagen.net\/index.php?rest_route=\/wp\/v2\/posts\/558084","targetHints":{"allow":["GET"]}}],"collection":[{"href":"https:\/\/www.diarioimagen.net\/index.php?rest_route=\/wp\/v2\/posts"}],"about":[{"href":"https:\/\/www.diarioimagen.net\/index.php?rest_route=\/wp\/v2\/types\/post"}],"author":[{"embeddable":true,"href":"https:\/\/www.diarioimagen.net\/index.php?rest_route=\/wp\/v2\/users\/3"}],"replies":[{"embeddable":true,"href":"https:\/\/www.diarioimagen.net\/index.php?rest_route=%2Fwp%2Fv2%2Fcomments&post=558084"}],"version-history":[{"count":0,"href":"https:\/\/www.diarioimagen.net\/index.php?rest_route=\/wp\/v2\/posts\/558084\/revisions"}],"wp:featuredmedia":[{"embeddable":true,"href":"https:\/\/www.diarioimagen.net\/index.php?rest_route=\/wp\/v2\/media\/558111"}],"wp:attachment":[{"href":"https:\/\/www.diarioimagen.net\/index.php?rest_route=%2Fwp%2Fv2%2Fmedia&parent=558084"}],"wp:term":[{"taxonomy":"category","embeddable":true,"href":"https:\/\/www.diarioimagen.net\/index.php?rest_route=%2Fwp%2Fv2%2Fcategories&post=558084"},{"taxonomy":"post_tag","embeddable":true,"href":"https:\/\/www.diarioimagen.net\/index.php?rest_route=%2Fwp%2Fv2%2Ftags&post=558084"}],"curies":[{"name":"wp","href":"https:\/\/api.w.org\/{rel}","templated":true}]}}