{"id":558086,"date":"2022-08-30T00:04:46","date_gmt":"2022-08-30T05:04:46","guid":{"rendered":"https:\/\/www.diarioimagen.net\/?p=558086"},"modified":"2022-08-30T01:46:43","modified_gmt":"2022-08-30T06:46:43","slug":"avanza-el-pvem-en-las-encuestas-en-edomex","status":"publish","type":"post","link":"https:\/\/www.diarioimagen.net\/?p=558086","title":{"rendered":"Avanza el PVEM en las encuestas en Edomex"},"content":{"rendered":"<p>&nbsp;<\/p>\n<p><img loading=\"lazy\" decoding=\"async\" class=\"aligncenter size-full wp-image-558126\" src=\"https:\/\/www.diarioimagen.net\/wp-content\/uploads\/2022\/08\/avanza-pvem.jpg\" alt=\"\" width=\"460\" height=\"270\" \/><\/p>\n<p>&nbsp;<\/p>\n<p><strong>Valle de M\u00e9xico.\u2014<\/strong> Sin alianzas, el Partido Verde Ecologista de M\u00e9xico (PVEM) en Edomex avanza en las encuestas sobre intenci\u00f3n de voto para elegir gobernador de la entidad, as\u00ed lo demuestran los resultados de agosto de la casa encuestadora \u201cMassive Caller\u201d, donde coloca al partido del Tuc\u00e1n, en tercer lugar, con 7.4 por ciento.<\/p>\n<p>En ella tambi\u00e9n aparece Jos\u00e9 Alberto Couttolenc Buentello como el candidato del PVEM con un 40 por ciento. Asimismo, en dos careos realizados, que consideran a Enrique Vargas del Villar y a Alejandra del Moral Vela como los personajes que encabezar\u00edan la coalici\u00f3n PAN-PRI-PRD, el l\u00edder estatal del Partido Verde se posiciona en cuarto y tercer lugar con 6.6 y 7.1 por ciento, respectivamente.<\/p>\n","protected":false},"excerpt":{"rendered":"<p>Sin alianzas, el Partido Verde Ecologista de M\u00e9xico (PVEM) en Edomex avanza en las encuestas sobre intenci\u00f3n de voto para elegir gobernador de la entidad, as\u00ed lo demuestran los resultados de agosto de la casa encuestadora \u201cMassive Caller\u201d, donde coloca al partido del Tuc\u00e1n, en tercer lugar, con 7.4 por ciento.<\/p>\n","protected":false},"author":3,"featured_media":558126,"comment_status":"open","ping_status":"open","sticky":false,"template":"","format":"standard","meta":{"_monsterinsights_skip_tracking":false,"_monsterinsights_sitenote_active":false,"_monsterinsights_sitenote_note":"","_monsterinsights_sitenote_category":0,"footnotes":""},"categories":[5],"tags":[96282,4880],"class_list":["post-558086","post","type-post","status-publish","format-standard","has-post-thumbnail","hentry","category-estado-de-mexico","tag-massive-caller","tag-partido-verde-ecologista-de-mexico"],"_links":{"self":[{"href":"https:\/\/www.diarioimagen.net\/index.php?rest_route=\/wp\/v2\/posts\/558086","targetHints":{"allow":["GET"]}}],"collection":[{"href":"https:\/\/www.diarioimagen.net\/index.php?rest_route=\/wp\/v2\/posts"}],"about":[{"href":"https:\/\/www.diarioimagen.net\/index.php?rest_route=\/wp\/v2\/types\/post"}],"author":[{"embeddable":true,"href":"https:\/\/www.diarioimagen.net\/index.php?rest_route=\/wp\/v2\/users\/3"}],"replies":[{"embeddable":true,"href":"https:\/\/www.diarioimagen.net\/index.php?rest_route=%2Fwp%2Fv2%2Fcomments&post=558086"}],"version-history":[{"count":0,"href":"https:\/\/www.diarioimagen.net\/index.php?rest_route=\/wp\/v2\/posts\/558086\/revisions"}],"wp:featuredmedia":[{"embeddable":true,"href":"https:\/\/www.diarioimagen.net\/index.php?rest_route=\/wp\/v2\/media\/558126"}],"wp:attachment":[{"href":"https:\/\/www.diarioimagen.net\/index.php?rest_route=%2Fwp%2Fv2%2Fmedia&parent=558086"}],"wp:term":[{"taxonomy":"category","embeddable":true,"href":"https:\/\/www.diarioimagen.net\/index.php?rest_route=%2Fwp%2Fv2%2Fcategories&post=558086"},{"taxonomy":"post_tag","embeddable":true,"href":"https:\/\/www.diarioimagen.net\/index.php?rest_route=%2Fwp%2Fv2%2Ftags&post=558086"}],"curies":[{"name":"wp","href":"https:\/\/api.w.org\/{rel}","templated":true}]}}