{"id":558147,"date":"2022-08-30T00:02:26","date_gmt":"2022-08-30T05:02:26","guid":{"rendered":"https:\/\/www.diarioimagen.net\/?p=558147"},"modified":"2022-08-30T01:58:02","modified_gmt":"2022-08-30T06:58:02","slug":"por-instruccion-de-palacio-nacional-adan-augusto-lopez-hace-desaire-a-monreal","status":"publish","type":"post","link":"https:\/\/www.diarioimagen.net\/?p=558147","title":{"rendered":"Por instrucci\u00f3n de Palacio Nacional, Ad\u00e1n Augusto L\u00f3pez hace desaire a Monreal"},"content":{"rendered":"<h2>La Retaguardia<\/h2>\n<h5>Adriana Moreno Cordero<\/h5>\n<p>&nbsp;<\/p>\n<ul>\n<li><strong><em>Por qui\u00e9n no va a votar Cuauht\u00e9moc C\u00e1rdenas Sol\u00f3rzano<\/em><\/strong><\/li>\n<\/ul>\n<p>&nbsp;<\/p>\n<p>Muy movida estuvo la actividad en el Senado de la Rep\u00fablica que pr\u00e1cticamente se convirti\u00f3 en un hervidero, por qu\u00e9 no decirlo, de cara a la carrera presidencial del 2024 y lo que qued\u00f3 de manifest\u00f3, es que las divisiones y conflictos en Morena se hacen presentes en la C\u00e1mara baja, pero tambi\u00e9n el debate provino de otros frentes.<\/p>\n<p>De entrada, el secretario de Gobernaci\u00f3n, <strong>Ad\u00e1n Augusto L\u00f3pez<\/strong>, fue el encargado de marcar a\u00fan mayor distancia y hielo entre esta errada y llamada Cuarta Transformaci\u00f3n y el presidente de la Junta de Coordinaci\u00f3n Pol\u00edtica del Senado de la Rep\u00fablica, <strong>Ricardo Monreal<\/strong>.<\/p>\n<p>Resulta que ser\u00eda hoy, con la presencia el titular de la Segob, cuando se inaugurar\u00eda la plenaria de los senadores morenistas, pero con los dedos en la puerta, quien despacha en el Palacio de Cobi\u00e1n envi\u00f3 un escrito a la C\u00e1mara alta excus\u00e1ndose de asistir por tener compromisos previamente agendados fuera de la Ciudad de M\u00e9xico, y eso, por donde se vea, es un desaire; una instrucci\u00f3n directa y tajante del presidente <strong>Andr\u00e9s Manuel L\u00f3pez Obrador<\/strong> a su \u201ccaballo negro\u201d, para dejar \u201ccolgado\u201d, especialmente, al senador Moreal e irlo minando para que al final, el zacatecano supuestamente decline en sus aspiraciones presidenciales.<\/p>\n<p>\u00bfY qu\u00e9 hay entonces de las fotograf\u00edas que se tomaron hace algunos meses el secretario de Gobernaci\u00f3n cuando lleg\u00f3 a su cargo, con el senador Monreal Avila, presumiendo una buena relaci\u00f3n? En esa ocasi\u00f3n tambi\u00e9n lo envi\u00f3 el inquilino de Palacio Nacional para tratar de convencer al legislador zacatecano de que declinara en sus aspiraciones.<\/p>\n<p>De inmediato, las apuestas se cruzaron entre los senadores no s\u00f3lo del partido oficial. Se supone que despu\u00e9s de <strong>Ad\u00e1n Augusto L\u00f3pez<\/strong>, de acuerdo a la agenda de la plenaria, asistir\u00edan: el secretario de Relaciones Exteriores, <strong>Marcelo Ebrard<\/strong>; enseguida, la Secretaria de Econom\u00eda, <strong>Tatiana Clouthier<\/strong>; despu\u00e9s de ella, se esperaba la presencia del secretario de la Defensa Nacional, <strong>Luis Cresencio Sandoval<\/strong>, y finalmente, la\u00a0 secretaria de Seguridad, <strong>Rosa Icela Rodr\u00edguez. <\/strong><\/p>\n<p>Las apuestas se inclinaron en que quien s\u00ed asistir\u00e1, seguro, ser\u00e1 el canciller Marcelo Ebrard, cuyos nexos con Ricardo Monreal son bien conocidos. El resto de los secretarios del gabinete lopezobradorista, a lo mejor van, pero nada m\u00e1s de \u201cpisa y corre\u201d. Puede que la titular de Econom\u00eda s\u00f3lo se apersone para decir que M\u00e9xico no se va a salir del T-MEC, mientras que el titular de la Sedena, si se presenta, har\u00e1 dueto con la secretaria de Seguridad para insistir en lo que la se\u00f1ora <strong>Rosa Icela Rodr\u00edguez<\/strong> siempre ha dicho frente a los legisladores: que la pol\u00edtica de combate a la inseguridad de \u201cabrazos, no balazos\u201d de su jefe, el Presidente, funciona a las mil maravillas.<\/p>\n<p>Sin embargo, hay que anotar que todo puede pasar y por lo que se ve, el ala dura de Morena ya no sabe ni c\u00f3mo hacerle \u201cla vida de cuadritos\u201d al senador Ricardo Monreal de quien, no sobra decir, no cejar\u00e1 en sus aspiraciones al 2024.<\/p>\n<p>Hubo otra presencia importante en la C\u00e1mara alta, en este hervidero en el que se convirti\u00f3 dicho recinto legislativo. Reunido con el grupo de senadores Plural, que integran, entre otros senadores: <strong>Germ\u00e1n Mart\u00ednez C\u00e1zares<\/strong>, <strong>Gustavo Enrique Madero<\/strong> y E<strong>milio \u00c1lvarez de Icaza<\/strong> y que tuvieron su propia plenaria, el ex candidato presidencial, <strong>Cuauht\u00e9moc C\u00e1rdenas Sol\u00f3rzano<\/strong>, les manifest\u00f3 sus dudas en torno a esta errada y llamada cuarta transformaci\u00f3n y quien la encabeza.<\/p>\n<p>En opini\u00f3n de quien fue candidato presidencial en tres ocasiones, lo que se vive actualmente en M\u00e9xico es preocupante, como la desigualdad social, \u201ctenemos una muy fuerte concentraci\u00f3n de la pobreza. Una econom\u00eda que no crece desde hace d\u00e9cadas\u00bb, se\u00f1al\u00f3 el ingeniero C\u00e1rdenas.<\/p>\n<p>Es inevitable referirse a la violencia de los grupos criminales, que ha permitido que se apoderen de cada vez m\u00e1s territorio. Asimismo, el l\u00edder moral de la izquierda se pronunci\u00f3<\/p>\n<p>en contra de que haya \u00abmandos militares\u00bb en los cuerpos polic\u00edacos.<\/p>\n<p>Ante la situaci\u00f3n que resumi\u00f3 de excelente manera Cuauht\u00e9moc C\u00e1rdenas, s\u00f3lo faltar\u00eda que en el gustad\u00edsimo \u201cstand-up\u201d de hoy, el presidente L\u00f3pez Obrador se lance en contra del ingeniero porque al de Tepetit\u00e1n le resulta bastante inc\u00f3modo y motivo de enojo, que a dos d\u00edas de su IV Informe de Gobierno que es en realidad del en\u00e9simo, le planten sus verdades a la cara, echando por tierra todo lo que el tabasque\u00f1o miente en sus \u201cspots\u201d y adem\u00e1s, porque C\u00e1rdenas, asever\u00f3 que tampoco ve un gobierno de izquierda en M\u00e9xico, con lo que le da otro buen rev\u00e9s al tabasque\u00f1o y a su errada y llamada Cuarta Transformaci\u00f3n.<\/p>\n<p>Ahora bien, el fundador del PRD, hizo cr\u00edticas al resto de los partidos pol\u00edticos, al se\u00f1alar que carecen de una propuesta seria para combatir la inseguridad, pobreza y desigualdad.<\/p>\n<p>Y ya hablando de las elecciones de 2024, el ex jefe de Gobierno del entonces Distrito Federal, pr\u00e1cticamente dej\u00f3 ver por qui\u00e9n va a votar en dichos comicios y en este sentido, urgi\u00f3 a \u00abcorcholatas y corcholatos\u00bb, a decir para qu\u00e9 aspiran a la Presidencia de la Rep\u00fablica. \u201cYo no voy a dar mi voto o simpat\u00eda si no me dicen para qu\u00e9 quieren ser Presidente\u201d y por lo visto, este distinguido grupo de morenistas no le van a responder.<\/p>\n<p style=\"text-align: center;\"><strong>Municiones<\/strong><\/p>\n<p>*** En los trabajos de la plenaria de los senadores del PAN, el dirigente de este partido, <strong>Marko Cort\u00e9s<\/strong>, se dio a la tarea de \u201cdestapar\u201d ni m\u00e1s ni menos que al gobernador de Quer\u00e9taro como el candidato de Acci\u00f3n Nacional al 2024. Manifest\u00f3 el l\u00edder albiceleste que <strong>Mauricio Kuri<\/strong> es un liderazgo de la sociedad civil porque no es militante de PAN, sin embargo tiene los valores de ese partido y por ende, \u201cser\u00eda un gran abanderado de nuestro partido y de la sociedad que ve que las cosas que van de mal en peor\u201d. Pero el l\u00edder panista no omiti\u00f3 al resto de los aspirantes presidenciales de Acci\u00f3n Nacional. De hecho, anunci\u00f3 que el pr\u00f3ximo 2 de octubre, llevar\u00e1n a cabo los Foros de Buen Gobierno, a los que asistir\u00e1n, adem\u00e1s del propio gobernador de Quer\u00e9taro, el de Yucat\u00e1n, <strong>Mauricio Vila<\/strong>; la de Chihuahua, <strong>Maru Campos<\/strong> y los diputados <strong>Santiago Creel<\/strong> y J<strong>uan Carlos Romero Hicks<\/strong>. Por cierto, el diputado Creel est\u00e1 librando una verdadera guerra de vencidas porque para variar, en el Palacio Legislativo de San L\u00e1zaro, los de Morena le quieren jugar las contras y quitarle el derecho que tiene el PAN para acceder a la presidencia de la C\u00e1mara de Diputados.<\/p>\n<p>*** Qu\u00e9 agradecida result\u00f3 ser la jefa de Gobierno de la Ciudad de M\u00e9xico, <strong>Claudia Sheinbaum<\/strong>, esta vez, con el gobernador de Sonora, <strong>Alfonso Durazo<\/strong>, que la anduvo placeando por su estado y la \u201cdestap\u00f3\u201d a la voz de que \u201cM\u00e9xico est\u00e1 preparado para tener una presidenta mujer\u201d. No, pues bien armado el circo y mientras la CDMX cay\u00e9ndose.<\/p>\n<p><u><a href=\"mailto:morcora@gmail.com\" target=\"_blank\" rel=\"noopener noreferrer\"><em>morcora@gmail.com<\/em><\/a><\/u><\/p>\n","protected":false},"excerpt":{"rendered":"<p><span style=\"color: #005497;\"><strong>Adriana Moreno Cordero<\/strong><\/span><\/p>\n","protected":false},"author":3,"featured_media":0,"comment_status":"open","ping_status":"open","sticky":false,"template":"","format":"standard","meta":{"_monsterinsights_skip_tracking":false,"_monsterinsights_sitenote_active":false,"_monsterinsights_sitenote_note":"","_monsterinsights_sitenote_category":0,"footnotes":""},"categories":[69370],"tags":[69369,69368,43674],"class_list":["post-558147","post","type-post","status-publish","format-standard","hentry","category-adriana-moreno-cordero","tag-adriana-moreno-cordero","tag-la-retaguardia","tag-opinion"],"_links":{"self":[{"href":"https:\/\/www.diarioimagen.net\/index.php?rest_route=\/wp\/v2\/posts\/558147","targetHints":{"allow":["GET"]}}],"collection":[{"href":"https:\/\/www.diarioimagen.net\/index.php?rest_route=\/wp\/v2\/posts"}],"about":[{"href":"https:\/\/www.diarioimagen.net\/index.php?rest_route=\/wp\/v2\/types\/post"}],"author":[{"embeddable":true,"href":"https:\/\/www.diarioimagen.net\/index.php?rest_route=\/wp\/v2\/users\/3"}],"replies":[{"embeddable":true,"href":"https:\/\/www.diarioimagen.net\/index.php?rest_route=%2Fwp%2Fv2%2Fcomments&post=558147"}],"version-history":[{"count":0,"href":"https:\/\/www.diarioimagen.net\/index.php?rest_route=\/wp\/v2\/posts\/558147\/revisions"}],"wp:attachment":[{"href":"https:\/\/www.diarioimagen.net\/index.php?rest_route=%2Fwp%2Fv2%2Fmedia&parent=558147"}],"wp:term":[{"taxonomy":"category","embeddable":true,"href":"https:\/\/www.diarioimagen.net\/index.php?rest_route=%2Fwp%2Fv2%2Fcategories&post=558147"},{"taxonomy":"post_tag","embeddable":true,"href":"https:\/\/www.diarioimagen.net\/index.php?rest_route=%2Fwp%2Fv2%2Ftags&post=558147"}],"curies":[{"name":"wp","href":"https:\/\/api.w.org\/{rel}","templated":true}]}}