{"id":558151,"date":"2022-08-30T00:08:56","date_gmt":"2022-08-30T05:08:56","guid":{"rendered":"https:\/\/www.diarioimagen.net\/?p=558151"},"modified":"2022-08-30T02:02:36","modified_gmt":"2022-08-30T07:02:36","slug":"inseguridad-4","status":"publish","type":"post","link":"https:\/\/www.diarioimagen.net\/?p=558151","title":{"rendered":"Inseguridad"},"content":{"rendered":"<h2>Punto por punto<\/h2>\n<h5>Augusto Corro<\/h5>\n<p>&nbsp;<\/p>\n<p>La delincuencia organizada contin\u00faa con sus t\u00e1cticas de violencia en diferentes ciudades.<\/p>\n<p>Se trata de las poblaciones donde se lucha por apoderarse de las plazas.<\/p>\n<p>La gravedad del problema es que son involucradas personas inocentes en hechos violentos.<\/p>\n<p>La incidencia delictiva se da en Baja California, Zacatecas (Fresnillo hasta dos d\u00edas consecutivos), Colima, Guerrero, Tamaulipas, Jalisco, etc.<\/p>\n<p>Los fines de semana se convirtieron en los d\u00edas preferidos de los maleantes para intimidar a la poblaci\u00f3n.<\/p>\n<p>Le sobran pretextos a la delincuencia organizada para cometer sus desmanes.<\/p>\n<p>Si un l\u00edder \u201cnarco\u201d es aprehendido por las autoridades, los criminales salen a las calles a matar e incendiar comercios y veh\u00edculos.<\/p>\n<p>La violencia de los grupos criminales tambi\u00e9n incluye en su lista de delitos los bloqueos en las calles y carreteras.<\/p>\n<p>No olvidar que los propios criminales ampliaron incluyen en sus acciones el narcomenudeo, la extorsi\u00f3n y el secuestro.\u00a0 Las autoridades tendr\u00e1n que revisar su estrategia de lucha contra la delincuencia organizada, si es que la tienen. La t\u00e1ctica de abrazos, no balazos, sigue sin brindar los resultados deseados.\u00a0 Algo tendr\u00e1n que hacer los representantes de la ley para evitar que crezca y se propague la espiral de violencia.<\/p>\n<p><strong>Regreso a clases<\/strong><\/p>\n<p>M\u00e1s de 24 millones de alumnos de sector primaria y secundaria de educaci\u00f3n b\u00e1sica regresaron a clases, para cumplir con el ciclo escolar 2022-2023.<\/p>\n<p>Es importante que los padres de los menores tomen en cuenta que mientras la pandemia del coronavirus no sea erradicada totalmente, se debe continuar con la aplicaci\u00f3n de las medidas sanitarias para evitar el contagio.<\/p>\n<p>Se recomienda, el uso del cubrebocas en lugares cerrados, as\u00ed como el lavado de manos, la sana distancia, etc.<\/p>\n<p>En algunas ciudades del interior del pa\u00eds, los padres de familia deber\u00e1n estar muy atentos, para actuar con prudencia en cuanto se desaten las balaceras cerca de los centros escolares.<\/p>\n<p>La maestra Leticia Ram\u00edrez Amaya sustituir\u00e1 a Delfina G\u00f3mez como titular de la Secretar\u00eda de Educaci\u00f3n P\u00fablica (SEP).<\/p>\n<p>Esa dependencia convertida en plataforma de lanzamiento pol\u00edtico, esta vez sirvi\u00f3 para darle reflectores a Delfina G\u00f3mez que ser\u00e1 la candidata de Morena al gobierno del Estado de M\u00e9xico.<\/p>\n<p><strong>\u00bfAd\u00e1n Augusto en Boston?<\/strong><\/p>\n<p>El secretario de Gobernaci\u00f3n, Ad\u00e1n Augusto L\u00f3pez, fue visto de compras en Boston, Estados Unidos, el fin de semana.<\/p>\n<p>No falt\u00f3 quien se sorprendiera con la presencia del funcionario tabasque\u00f1o en aquella ciudad estadounidense.<\/p>\n<p>La sorpresa fue porque Ad\u00e1n Augusto es una de las tres \u201ccorcholatas\u201d se\u00f1aladas para competir en las presidenciales de 2024.<\/p>\n<p>Mientras que el tabasque\u00f1o opt\u00f3 por relajarse de las ajetreadas tareas de gobernar y competir por la silla presidencial en el vecino pa\u00eds, aqu\u00ed en M\u00e9xico, las otras dos \u201ccorcholatas\u201d no descansaron.<\/p>\n<p>A las otras \u201ccorcholatas\u201d, Claudia Sheinbaum y Marcelo Ebrard tiempo les falta para realizar sus campa\u00f1as electorales.<\/p>\n<p>Por ejemplo, la jefa del gobierno de la Ciudad de M\u00e9xico, Claudia Sheinbaum, estuvo en Sonora para tratar estrategias de seguridad y medio ambiente.<\/p>\n<p>Por cierto, \u00bfcu\u00e1ndo renunciar\u00e1n a sus cargos p\u00fablicos los funcionarios llamados las \u201ccorcholatas\u201d.<\/p>\n<p>Ser\u00eda interesante saber en qu\u00e9 condiciones desempe\u00f1a su trabajo Claudia Sheinbaum para atender los problemas de una de las metr\u00f3polis m\u00e1s grandes del mundo.<\/p>\n<p>En Sonora, la jefa de Gobierno fue recibida con mariachis y porras de \u201cPresidente\u201d.<\/p>\n<p style=\"text-align: center;\"><strong>Nada nuevo<\/strong><\/p>\n<p>El ex mandatario de Francia, Nicolas Sarkosy, asegur\u00f3 que su gobierno ten\u00eda informaci\u00f3n de que Genaro Garc\u00eda Luna, secretario de Seguridad P\u00fablica de Felipe Calder\u00f3n, era \u201cm\u00e1s poderoso que el Presidente\u201d.<\/p>\n<p>Lo anterior se plante\u00f3 en un documental de Netflix sobre el caso Cassez.<\/p>\n<p>El ex presidente franc\u00e9s revel\u00f3 detalles de su negociaci\u00f3n con el gobierno de Calder\u00f3n para la posible liberaci\u00f3n de Cassez.<\/p>\n<p>Genaro Garc\u00eda Luna se encuentra en una c\u00e1rcel de Estados Unidos en espera de ser enjuiciado por delitos relacionados con el narcotr\u00e1fico.<\/p>\n<p><em><a href=\"mailto:aco2742@hotmail.com\" target=\"_blank\" rel=\"noopener noreferrer\">aco2742@hotmail.com<\/a><\/em><\/p>\n","protected":false},"excerpt":{"rendered":"<p><span style=\"color: #005497;\"><strong>Augusto Corro<\/strong><\/span><\/p>\n","protected":false},"author":3,"featured_media":0,"comment_status":"open","ping_status":"open","sticky":false,"template":"","format":"standard","meta":{"_monsterinsights_skip_tracking":false,"_monsterinsights_sitenote_active":false,"_monsterinsights_sitenote_note":"","_monsterinsights_sitenote_category":0,"footnotes":""},"categories":[157],"tags":[43686,43674,11515],"class_list":["post-558151","post","type-post","status-publish","format-standard","hentry","category-augusto-corro","tag-augusto-corro","tag-opinion","tag-punto-por-punto"],"_links":{"self":[{"href":"https:\/\/www.diarioimagen.net\/index.php?rest_route=\/wp\/v2\/posts\/558151","targetHints":{"allow":["GET"]}}],"collection":[{"href":"https:\/\/www.diarioimagen.net\/index.php?rest_route=\/wp\/v2\/posts"}],"about":[{"href":"https:\/\/www.diarioimagen.net\/index.php?rest_route=\/wp\/v2\/types\/post"}],"author":[{"embeddable":true,"href":"https:\/\/www.diarioimagen.net\/index.php?rest_route=\/wp\/v2\/users\/3"}],"replies":[{"embeddable":true,"href":"https:\/\/www.diarioimagen.net\/index.php?rest_route=%2Fwp%2Fv2%2Fcomments&post=558151"}],"version-history":[{"count":0,"href":"https:\/\/www.diarioimagen.net\/index.php?rest_route=\/wp\/v2\/posts\/558151\/revisions"}],"wp:attachment":[{"href":"https:\/\/www.diarioimagen.net\/index.php?rest_route=%2Fwp%2Fv2%2Fmedia&parent=558151"}],"wp:term":[{"taxonomy":"category","embeddable":true,"href":"https:\/\/www.diarioimagen.net\/index.php?rest_route=%2Fwp%2Fv2%2Fcategories&post=558151"},{"taxonomy":"post_tag","embeddable":true,"href":"https:\/\/www.diarioimagen.net\/index.php?rest_route=%2Fwp%2Fv2%2Ftags&post=558151"}],"curies":[{"name":"wp","href":"https:\/\/api.w.org\/{rel}","templated":true}]}}