{"id":558157,"date":"2022-08-30T00:01:39","date_gmt":"2022-08-30T05:01:39","guid":{"rendered":"https:\/\/www.diarioimagen.net\/?p=558157"},"modified":"2022-08-30T02:05:45","modified_gmt":"2022-08-30T07:05:45","slug":"capoteo-constitucional","status":"publish","type":"post","link":"https:\/\/www.diarioimagen.net\/?p=558157","title":{"rendered":"Capoteo constitucional"},"content":{"rendered":"<h2>Precios y desprecios<\/h2>\n<h5>Freddy S\u00e1nchez<\/h5>\n<p>&nbsp;<\/p>\n<p>\u201cPara la leyes, las muelles\u201d\u2026<\/p>\n<p>Ese dicho popular parece la \u201cfuente de inspiraci\u00f3n\u201d de Andr\u00e9s Manuel para deambular entre lo leal e ilegal en torno a la realizaci\u00f3n de sus actos de gobierno, sin recurrir a las reformas constitucionales que los avalen plenamente.<\/p>\n<p>Aparte de los llamados \u201cdecretazos\u201d (sujetos a revisi\u00f3n de la Suprema Corte de Justicia de la Naci\u00f3n), en casos anteriores, ahora surge del \u201ctintero\u201d de Palacio Nacional una ley preferente que podr\u00eda hacer las veces de otra \u201cllave maestra\u201d para abrirle espacios \u201clegales\u201d al Poder Ejecutivo en aras de impulsar lo que se propone sin contar con la aprobaci\u00f3n legislativa de sus opositores.<\/p>\n<p>Y es que en lugar de una reforma constitucional que permita a la Secretar\u00eda de la Defensa Nacional tomar el control de la Guardia Nacional, el presidente L\u00f3pez Obrador decidi\u00f3 optar por la presentaci\u00f3n de una iniciativa de ley preferente, confiado naturalmente en que se aprobar\u00e1 en cada una de sus l\u00edneas.<\/p>\n<p>Como le gusta al presidente: \u201csin cambiarle ni un punto ni una coma\u201d. Igual que lo han venido haciendo con otras propuestas legislativas de Andr\u00e9s Manuel los se\u00f1ores de Morena y sus aliados legislativos.<\/p>\n<p>De modo que aprobada la iniciativa de ley preferente que le permitir\u00e1 a AMLO hacer lo que desea respecto la transferencia de mandos entre la Sedena y la guardia, adem\u00e1s de otros ajustes con cambios legales sobre lo mismo, lo \u00fanico que le quedar\u00e1 a los opositores del gobierno de la Rep\u00fablica ser\u00e1 proceder a interponer una nueva controversia constitucional para tratar de anular lo que se apruebe en las c\u00e1maras de diputados y senadores.<\/p>\n<p>En ese sentido, algunos representantes de la oposici\u00f3n han anticipado que el s\u00f3lo hecho de que la Guardia Nacional pase al control de la Secretar\u00eda de la Defensa Nacional, constituir\u00e1 una violaci\u00f3n constitucional en virtud a lo que la Carta Magna estipula sobre el manejo de la seguridad que debe estar sujeto a controles civiles y no castrenses. Pero, en virtud de que ha sido y sigue siendo en los planes presidenciales que la guardia se someta al manejo de la Sedena por considerarse que su funcionamiento ser\u00e1 m\u00e1s adecuado en la lucha contra la delincuencia organizada, es evidente que con o sin una reforma constitucional que lo valide con todas las de la ley, lo que el Ejecutivo se ha propuesto se llevar\u00e1 hasta sus \u00faltimas consecuencias.<\/p>\n<p>Y este es el punto medular a considerar sobre lo que ha de pasar en caso de que Andr\u00e9s Manuel como lo hizo con anterioridad con \u201cdecretos presidenciales\u201d, con la ley preferente se permita darle un probable \u201cbrinquito\u201d (salto de altura enorme, dicen algunos), a la letra constitucional para facilitar el paso a lo que en sus proyectos de gobierno parece destinado a ejecutarse \u201ccontra viento y marea\u201d.<\/p>\n<p>De tal suerte, que la Suprema Corte de Justicia de la Naci\u00f3n es la \u00fanica opci\u00f3n subsistente para determinar si es o no es perfectamente legal lo que est\u00e1 haciendo el primer mandatario.<\/p>\n<p>El caso es que, en tanto la Corte resuelve sobre los asuntos controvertibles, se siguen acumulando actos presidenciales reputados de violatorios de la Constituci\u00f3n de la Rep\u00fablica, conforme a lo que han expuesto distintos juristas, analistas pol\u00edticos y por supuesto voceros de los partidos de oposici\u00f3n.<\/p>\n<p>En algunos casos con todas las formalidades legales por parte de opositores al gobierno que solicitan que la SCJN intervenga y resuelva que el presidente se ha dedicado a cometer distintas violaciones a la constituci\u00f3n con sus decisiones y actuaciones institucionales. Lo electoral podr\u00eda ser una m\u00e1s de las cosas por hacer del jefe del ejecutivo, en apariencia \u201csalt\u00e1ndose las trancas\u201d de los ordenamientos legales en vigor.<\/p>\n<p>Y en ese aspecto en particular podr\u00eda decirse que por lo pronto Andr\u00e9s Manuel se ha dado el lujo de un gran torero ofreciendo buena c\u00e1tedra al caminar aparentemente \u201cfuera y dentro\u201d de los l\u00edmites\u00a0 de la v\u00eda legal recurriendo a un diestro y osado \u201ccapoteo\u201d constitucional.<\/p>\n<p><em><a href=\"mailto:serviciospremier_vip@hotmail.com\" target=\"_blank\" rel=\"noopener noreferrer\">serviciospremier_vip@hotmail.com<\/a><\/em><\/p>\n","protected":false},"excerpt":{"rendered":"<p><span style=\"color: #005497;\"><strong>Freddy S\u00e1nchez<\/strong><\/span><\/p>\n","protected":false},"author":3,"featured_media":0,"comment_status":"open","ping_status":"open","sticky":false,"template":"","format":"standard","meta":{"_monsterinsights_skip_tracking":false,"_monsterinsights_sitenote_active":false,"_monsterinsights_sitenote_note":"","_monsterinsights_sitenote_category":0,"footnotes":""},"categories":[22959],"tags":[43710,43674,22960],"class_list":["post-558157","post","type-post","status-publish","format-standard","hentry","category-freddy-sanchez","tag-freddy-sanchez","tag-opinion","tag-precios-y-desprecios"],"_links":{"self":[{"href":"https:\/\/www.diarioimagen.net\/index.php?rest_route=\/wp\/v2\/posts\/558157","targetHints":{"allow":["GET"]}}],"collection":[{"href":"https:\/\/www.diarioimagen.net\/index.php?rest_route=\/wp\/v2\/posts"}],"about":[{"href":"https:\/\/www.diarioimagen.net\/index.php?rest_route=\/wp\/v2\/types\/post"}],"author":[{"embeddable":true,"href":"https:\/\/www.diarioimagen.net\/index.php?rest_route=\/wp\/v2\/users\/3"}],"replies":[{"embeddable":true,"href":"https:\/\/www.diarioimagen.net\/index.php?rest_route=%2Fwp%2Fv2%2Fcomments&post=558157"}],"version-history":[{"count":0,"href":"https:\/\/www.diarioimagen.net\/index.php?rest_route=\/wp\/v2\/posts\/558157\/revisions"}],"wp:attachment":[{"href":"https:\/\/www.diarioimagen.net\/index.php?rest_route=%2Fwp%2Fv2%2Fmedia&parent=558157"}],"wp:term":[{"taxonomy":"category","embeddable":true,"href":"https:\/\/www.diarioimagen.net\/index.php?rest_route=%2Fwp%2Fv2%2Fcategories&post=558157"},{"taxonomy":"post_tag","embeddable":true,"href":"https:\/\/www.diarioimagen.net\/index.php?rest_route=%2Fwp%2Fv2%2Ftags&post=558157"}],"curies":[{"name":"wp","href":"https:\/\/api.w.org\/{rel}","templated":true}]}}