{"id":558169,"date":"2022-08-30T00:12:36","date_gmt":"2022-08-30T05:12:36","guid":{"rendered":"https:\/\/www.diarioimagen.net\/?p=558169"},"modified":"2022-08-30T02:15:27","modified_gmt":"2022-08-30T07:15:27","slug":"gabinete-de-seguridad-estara-hoy-en-plenaria-de-senadores-de-morena","status":"publish","type":"post","link":"https:\/\/www.diarioimagen.net\/?p=558169","title":{"rendered":"Gabinete de Seguridad estar\u00e1 hoy en plenaria de senadores de Morena"},"content":{"rendered":"<h2>Tras la puerta del poder<\/h2>\n<h5>Roberto Vizca\u00edno<\/h5>\n<p>&nbsp;<\/p>\n<p>Inmersos de lleno en los jaloneos internos y reacomodos de la sucesi\u00f3n presidencial adelantada, a la que se suma la disputa por la presidencia del Senado, los 60 senadores de Morena llegan hoy no s\u00f3lo fragmentados a su plenaria, sino ante la incertidumbre de no saber qu\u00e9 miembros del gabinete de <strong>Andr\u00e9s Manuel L\u00f3pez Obrador<\/strong> acudir\u00e1n hoy a su plenaria.<\/p>\n<p>Y es que, como el presidente de la Junta de Coordinaci\u00f3n Pol\u00edtica, <strong>Ricardo Monreal,<\/strong> no es de los mencionados por <strong>AMLO<\/strong> entre sus posibles sucesores, algunos han hecho la graciosa huida para no aparecer en la foto junto al zacatecano.<\/p>\n<p>Al menos eso ocurri\u00f3 con el secretario de Gobernaci\u00f3n <strong>Ad\u00e1n Augusto L\u00f3pez<\/strong>, quien invent\u00f3 una cita fuera del pa\u00eds para disculparse por no asistir a esa plenaria.<\/p>\n<p>Los senadores morenistas andan como que caminan pegaditos a la pared, pues algunos apoyan a <strong>Claudia Sheinbaum, <\/strong>mientras otros est\u00e1n con <strong>Ad\u00e1n Agusto Lopez<\/strong> y otros con <strong>Marcelo Ebrard<\/strong>, aunque hay quienes le son leales a <strong>Monreal<\/strong>.<\/p>\n<p>As\u00ed que la plenaria morenista no ser\u00e1 solo un espacio para mostrar sus apoyos presidenciales, sino para meter el pie a los de los otros grupos.<\/p>\n<p>En este contexto, en un breve mensaje, <strong>Ricardo Monreal<\/strong>, l\u00edder formal hasta hoy de la mayor\u00eda de Morena en la C\u00e1mara alta adelant\u00f3 que a esta plenaria asistir\u00edan quienes integran el Gabinete de Seguridad.<\/p>\n<p>Esto significa que ah\u00ed estar\u00e1n los secretarios de la Defensa general <strong>Luis Cresencio Sandoval<\/strong>; de Marina, almirante <strong>Jos\u00e9 Rafael Ojeda<\/strong>; y de Seguridad <strong>Rosa Icela Rodr\u00edguez<\/strong>, adem\u00e1s del jefe de la Guardia Nacional general <strong>Luis Rodr\u00edguez Bucio<\/strong>.<\/p>\n<p>De acudir y no disculparse a \u00faltima hora, los secretarios de Marina y Defensa deber\u00e1n adem\u00e1s responder a medios sobre las imputaciones que les asest\u00f3 el subsecretario de Derechos Humanos <strong>Alejandro Encinas<\/strong>, quien dijo en su informe sobre Ayotzinapa que ellos y sus instituciones intervinieron en la desaparici\u00f3n de los 43 normalistas.<\/p>\n<p>La seguridad, dijo el zacatecano, es un tema que preocupa a la sociedad, y las y los senadores de Morena hacen eco de ese reclamo social.<\/p>\n<p>Preguntado sobre si sabe que el presidente <strong>L\u00f3pez Obrador<\/strong> buscar\u00eda enviar su iniciativa para pasar la Guardia Nacional a la Secretar\u00eda de la Defensa como \u201ciniciativa preferente\u201d, <strong>Monreal<\/strong> indic\u00f3 que los senadores esperan conocer pronto esa propuesta.<\/p>\n<p>Al respecto, el zacatecano coment\u00f3 que desde su conocimiento, una iniciativa como esa no podr\u00eda ser enviada como iniciativa preferente, porque buscar\u00eda ser una reforma constitucional.<\/p>\n<p>En cualquier caso, dijo, ya se ver\u00eda que procede.<\/p>\n<p>Y dijo que hasta el momento no conocen el contenido del proyecto que anunci\u00f3 el Ejecutivo federal.<\/p>\n<p>\u201cEn lo personal, yo he expresado mi punto de vista, que para modificar la naturaleza jur\u00eddica de la Guardia Nacional es necesario modificar la Constituci\u00f3n\u201d, indic\u00f3.<\/p>\n<p>El zacatecano afirm\u00f3 que, en este tema, como siempre, las y los legisladores podr\u00e1n votar en libertad, y aclar\u00f3 que el gobierno federal \u201cnunca se ha involucrado, metido o intervenido con nosotros\u201d y esto seguir\u00e1 as\u00ed.<\/p>\n<p>Luego record\u00f3 que en el Senado, el 80 por ciento de las reformas o leyes se han aprobado por unanimidad en la actual Legislatura, pero \u201che tenido que hablar con los grupos parlamentarios, para caminar juntos en determinadas materias que le interesan al pa\u00eds\u201d.<\/p>\n<p>Hoy, dijo, la agenda legislativa contiene m\u00e1s de 50 nombramientos relativos al Tribunal Electoral, al Instituto Nacional de Transparencia, Acceso a la Informaci\u00f3n y Protecci\u00f3n de Datos Personales, a la Comisi\u00f3n Federal de Competencia Econ\u00f3mica, al Instituto Federal de Telecomunicaciones, al Tribunal Administrativo y al Tribunal Agrario.<\/p>\n<p>\u201cEn septiembre, comenzando el Periodo de Sesiones Ordinarias, vamos a empezar a desatorar y a avanzar en lo que tenemos pendiente, en minutas y en nombramientos\u201d.<\/p>\n<p style=\"text-align: center;\"><strong>Ma\u00f1ana habr\u00e1 presidente<\/strong><\/p>\n<p><strong>Monreal<\/strong> indic\u00f3 no tener dudas de que ma\u00f1ana mi\u00e9rcoles su bancada elegir\u00e1 a su propuesta para la presidencia de la Mesa Directiva del Senado.<\/p>\n<p><strong>\u201cSe requiere un perfil conciliador e institucional,<\/strong> que pueda construir acuerdos, defender la autonom\u00eda del Poder Legislativo y continuar con el trabajo de quienes han encabezado a este \u00f3rgano de direcci\u00f3n de la C\u00e1mara\u201d, se\u00f1al\u00f3.<\/p>\n<p>Explic\u00f3 que en esta ocasi\u00f3n le corresponde ocupar ese cargo a un hombre, por la rotaci\u00f3n de g\u00e9nero que se acord\u00f3 en la bancada.<\/p>\n<p>Y afirm\u00f3 que contin\u00faan en su intenci\u00f3n de participar por esa posici\u00f3n los senadores <strong>Alejandro Armenta<\/strong>, <strong>Jos\u00e9 Narro<\/strong> e <strong>Higinio Mart\u00ednez<\/strong> mientras que al parecer <strong>Gabriel Garc\u00eda<\/strong> ha decidido no participar.<\/p>\n<p>Entonces, vamos a esperar a ma\u00f1ana, y despu\u00e9s votar, indic\u00f3.<\/p>\n<p>Por lo dem\u00e1s consider\u00f3 que, dadas las circunstancias sucesorias, y sus impactos en el grupo, sabe que el siguiente per\u00edodo ser\u00e1 arduo e intenso.<\/p>\n<p>\u201cRequerir\u00e1 de toda nuestra atenci\u00f3n para la construcci\u00f3n de consensos y para sacar adelante\u201d el nuevo andamiaje jur\u00eddico que asegure la transformaci\u00f3n del pa\u00eds&#8230; son tan grandes los desaf\u00edos que enfrenta nuestro pa\u00eds, que no nos podemos distraer en diferencias menores\u201d, subray\u00f3.<\/p>\n<p><em><a href=\"mailto:rvizcainoa@gmail.com\" target=\"_blank\" rel=\"noopener noreferrer\">vizcainoa@gmail.com<\/a><a href=\"mailto:rvizcainoa@gmail.com\" target=\"_blank\" rel=\"noopener noreferrer\"><br \/>\n<\/a><a href=\"http:\/\/endirecto.mx\" target=\"_blank\" rel=\"noopener noreferrer\">www.endirecto.mx<\/a><a href=\"mailto:rvizcainoa@gmail.com\" target=\"_blank\" rel=\"noopener noreferrer\"><br \/>\n<\/a><a href=\"https:\/\/twitter.com\/_rvizcaino\" target=\"_blank\" rel=\"noopener noreferrer\">@_RVizcaino<\/a><a href=\"mailto:rvizcainoa@gmail.com\" target=\"_blank\" rel=\"noopener noreferrer\"><br \/>\n<\/a><a href=\"https:\/\/www.facebook.com\/rvizcainoa\" target=\"_blank\" rel=\"noopener noreferrer\">facebook.com\/rvizcainoa<\/a><\/em><\/p>\n","protected":false},"excerpt":{"rendered":"<p><span style=\"color: #005497;\"><strong>Roberto Vizca\u00edno<\/strong><\/span><\/p>\n","protected":false},"author":3,"featured_media":0,"comment_status":"open","ping_status":"open","sticky":false,"template":"","format":"standard","meta":{"_monsterinsights_skip_tracking":false,"_monsterinsights_sitenote_active":false,"_monsterinsights_sitenote_note":"","_monsterinsights_sitenote_category":0,"footnotes":""},"categories":[136],"tags":[43674,93,94],"class_list":["post-558169","post","type-post","status-publish","format-standard","hentry","category-roberto-vizcaino-opinion","tag-opinion","tag-roberto-vizcaino","tag-tras-la-puerta-del-poder"],"_links":{"self":[{"href":"https:\/\/www.diarioimagen.net\/index.php?rest_route=\/wp\/v2\/posts\/558169","targetHints":{"allow":["GET"]}}],"collection":[{"href":"https:\/\/www.diarioimagen.net\/index.php?rest_route=\/wp\/v2\/posts"}],"about":[{"href":"https:\/\/www.diarioimagen.net\/index.php?rest_route=\/wp\/v2\/types\/post"}],"author":[{"embeddable":true,"href":"https:\/\/www.diarioimagen.net\/index.php?rest_route=\/wp\/v2\/users\/3"}],"replies":[{"embeddable":true,"href":"https:\/\/www.diarioimagen.net\/index.php?rest_route=%2Fwp%2Fv2%2Fcomments&post=558169"}],"version-history":[{"count":0,"href":"https:\/\/www.diarioimagen.net\/index.php?rest_route=\/wp\/v2\/posts\/558169\/revisions"}],"wp:attachment":[{"href":"https:\/\/www.diarioimagen.net\/index.php?rest_route=%2Fwp%2Fv2%2Fmedia&parent=558169"}],"wp:term":[{"taxonomy":"category","embeddable":true,"href":"https:\/\/www.diarioimagen.net\/index.php?rest_route=%2Fwp%2Fv2%2Fcategories&post=558169"},{"taxonomy":"post_tag","embeddable":true,"href":"https:\/\/www.diarioimagen.net\/index.php?rest_route=%2Fwp%2Fv2%2Ftags&post=558169"}],"curies":[{"name":"wp","href":"https:\/\/api.w.org\/{rel}","templated":true}]}}