{"id":558220,"date":"2022-08-31T00:01:02","date_gmt":"2022-08-31T05:01:02","guid":{"rendered":"https:\/\/www.diarioimagen.net\/?p=558220"},"modified":"2022-08-31T01:33:36","modified_gmt":"2022-08-31T06:33:36","slug":"contagios-por-covid-19-ya-suman-7-semanas-a-la-baja","status":"publish","type":"post","link":"https:\/\/www.diarioimagen.net\/?p=558220","title":{"rendered":"Contagios por Covid-19 ya suman 7 semanas a la baja"},"content":{"rendered":"<p>&nbsp;<\/p>\n<ul>\n<li><em><strong>A cuidarse y a vacunarse todos<\/strong><\/em><\/li>\n<\/ul>\n<p>&nbsp;<\/p>\n<div id=\"attachment_558278\" style=\"width: 470px\" class=\"wp-caption aligncenter\"><img loading=\"lazy\" decoding=\"async\" aria-describedby=\"caption-attachment-558278\" class=\"size-full wp-image-558278\" src=\"https:\/\/www.diarioimagen.net\/wp-content\/uploads\/2022\/08\/COVID-A-LA-BAJA.jpg\" alt=\"\" width=\"460\" height=\"270\" \/><p id=\"caption-attachment-558278\" class=\"wp-caption-text\">M\u00e9xico ya suman siete semanas a la baja en M\u00e9xico en contagios por Covid, se\u00f1alaron autoridades de Salud federal.<\/p><\/div>\n<p>&nbsp;<\/p>\n<p>Los contagios por Covid-19 en el pa\u00eds ya suman siete semanas a la baja en M\u00e9xico, se\u00f1alaron autoridades de Salud federal.<\/p>\n<p>Se destac\u00f3 que los niveles de la pandemia est\u00e1n pr\u00f3ximos a la mitad de la intensidad de la primera ola, \u201cla m\u00e1s peque\u00f1a por las acciones que se hicieron en su momento\u201d. Informaron que en lo que respecta a la hospitalizaci\u00f3n, hay una ocupaci\u00f3n del 5 por ciento de camas generales, as\u00ed como del 3 por ciento de camas con ventiladores.<\/p>\n<p>En lo que respecta a las defunciones por SARS-CoV-2, se resalt\u00f3 que \u00e9stas tambi\u00e9n han disminuido y eso ha sido gracias a la vacunaci\u00f3n.<\/p>\n<p>Actualmente, hay un 82 por ciento de la cobertura nacional para personas elegibles; es decir, de ni\u00f1os y ni\u00f1as de 5 a\u00f1os en adelante.<\/p>\n<p style=\"text-align: center;\"><strong>Prev\u00e9n repunte en \u00e9poca invernal<\/strong><\/p>\n<p>Para octubre, noviembre y diciembre se prev\u00e9 que los contagios por Covid-19 puedan tener un repunte en M\u00e9xico.Autoridades se\u00f1alaron que la predicci\u00f3n que se tiene del comportamiento de la pandemia durante los pr\u00f3ximos meses.<\/p>\n<p>Mientras en otros pa\u00edses la pandemia comienza a darse ya en la temporada de fr\u00edo, en M\u00e9xico a\u00fan se dan \u00e9stas fuera de los meses m\u00e1s helados.<\/p>\n<p>No obstante, se consider\u00f3 que con el repunte que se prev\u00e9 para los pr\u00f3ximos meses, la pandemia por covid-19 podr\u00eda establecerse como enfermedad end\u00e9mica.\u201cNo descartamos que en octubre, noviembre y diciembre pueda haber un repunte que signifique el establecimiento de un patr\u00f3n m\u00e1s regular en las estaciones de fr\u00edo.<\/p>\n","protected":false},"excerpt":{"rendered":"<p>Los contagios por Covid-19 en el pa\u00eds ya suman siete semanas a la baja en M\u00e9xico, se\u00f1alaron autoridades de Salud federal. Se destac\u00f3 que los niveles de la pandemia est\u00e1n pr\u00f3ximos a la mitad de la intensidad de la primera ola, \u201cla m\u00e1s peque\u00f1a por las acciones que se hicieron en su momento\u201d. Informaron que en lo que respecta a la hospitalizaci\u00f3n, hay una ocupaci\u00f3n del 5 por ciento de camas generales, as\u00ed como del 3 por ciento de camas con ventiladores.<\/p>\n","protected":false},"author":3,"featured_media":558278,"comment_status":"open","ping_status":"open","sticky":false,"template":"","format":"standard","meta":{"_monsterinsights_skip_tracking":false,"_monsterinsights_sitenote_active":false,"_monsterinsights_sitenote_note":"","_monsterinsights_sitenote_category":0,"footnotes":""},"categories":[877],"tags":[45870,90021,29516,96292],"class_list":["post-558220","post","type-post","status-publish","format-standard","has-post-thumbnail","hentry","category-salud","tag-a-la-baja","tag-covid-19","tag-pandemia","tag-salnud-federal"],"_links":{"self":[{"href":"https:\/\/www.diarioimagen.net\/index.php?rest_route=\/wp\/v2\/posts\/558220","targetHints":{"allow":["GET"]}}],"collection":[{"href":"https:\/\/www.diarioimagen.net\/index.php?rest_route=\/wp\/v2\/posts"}],"about":[{"href":"https:\/\/www.diarioimagen.net\/index.php?rest_route=\/wp\/v2\/types\/post"}],"author":[{"embeddable":true,"href":"https:\/\/www.diarioimagen.net\/index.php?rest_route=\/wp\/v2\/users\/3"}],"replies":[{"embeddable":true,"href":"https:\/\/www.diarioimagen.net\/index.php?rest_route=%2Fwp%2Fv2%2Fcomments&post=558220"}],"version-history":[{"count":0,"href":"https:\/\/www.diarioimagen.net\/index.php?rest_route=\/wp\/v2\/posts\/558220\/revisions"}],"wp:featuredmedia":[{"embeddable":true,"href":"https:\/\/www.diarioimagen.net\/index.php?rest_route=\/wp\/v2\/media\/558278"}],"wp:attachment":[{"href":"https:\/\/www.diarioimagen.net\/index.php?rest_route=%2Fwp%2Fv2%2Fmedia&parent=558220"}],"wp:term":[{"taxonomy":"category","embeddable":true,"href":"https:\/\/www.diarioimagen.net\/index.php?rest_route=%2Fwp%2Fv2%2Fcategories&post=558220"},{"taxonomy":"post_tag","embeddable":true,"href":"https:\/\/www.diarioimagen.net\/index.php?rest_route=%2Fwp%2Fv2%2Ftags&post=558220"}],"curies":[{"name":"wp","href":"https:\/\/api.w.org\/{rel}","templated":true}]}}