{"id":558240,"date":"2022-08-31T00:02:07","date_gmt":"2022-08-31T05:02:07","guid":{"rendered":"https:\/\/www.diarioimagen.net\/?p=558240"},"modified":"2022-08-31T00:45:33","modified_gmt":"2022-08-31T05:45:33","slug":"mario-delgado-sigue-en-intentona-de-mermar-a-ricardo-monreal","status":"publish","type":"post","link":"https:\/\/www.diarioimagen.net\/?p=558240","title":{"rendered":"Mario Delgado sigue en intentona de mermar a Ricardo Monreal"},"content":{"rendered":"<h2>La Retaguardia<\/h2>\n<h5>Adriana Moreno Cordero<\/h5>\n<p>&nbsp;<\/p>\n<ul>\n<li><em><strong>\u00bfQu\u00e9 no hay corrupci\u00f3n en Dos Bocas?, que le pregunten a Nahle<\/strong> <\/em><\/li>\n<\/ul>\n<p>&nbsp;<\/p>\n<p>En lo que es sin duda una estrategia muy burda propia de esta errada y llamada Cuarta Transformaci\u00f3n, los m\u00e1s fieles e incondicionales seguidores del presidente <strong>Andr\u00e9s Manuel L\u00f3pez Obrador<\/strong> le siguieron haciendo el vac\u00edo al presidente de la Junta de Coordinaci\u00f3n Pol\u00edtica del Senado de la Rep\u00fablica, <strong>Ricardo Monreal<\/strong>, en el marco de la reuni\u00f3n plenaria, por aquello de que las ausencias dicen m\u00e1s que las presencias y en este sentido, el mensaje que env\u00edan quienes no asistieron a la plenaria de los senadores de Morena, es que est\u00e1n m\u00e1s que dispuestos a complacer a su jefe e incluso, entablar una competencia para ver qui\u00e9n es el mejor en este sumisa misi\u00f3n.<\/p>\n<p>No sobra se\u00f1alar que con estas maniobras, no merman las aspiraciones del senador Monreal ni lo debilitan, pues est\u00e1n frente a un hombre con una muy larga trayectoria y experiencia en pol\u00edtica, que ha tenido que bregar constantemente.<\/p>\n<p>Por los corrillos de la C\u00e1mara alta, corri\u00f3 la especie de que el compromiso que supuestamente ten\u00eda el secretario de Gobernaci\u00f3n, <strong>Ad\u00e1n Augusto L\u00f3pez Hern\u00e1ndez<\/strong>, para no acudir a la sede senatorial, eran unas vacaciones en Boston. \u00bfSer\u00e1?<\/p>\n<p>Entre comentario y comentario, se repiti\u00f3 que la jefa de Gobierno de la Ciudad de M\u00e9xico, <strong>Claudia Sheinbaum<\/strong>, no fue invitada a la plenaria de los senadores morenistas, porque esto hubiera representado ponerle una excelente pasarela para quien se dice orgullosa de ser llamada por su jefe, \u201ccorcholata\u201d y la verdad es que ha sido tan grosera y descort\u00e9s con el senador Monreal, que no tendr\u00eda por qu\u00e9 estar por esos terrenos.<\/p>\n<p>Y quien avis\u00f3 tambi\u00e9n de \u00faltima hora, que no asistir\u00eda a la plenaria de Morena fue el dirigente de este partido, <strong>Mario Mart\u00edn Delgado<\/strong>, quien supuestamente iba a estar acompa\u00f1ado por la secretaria general de ese instituto pol\u00edtico, la siempre distinguida <strong>Citlalli Hern\u00e1ndez<\/strong>, pero al final, se excus\u00f3 a la voz de que ten\u00eda otras actividades, de cara al caos que se ha vuelto la elecci\u00f3n de congresistas del partido oficial.<\/p>\n<p>Era m\u00e1s que evidente que el secretario de Relaciones Exteriores, <strong>Marcelo Ebrard<\/strong>, s\u00ed estar\u00eda con los senadores morenistas y tambi\u00e9n cumpli\u00f3 la titular de Econom\u00eda, <strong>Tatiana Clouthier<\/strong>.<\/p>\n<p>Quien hizo un llamado a la unidad en Morena, fue la saliente presidenta de la Mesa Directiva del Senado de la Rep\u00fablica, <strong>Olga S\u00e1nchez Cordero<\/strong>, pero \u00e9ste se perdi\u00f3 en la inmensidad del recinto legislativo porque ya se va y sobre qui\u00e9n la suceder\u00e1, se ha vuelto motivo de divisi\u00f3n.<\/p>\n<p style=\"text-align: center;\"><strong>Municiones<\/strong><\/p>\n<p>*** Sin sentido, verdaderamente delirante las justificaciones que dio L\u00f3pez Obrador para al final y a rega\u00f1adientes, aceptar que su \u201celefante blanco\u201d denominado Dos Bocas, que no ha producido ni un s\u00f3lo barril de petr\u00f3leo y se trata m\u00e1s bien de un cascar\u00f3n, aument\u00f3 su costo de construcci\u00f3n\u00a0 y casi lo triplic\u00f3. Dijo que el incremento se debi\u00f3 a que, eficiente como suele ser la secretaria de Energ\u00eda, <strong>Roc\u00edo Nahle<\/strong> y su equipo, no contemplaron equipos que se requieren para su funcionamiento, peque\u00f1o detalle. Y sin encontrar una puerta de salida, el tabasque\u00f1o dijo en su gustad\u00edsimo \u201cstand-up\u201d ma\u00f1anero, que \u201cde todas maneras (Dos Bocas), sali\u00f3 m\u00e1s barata que como estimaban cobrarla empresas extranjeras. As\u00ed como a manera de consuelo y ante lo evidente, L\u00f3pez Obrador explic\u00f3 que el \u201cpueblo bueno y sabio\u201d debe estar tranquilo porque en la construcci\u00f3n de la refiner\u00eda de Dos Bocas, nadie hizo negocio. \u00bfAaah, no?, que le pregunte el de Tepetit\u00e1n a la flamante titular de Energ\u00eda, que ha hecho un manejo totalmente discrecional que han redituado en beneficios, al parecer a algunos cercanos de la funcionaria, como un compadre que tiene por ah\u00ed. Diversos especialistas en el tema, coinciden en se\u00f1alar que, como \u201cbot\u00f3n\u201d de muestra, los contratos de dicho \u201celefante blanco\u201d, no est\u00e1n sujetos a la Ley de Transparencia. Como antecedente est\u00e1 tambi\u00e9n que en plena pandemia, -en 2020-, Roc\u00edo Nahle fue se\u00f1alada por presuntamente haber otorgado un generoso contrato al empresario veracruzano, <strong>Arturo Quintanilla Hayek<\/strong>, due\u00f1o de Grupo Huerta Madre; con eso de que la se\u00f1ora Nahle desde ahorita est\u00e1 empe\u00f1ada en ser la candidata de Morena al gobierno de dicho estado. Y con todo esto, \u00bfqui\u00e9n puede estar tranquilo con el llamado del Presidente?<\/p>\n<p>*** Diputados del PRI, PAN y PRD, que conforman la coalici\u00f3n \u201cVa por M\u00e9xico\u201d, concluyeron y anunciaron que moratoria constitucional impuesta por ellos en contra de la reforma electoral, que plantea desaparecer al INE, y de que la Guardia Nacional sea parte de la Secretar\u00eda de la Defensa Nacional, continuar\u00e1 y como la din\u00e1mica perversa de la fracci\u00f3n parlamentaria de Morena en San L\u00e1zaro seguir\u00e1 siendo la intimidaci\u00f3n y la amenaza, igual a como opera el inquilino de Palacio Nacional, una vez que arranque el periodo ordinario de sesiones en la C\u00e1mara baja, dentro de dos d\u00edas, continuar\u00e1 dicha campa\u00f1a. Y es que entre otras razones, al coordinador morenista en San L\u00e1zaro, Ignacio Mier, le urge ganar apoyos para su adelantad\u00edsima campa\u00f1a a la gubernatura de Puebla.<\/p>\n<p>*** Y en este mismo tema, por cierto, de pron\u00f3stico reservado estuvo el pleito ni m\u00e1s ni menos, entre el gobernador de Puebla, <strong>Luis Miguel Barbosa<\/strong>, y el diputado <strong>Gerardo Fern\u00e1ndez Noro\u00f1a<\/strong> y precisamente la \u201cmanzana de la discordia\u201d fue el diputado Mier Velazco, quien el pasado fin de semana se \u201cautodestap\u00f3\u201d, en compa\u00f1\u00eda, entre otros, del l\u00edder de su partido, Mario Delgado y ah\u00ed tambi\u00e9n se present\u00f3 el diputado petista que iluso, supone que est\u00e1 en la carrera de Morena al 2024, as\u00ed que urge que alguien le avise a Fern\u00e1ndez Noro\u00f1a que \u00e9l no es \u201ccorcholata\u201d. Esto, motiv\u00f3 la furia del gobernador Barbosa Huerta, quien de plano \u201clas cort\u00f3\u201d con el controvertido legislador a quien le sentenci\u00f3 \u201chas perdido un amigo\u201d. Tan enojado estaba y sigue estando Barbosa, que hasta le mand\u00f3 mensaje directo a Mario Delgado dici\u00e9ndole que no puede coartar el derecho que tienen poblanos y poblanas de decidir qui\u00e9n ser\u00e1 el candidato morenista al gobierno de Puebla. Las divisiones en el partido oficial, continuar\u00e1n y se acentuar\u00e1n.<\/p>\n<p>*** \u201cDesde que empezamos la lucha pol\u00edtica en defensa de nuestro pueblo ante gobiernos neoliberales, hemos sufrido ataques y campa\u00f1as de guerra sucia con mentiras. No tenemos nada que ocultar, pero denunciaremos cualquier intento de usar montajes o tergiversaciones en nuestra contra\u201d. No, esto no lo dijo L\u00f3pez Obrador en su gustad\u00edsimo \u201cstand-up\u201d ma\u00f1anero como pudiera suponerse. Este, es parte de un \u201ctwitt\u201d ni m\u00e1s ni menos que del ex presidente de Bolivia, <strong>Evo Morales<\/strong>, s\u00ed, ese al que supuestamente el tabasque\u00f1o le salv\u00f3 la vida; s\u00ed, es que recientemente le regal\u00f3 un poncho a Marcelo Ebrard, quej\u00e1ndose amargamente porque le robaron su tel\u00e9fono celular en un evento all\u00e1 en su tierra. \u00a1Qu\u00e9 tal!<\/p>\n<p><u><a href=\"mailto:morcora@gmail.com\" target=\"_blank\" rel=\"noopener noreferrer\"><em>morcora@gmail.com<\/em><\/a><\/u><\/p>\n","protected":false},"excerpt":{"rendered":"<p><span style=\"color: #005497;\"><strong>Adriana Moreno Cordero<\/strong><\/span><\/p>\n","protected":false},"author":3,"featured_media":0,"comment_status":"open","ping_status":"open","sticky":false,"template":"","format":"standard","meta":{"_monsterinsights_skip_tracking":false,"_monsterinsights_sitenote_active":false,"_monsterinsights_sitenote_note":"","_monsterinsights_sitenote_category":0,"footnotes":""},"categories":[69370],"tags":[69369,69368,43674],"class_list":["post-558240","post","type-post","status-publish","format-standard","hentry","category-adriana-moreno-cordero","tag-adriana-moreno-cordero","tag-la-retaguardia","tag-opinion"],"_links":{"self":[{"href":"https:\/\/www.diarioimagen.net\/index.php?rest_route=\/wp\/v2\/posts\/558240","targetHints":{"allow":["GET"]}}],"collection":[{"href":"https:\/\/www.diarioimagen.net\/index.php?rest_route=\/wp\/v2\/posts"}],"about":[{"href":"https:\/\/www.diarioimagen.net\/index.php?rest_route=\/wp\/v2\/types\/post"}],"author":[{"embeddable":true,"href":"https:\/\/www.diarioimagen.net\/index.php?rest_route=\/wp\/v2\/users\/3"}],"replies":[{"embeddable":true,"href":"https:\/\/www.diarioimagen.net\/index.php?rest_route=%2Fwp%2Fv2%2Fcomments&post=558240"}],"version-history":[{"count":0,"href":"https:\/\/www.diarioimagen.net\/index.php?rest_route=\/wp\/v2\/posts\/558240\/revisions"}],"wp:attachment":[{"href":"https:\/\/www.diarioimagen.net\/index.php?rest_route=%2Fwp%2Fv2%2Fmedia&parent=558240"}],"wp:term":[{"taxonomy":"category","embeddable":true,"href":"https:\/\/www.diarioimagen.net\/index.php?rest_route=%2Fwp%2Fv2%2Fcategories&post=558240"},{"taxonomy":"post_tag","embeddable":true,"href":"https:\/\/www.diarioimagen.net\/index.php?rest_route=%2Fwp%2Fv2%2Ftags&post=558240"}],"curies":[{"name":"wp","href":"https:\/\/api.w.org\/{rel}","templated":true}]}}