{"id":558248,"date":"2022-08-31T00:08:03","date_gmt":"2022-08-31T05:08:03","guid":{"rendered":"https:\/\/www.diarioimagen.net\/?p=558248"},"modified":"2022-08-31T00:55:27","modified_gmt":"2022-08-31T05:55:27","slug":"pan-pri-y-prd-no-avanzan","status":"publish","type":"post","link":"https:\/\/www.diarioimagen.net\/?p=558248","title":{"rendered":"PAN, PRI y PRD no avanzan"},"content":{"rendered":"<h2>Punto por punto<\/h2>\n<h5>Augusto Corro<\/h5>\n<p>&nbsp;<\/p>\n<p>Los partidos pol\u00edticos se preparan para las elecciones presidenciales de 2024.<\/p>\n<p>En Movimiento de Regeneraci\u00f3n Nacional (Morena) van adelantados.<\/p>\n<p>En los institutos pol\u00edticos de la oposici\u00f3n no avanzan y tienen que remar contra la corriente.<\/p>\n<p>En las \u00faltimas elecciones la alianza electoral opositora obtuvo opiniones negativas entre el electorado nacional. PAN, PRI y PRD tendr\u00e1n que hacer un gran esfuerzo si quieren salir bien librados de la lucha. A la fecha, Morena ya se siente ganador de la contienda, aunque no todo est\u00e1 escrito.<\/p>\n<p style=\"text-align: center;\"><strong>La pasarela pol\u00edtica<\/strong><\/p>\n<p>Mientras que en Morena la pasarela pol\u00edtica est\u00e1 a todo lo que da, en la oposici\u00f3n apenas empiezan a organizarse.\u00a0 Las \u201ccorcholatas\u201d (precandidatos) presidenciales ya se exhiben en todas partes.<\/p>\n<p>Se nota que la jefa de Gobierno de la Ciudad de M\u00e9xico (CDMX), Claudia Sheinbaum, no desaprovecha ninguna oportunidad de estar ante los \u201creflectores\u201d. En las mismas condiciones se encuentra la \u201ccorcholata\u201d Marcelo Ebrard, secretario de Relaciones Exteriores (SRE). Un poco m\u00e1s relajado est\u00e1 el secretario de Gobernaci\u00f3n, Ad\u00e1n Augusto L\u00f3pez, quien aprovech\u00f3 el fin de semana para irse de compras a Boston, Estados Unidos.<\/p>\n<p style=\"text-align: center;\"><strong>\u201cFlaca\u201d, la caballada panista<\/strong><\/p>\n<p>En Acci\u00f3n Nacional los presidenciables apenas si se conocen.<\/p>\n<p>El l\u00edder nacional blanquiazul, Marko Cort\u00e9s, se encarg\u00f3 de mencionar a algunos de los presuntos aspirantes presidenciables.\u00a0 Adem\u00e1s, anunci\u00f3 que la primera pasarela de precandidatos se realizar\u00e1 el 2 de octubre, en la Ciudad de M\u00e9xico.<\/p>\n<p>Inform\u00f3 que cinco panistas concurrir\u00e1n ese d\u00eda al primero de varios Foros de Buen Gobierno, que se efectuar\u00e1n en varias ciudades del pa\u00eds.<\/p>\n<p>Los aspirantes a la contienda presidencial son los gobernadores de Yucat\u00e1n, Mauricio Villa; de Chihuahua, Maru Campos; y de Quer\u00e9taro, Mauricio Kuri.<\/p>\n<p>Tambi\u00e9n participar\u00e1n los diputados federales Santiago Creel y Juan Carlos Romero Hicks.<\/p>\n<p style=\"text-align: center;\"><strong>Los blanquiazules m\u00e1s conocidos<\/strong><\/p>\n<p>Faltaron en la lista de presidenciables la senadora Lilly T\u00e9llez y Ricardo Anaya. La primera rechaz\u00f3 la invitaci\u00f3n y el segundo se encuentra fuera de M\u00e9xico.<\/p>\n<p>Sin duda, el panista m\u00e1s conocido es Anaya, quien ya particip\u00f3 como candidato en las presidenciales de 2018, que perdi\u00f3.<\/p>\n<p>En el presente, el controvertido queretano blanquiazul se encuentra en alguna ciudad de Estados Unidos, en calidad de autoexiliado.<\/p>\n<p>Anaya tiene cuentas pendientes con la justicia, pues es acusado de varios delitos, entre otros el de recibir sobornos para apoyar la reforma energ\u00e9tica de Pe\u00f1a Nieto.<\/p>\n<p>Sin embargo, desde el \u201cexilio\u201d realiza su campa\u00f1a pol\u00edtica, principalmente con ataques al gobierno lopezobradorista.<\/p>\n<p>El senador Dami\u00e1n Zepeda tambi\u00e9n fue separado de la exhibici\u00f3n partidista, a pesar de que ya manifest\u00f3 que buscar\u00e1 la candidatura presidencial.<\/p>\n<p>El l\u00edder Marko Cort\u00e9s declar\u00f3 que el 2 de octubre se efectuar\u00e1 el primer foro de gobernanza, en donde se le dir\u00e1 a la gente \u201cque s\u00ed hay otra forma de gobernar\u201d.<\/p>\n<p style=\"text-align: center;\"><strong>El PRI retrasado<\/strong><\/p>\n<p>En el Revolucionario Institucional la sucesi\u00f3n presidencial los agarr\u00f3 desorganizados.<\/p>\n<p>Aunque son varios los que ya levantaron la mano para afirmar que s\u00ed quieren postularse, todo parece que no le dan seriedad al asunto.<\/p>\n<p>El propio l\u00edder priista, exgobernador y diputado, Alejandro Moreno C\u00e1rdenas (a) \u201cAlito\u201d ya se autodestap\u00f3 como precandidato.<\/p>\n<p>Solamente sus incondicionales lo tomaron en serio; pues es el centro de esc\u00e1ndalos por acusaciones de enriquecimiento il\u00edcito, entre otros.<\/p>\n<p>Entre los priistas que ven con seriedad la situaci\u00f3n es Enrique de la Madrid, quien se mueve en su pasarela personal.<\/p>\n<p>\u201cAlito\u201d logr\u00f3 que se juntaran los tricolores que est\u00e1n en su contra. Estos ya le exigieron la renuncia al cargo. El ex gobernador se neg\u00f3 a dejar la presidencia partidista.<\/p>\n<p>\u00bfY el PRD? Ni sus luces, como se dice coloquialmente, sus due\u00f1os, \u201cLos Chuchos\u201d, Jes\u00fas Ortega y Jes\u00fas Zambrano, se encuentran en la pasividad total. Sin esperanzas de resucitar el partido.<\/p>\n<p>En conclusi\u00f3n, PAN, PRI y PRD no avanzan.<\/p>\n<p>\u00bfUsted qu\u00e9 opina amable lector?<\/p>\n<p><em><a href=\"mailto:aco2742@hotmail.com\" target=\"_blank\" rel=\"noopener noreferrer\">aco2742@hotmail.com<\/a><\/em><\/p>\n","protected":false},"excerpt":{"rendered":"<p><span style=\"color: #005497;\"><strong>Augusto Corro<\/strong><\/span><\/p>\n","protected":false},"author":3,"featured_media":0,"comment_status":"open","ping_status":"open","sticky":false,"template":"","format":"standard","meta":{"_monsterinsights_skip_tracking":false,"_monsterinsights_sitenote_active":false,"_monsterinsights_sitenote_note":"","_monsterinsights_sitenote_category":0,"footnotes":""},"categories":[157],"tags":[43686,43674,11515],"class_list":["post-558248","post","type-post","status-publish","format-standard","hentry","category-augusto-corro","tag-augusto-corro","tag-opinion","tag-punto-por-punto"],"_links":{"self":[{"href":"https:\/\/www.diarioimagen.net\/index.php?rest_route=\/wp\/v2\/posts\/558248","targetHints":{"allow":["GET"]}}],"collection":[{"href":"https:\/\/www.diarioimagen.net\/index.php?rest_route=\/wp\/v2\/posts"}],"about":[{"href":"https:\/\/www.diarioimagen.net\/index.php?rest_route=\/wp\/v2\/types\/post"}],"author":[{"embeddable":true,"href":"https:\/\/www.diarioimagen.net\/index.php?rest_route=\/wp\/v2\/users\/3"}],"replies":[{"embeddable":true,"href":"https:\/\/www.diarioimagen.net\/index.php?rest_route=%2Fwp%2Fv2%2Fcomments&post=558248"}],"version-history":[{"count":0,"href":"https:\/\/www.diarioimagen.net\/index.php?rest_route=\/wp\/v2\/posts\/558248\/revisions"}],"wp:attachment":[{"href":"https:\/\/www.diarioimagen.net\/index.php?rest_route=%2Fwp%2Fv2%2Fmedia&parent=558248"}],"wp:term":[{"taxonomy":"category","embeddable":true,"href":"https:\/\/www.diarioimagen.net\/index.php?rest_route=%2Fwp%2Fv2%2Fcategories&post=558248"},{"taxonomy":"post_tag","embeddable":true,"href":"https:\/\/www.diarioimagen.net\/index.php?rest_route=%2Fwp%2Fv2%2Ftags&post=558248"}],"curies":[{"name":"wp","href":"https:\/\/api.w.org\/{rel}","templated":true}]}}