{"id":558251,"date":"2022-08-31T00:11:28","date_gmt":"2022-08-31T05:11:28","guid":{"rendered":"https:\/\/www.diarioimagen.net\/?p=558251"},"modified":"2022-08-31T00:58:43","modified_gmt":"2022-08-31T05:58:43","slug":"la-torcida-verdad-historica-otra-vez","status":"publish","type":"post","link":"https:\/\/www.diarioimagen.net\/?p=558251","title":{"rendered":"La torcida \u201cverdad hist\u00f3rica\u201d\u2026 otra vez"},"content":{"rendered":"<h2>\u00cdndice pol\u00edtico<\/h2>\n<h5>Francisco Rodr\u00edguez<em>\u00a0<\/em><\/h5>\n<p>&nbsp;<\/p>\n<ul>\n<li><strong><em>No nos falte al respeto, gobernador<\/em><\/strong><\/li>\n<li><strong><em>Epigmenio, comisario en la radio<\/em><\/strong><\/li>\n<\/ul>\n<p>&nbsp;<\/p>\n<p>A los cuatroteros les urg\u00eda presentar resultados sobre el proditorio crimen de 43 j\u00f3venes normalistas antes del en\u00e9simo y enga\u00f1oso en\u00e9simo Informe de Gobierno -el oficial, el que ordena la Constituci\u00f3n- de <strong>Andr\u00e9s Manuel L\u00f3pez Obrador<\/strong>.<\/p>\n<p>Y, cuando menos, la detenci\u00f3n de un \u201cpez gordo\u201d que result\u00f3 ser <strong>Jes\u00fas Murillo Karam<\/strong> y un grupo de militares, entre los cuales se encuentran cuatro generales que, en el sexenio anterior, fueron invitados por <strong>Eduardo Le\u00f3n Trauwitz<\/strong> -ahora detenido en Canad\u00e1- como sus subalternos en la tarea de brindar protecci\u00f3n a los huachicoleros que ayudaron a saquear Pemex.<\/p>\n<p>As\u00ed que para llegar a ello, los \u201cpescadores\u201d <strong>Alejandro Gertz<\/strong> y <strong>Alejandro Encinas<\/strong> volvieron a torcer la llamada \u201cverdad hist\u00f3rica\u201d.<\/p>\n<p>Porque, de acuerdo con el ameritado periodista <strong>H\u00e9ctor de Maule\u00f3n<\/strong>, en una de sus recientes colaboraciones en el diario <em>El Universal<\/em>, las declaraciones del testigo estrella del caso, <strong>Bernardo Cano Mu\u00f1ozcano &#8211;<\/strong>a quien me refer\u00ed aqu\u00ed como un declarante \u201csin credibilidad\u201d- no dijo lo que el documento le\u00eddo por Encinas en el que la FGR basa sus acusaciones contra Murillo Karam \u00a1no dijo lo que dicen que dijo!<\/p>\n<p>Y es que lo relatado por De Maule\u00f3n, quien investig\u00f3 a fondo los anteriores documentos, el llamado \u201cc\u00f3nclave de Iguala\u201d, donde supuestamente se urdi\u00f3 \u201cla verdad hist\u00f3rica\u201d, fue para hablar, en palabras de Cano, \u201cde hallazgos que hasta ese momento ten\u00eda la procuradur\u00eda local y se se\u00f1al\u00f3 que hab\u00eda que establecer la coordinaci\u00f3n de los trabajos a realizar en cuanto a las b\u00fasquedas y para determinar las rutas a seguir, con la finalidad de localizar la ubicaci\u00f3n de los estudiantes.<\/p>\n<p>\u201cAh\u00ed se establecieron zonas de b\u00fasqueda y el despliegue de la fuerza que ser\u00eda enviada para localizar a los normalistas\u201d.<\/p>\n<p>Adem\u00e1s, Cano declar\u00f3 que se estableci\u00f3 una \u201cmesa de inteligencia\u201d para compartir informaci\u00f3n y que hubo otras reuniones, esta vez con los padres de familia de los desaparecidos y con el abogado <strong>Vidulfo Rosales<\/strong>.<\/p>\n<p>\u201cEse fue el \u2018c\u00f3nclave\u2019 del que hablan la 4T, sus propagandistas y sus comisarios. Est\u00e1 en la carpeta y <strong>es la primera mentira que se desploma a unos d\u00edas de que se llevara a cabo la \u201cgran\u201d revelaci\u00f3n<\/strong>: La primera de las muchas mentiras con que los encargados del caso aderezan la nueva \u201cverdad hist\u00f3rica\u201d de Iguala\u201d, escribi\u00f3 el columnista, quien tambi\u00e9n apunt\u00f3:<\/p>\n<p>\u201cNo es la primera vez que los nuevos encargados del caso Iguala tuercen la realidad; no es la primera vez que ponen en marcha, a partir de mentiras, a las hordas fan\u00e1ticas que los acompa\u00f1an.<\/p>\n<p>\u201cLamento informar que el exsecretario particular de Zer\u00f3n no dijo ni de lejos algo semejante a lo que sostiene la fiscal\u00eda.\u201d<\/p>\n<p>As\u00ed que la \u00fanica verdad verdadera (sic) es que 43 j\u00f3venes fueron asesinados, y que sus cenizas desaparecieron luego de ser cremados sus cuerpos.<\/p>\n<p>Todo lo dem\u00e1s es mentira, hasta ahora.<\/p>\n<p>Ah, pero como les urg\u00eda dar cuando menos un \u201cresultado\u201d para que AMLO lo informe en su mensaje de ma\u00f1ana 1 de septiembre\u2026<\/p>\n<p>\u2026\u00a1la verdad volvi\u00f3 a ser acuchillada\u2026<\/p>\n<p>\u2026ahora por la 4T!<\/p>\n<p style=\"text-align: center;\"><strong>\u00a0Los montajes de Alfaro en la UdeG<\/strong><\/p>\n<p><strong>\u00a0<\/strong>Aunque por estos d\u00edas el gobernador de Jalisco, <strong>Enrique Alfaro Ram\u00edrez<\/strong>, ha arrancado obras en favor de la Universidad de Guadalajara y ha afirmado que su administraci\u00f3n ha demostrado compromiso con la misma, el rector general de la Casa de Estudios, <strong>Ricardo Villanueva<\/strong>, sostiene lo contrario. \u201cEs un montaje\u201d, ha dicho el acad\u00e9mico.<\/p>\n<p>Textualmente:<\/p>\n<p>\u201cFelicidades a las y los universitarios, hemos logrado que el gobernador tenga a la universidad como <strong>prioridad en su agenda y discurso<\/strong>. Lamentablemente <strong>no es as\u00ed en la realidad presupuestal<\/strong>. Es de admirar el tama\u00f1o del teatro montado para aparentar un supuesto apoyo a la UdeG, cuando la realidad, es que las obras est\u00e1n siendo realizadas, como ya lo aclararon los diputados, \u00a1con la bolsa de presupuesto etiquetada desde diciembre 2021! De hecho, esta partida est\u00e1 en su peor a\u00f1o. Ojal\u00e1 y pronto el apoyo a la universidad sea real y no un simple montaje\u201d, dijo Villanueva en redes sociales.<\/p>\n<p>El cl\u00edmax de ese montaje se dio la semana anterior cuando, en un video que corri\u00f3 como p\u00f3lvora en redes sociales en el cual se escucha a Alfaro advertir al secretario administrativo del Centro Universitario de los Valles de la Universidad de Guadalajara, <strong>Le\u00f3n D\u00e1vila <\/strong>-quien intent\u00f3 presentarle el retraso de m\u00e1s de 28 meses en las obras del Centro-, \u201c<strong>n<\/strong>om\u00e1s m\u00eddele bien tus palabras<strong>\u201d<\/strong>.<\/p>\n<p>Tensos momentos videograbados, en los cuales tambi\u00e9n se oye a Alfaro decir que no se le falte el respeto a los diputados, al presidente municipal y al gobernador. S\u00f3lo le falt\u00f3 mencionar que tampoco fuese irrespetuoso (sic) con su patrocinador, <strong>Dante Delgado<\/strong>.<\/p>\n<p>Este otro montaje de Alfaro, el de supuestas faltas de respeto por una petici\u00f3n justificada -que recibiera unos documentos- fue, en realidad para cubrir su falta de respeto -este s\u00ed- a la rectora del CUValles de la UdeG, <strong>Mar\u00eda Luisa Garc\u00eda B\u00e1tiz.<\/strong><\/p>\n<p>\u00bfQu\u00e9 lo tiene tan molesto y vengativo con la UdeG, gobernador?<\/p>\n<p>\u00bfAcaso es personal en contra de sus ex aliados de la M\u00e1xima Casa de Estudios tapat\u00eda?<\/p>\n<p style=\"text-align: center;\"><strong>Indicios<\/strong><\/p>\n<p>Hace poco le comentaba del primitivismo e ignorancia del titular de Gobernaci\u00f3n, <strong>Ad\u00e1n (Augusto) L\u00f3pez<\/strong>. Hoy se lo reitero. Con excusas balad\u00edes pretext\u00f3 no presentarse a la reuni\u00f3n plenaria de la bancada mayoritaria en el Senado de la Rep\u00fablica. Avis\u00f3 con pocas horas de antelaci\u00f3n al evento. Todo por no encontrarse con <strong>Ricardo Monreal<\/strong>, a quien la 4T le est\u00e1 aplicando la infantiloide \u201cley del hielo\u201d. * * * Quien s\u00ed asisti\u00f3 al c\u00f3nclave de los senadores morenistas fue Marcelo Ebrard, para quien el l\u00edder senatorial tuvo palabras elogiosas. Le reconoci\u00f3 la labor institucional en la conducci\u00f3n de la nueva \u00e9poca de la pol\u00edtica exterior mexicana y dijo tambi\u00e9n Monreal que \u201cel presidente Andr\u00e9s Manuel L\u00f3pez Obrador ha sabido librar tempestades internacionales, manteni\u00e9ndose firme en el respeto a la soberan\u00eda nacional\u201d, lo mismo que \u201cla relaci\u00f3n entre M\u00e9xico y el mundo cambi\u00f3 desde 2018\u201d, aunque qui\u00e9n sabe si para bien o para mal. * * * Ante la amenaza de los gobiernos de <strong>Enrique Pe\u00f1a Nieto<\/strong> y de AMLO de obligar a los medios concesionados, la Suprema <em>Corta<\/em> de Justicia fren\u00f3 este lunes el intento de obligar a quienes usufruct\u00faan las se\u00f1ales de radio y televisi\u00f3n a distinguir entre opini\u00f3n e informaci\u00f3n al presentar una noticia y todo intento de sobre-regular sus transmisiones. Pero el freno es temporal. No es, ni de lejos, un freno de mano. Porque como bien advierte el muy estimado lector <strong>Conrado D\u00edaz<\/strong>, \u201cla pr\u00f3xima jugada del gobierno de la 4T para controlar los medios de comunicaci\u00f3n la est\u00e1 ensayando con <strong>Ciro G\u00f3mez Leyva<\/strong> al meterle como \u2018comisario\u2019 a <strong>Epigmenio Ibarra, <\/strong>para luego seguir con los dem\u00e1s programas y conductores.\u00a0 A Ciro no le qued\u00f3 m\u00e1s remedio que trag\u00e1rsela, desde luego por presiones de sus patrones. Despacito no se siente. \u00a1Cuidado!\u201d * * * En la cada vez m\u00e1s tormentosa sucesi\u00f3n del <strong><em>Alfreditito <\/em>del Mazo<\/strong>, sobresale la reuni\u00f3n de <strong>Arturo Montiel<\/strong> con la precandidata priista <strong>Alejandra Del Moral,<\/strong> previo a un encuentro con clase pol\u00edtica mexiquense, a la que tambi\u00e9n <strong>asisti\u00f3 Laura Barrera. <\/strong>La ausente fue <strong>Ana Lilia Herrera<\/strong>. Posteriormente, Del Moral tuvo un encuentro con pol\u00edticos de la entidad a quienes areng\u00f3 a consolidar la unidad en torno al jefe estatal del priismo. * * * De acuerdo a otro amigo lector, <strong>Enrique Assad<\/strong>, la Secretar\u00eda del Trabajo pronto tendr\u00e1 una Direcci\u00f3n General de Memoriales que, quiz\u00e1, s\u00ed funcione, a diferencia de la dedicada a inspeccionar las condiciones de los centros donde laboran millones de mexicanos. A propuesta de la siempre ausente <strong>Luisa Mar\u00eda Alcalde<\/strong>, va a haber dos: Uno en la fat\u00eddica mina de Pasta de Conchos. El otro, en el pozo de Sabinas, donde a\u00fan permanecen bajo tierra diez de los mineros que ah\u00ed laboraban. \u00bfEl rescate de sus cuerpos? Postergado. Por la ineficaz y equivoca estrategia del gobierno de AMLO, quien como opositor casi se com\u00eda vivos a quienes no pudieron rescatar a los 63 que a\u00fan permanecen bajo tierra desde 2006. * * * Pregunta la siempre enterada\u00a0 <strong><em>Bibi<\/em> Villavicencio <\/strong>que si va en serio ese anuncio de <strong>Zo\u00e9 Robledo <\/strong>de que si el IMSS-Bienestar es un organismo aut\u00f3nomo, con recursos propios, \u201c\u00bfsignifica, entonces, que se acabaron las cuotas obrero-patronales? De otra forma, los <em>paganos <\/em>seremos, como siempre, los pagaimpuestos para que la 4T se adorne con un servicio de salud dizque gratuito para toda la poblaci\u00f3n.\u201d \u00bfGratuito, Bibi? Nada lo es. Y menos en este gobiernito de AMLO. * * * Y por hoy es todo. Gracias por acompa\u00f1arme leyendo estas letras. Y como siempre, bien sabe usted que le deseo \u00a1buenas gracias y muchos, muchos d\u00edas!<\/p>\n<p><em><u><a href=\"http:\/\/www.indicepolitico.com\" target=\"_blank\" rel=\"noopener noreferrer\">www.indicepolitico.com<\/a><\/u><u><br \/>\n<\/u><a href=\"mailto:indicepolitico@gmail.com\" target=\"_blank\" rel=\"noopener noreferrer\">indicepolitico@gmail.com<\/a><\/em><br \/>\n<em><a href=\"https:\/\/twitter.com\/indicepolitico?lang=es\" target=\"_blank\" rel=\"noopener noreferrer\">@IndicePolitico<\/a><\/em><br \/>\n<em><u><a href=\"https:\/\/twitter.com\/pacorodriguez\" target=\"_blank\" rel=\"noopener noreferrer\">@pacorodriguez<\/a><\/u><\/em><\/p>\n","protected":false},"excerpt":{"rendered":"<p><span style=\"color: #005497;\"><strong>Francisco Rodr\u00edguez<\/strong><\/span><\/p>\n","protected":false},"author":3,"featured_media":0,"comment_status":"open","ping_status":"open","sticky":false,"template":"","format":"standard","meta":{"_monsterinsights_skip_tracking":false,"_monsterinsights_sitenote_active":false,"_monsterinsights_sitenote_note":"","_monsterinsights_sitenote_category":0,"footnotes":""},"categories":[549],"tags":[43689,550,43674],"class_list":["post-558251","post","type-post","status-publish","format-standard","hentry","category-francisco-rodriguez","tag-francisco-rodriguez","tag-indice-politico","tag-opinion"],"_links":{"self":[{"href":"https:\/\/www.diarioimagen.net\/index.php?rest_route=\/wp\/v2\/posts\/558251","targetHints":{"allow":["GET"]}}],"collection":[{"href":"https:\/\/www.diarioimagen.net\/index.php?rest_route=\/wp\/v2\/posts"}],"about":[{"href":"https:\/\/www.diarioimagen.net\/index.php?rest_route=\/wp\/v2\/types\/post"}],"author":[{"embeddable":true,"href":"https:\/\/www.diarioimagen.net\/index.php?rest_route=\/wp\/v2\/users\/3"}],"replies":[{"embeddable":true,"href":"https:\/\/www.diarioimagen.net\/index.php?rest_route=%2Fwp%2Fv2%2Fcomments&post=558251"}],"version-history":[{"count":0,"href":"https:\/\/www.diarioimagen.net\/index.php?rest_route=\/wp\/v2\/posts\/558251\/revisions"}],"wp:attachment":[{"href":"https:\/\/www.diarioimagen.net\/index.php?rest_route=%2Fwp%2Fv2%2Fmedia&parent=558251"}],"wp:term":[{"taxonomy":"category","embeddable":true,"href":"https:\/\/www.diarioimagen.net\/index.php?rest_route=%2Fwp%2Fv2%2Fcategories&post=558251"},{"taxonomy":"post_tag","embeddable":true,"href":"https:\/\/www.diarioimagen.net\/index.php?rest_route=%2Fwp%2Fv2%2Ftags&post=558251"}],"curies":[{"name":"wp","href":"https:\/\/api.w.org\/{rel}","templated":true}]}}