{"id":558257,"date":"2022-08-31T00:07:48","date_gmt":"2022-08-31T05:07:48","guid":{"rendered":"https:\/\/www.diarioimagen.net\/?p=558257"},"modified":"2022-08-31T01:03:06","modified_gmt":"2022-08-31T06:03:06","slug":"incondicionales-de-amlo-le-hacen-el-vacio-a-sus-propios-senadores","status":"publish","type":"post","link":"https:\/\/www.diarioimagen.net\/?p=558257","title":{"rendered":"Incondicionales de AMLO le hacen el vac\u00edo a sus propios senadores"},"content":{"rendered":"<h2>Clase Pol\u00edtica<\/h2>\n<h5>Miguel \u00c1ngel Rivera<\/h5>\n<p>&nbsp;<\/p>\n<p>Al abrir con mucha anticipaci\u00f3n el proceso para designar candidato presidencial de su partido, Morena, el presidente Andr\u00e9s Manuel L\u00f3pez Obrador logr\u00f3 mucha ventaja respecto de la oposici\u00f3n, pero no todo ha salido conforme a sus deseos, pues no tom\u00f3 en cuenta que esa delantera ocasionar\u00eda problemas.<\/p>\n<p>Para empezar, las dificultades surgieron porque no todo mundo acept\u00f3 que la lista oficial de precandidatos se limitara inicialmente a s\u00f3lo dos \u201ccorcholatas\u201d, la siempre favorita jefa de Gobierno de la Ciudad de M\u00e9xico, Claudia Sheinbaum, y el secretario de Relaciones Exteriores, Marcelo Ebrard, y ni siquiera cuando la relaci\u00f3n aument\u00f3 a tres con la incorporaci\u00f3n de su paisano y amigo de toda la vida, el secretario de Gobernaci\u00f3n, Ad\u00e1n Augusto L\u00f3pez Hern\u00e1ndez.<\/p>\n<p>El Presidente puso de relleno en su relaci\u00f3n inicial a varios de sus colaboradores, como el ex rector de la UNAM y actual embajador en la ONU, Juan Ram\u00f3n de la Fuente, al entonces secretario de Educaci\u00f3n y ahora embajador en los Estados Unidos, Esteban Moctezuma, y a las secretarias de Econom\u00eda, Tatiana Clouthier, y de Energ\u00eda, Roc\u00edo Nahle, pero la distracci\u00f3n no sirvi\u00f3 porque ellos mismos se descartaron o porque no tuvieron el suficiente impacto en las filas oficialistas.<\/p>\n<p>En cambio, surgi\u00f3 un aspirante que a la vista de los acontecimientos se puede calificar de \u201cindependiente\u201d aunque se mantiene como militante de Morena e incondicional del primer mandatario, el coordinador de los senadores de Morena, el ex gobernador de Zacatecas, Ricardo Monreal \u00c1vila, que al contrario de la mayor\u00eda de los otros incluidos en la \u201clista oficial\u201d tiene carrera propia y no lleg\u00f3 a los primeros planos de la pol\u00edtica nacional de la mano del pol\u00edtico tabasque\u00f1o.<\/p>\n<p>El otro con proyecci\u00f3n propia es Ebrard, quien en dos ocasiones cedi\u00f3 el paso a L\u00f3pez Obrador aunque parec\u00eda llevarle ventaja. Primero declin\u00f3 a su favor la candidatura a jefe de Gobierno del entonces Distrito Federal, en las elecciones de 2000 y posteriormente, en\u00a0 2012, volvi\u00f3 a ceder la nominaci\u00f3n presidencial al tabasque\u00f1o y para los comicios de 2018 Ebrard fue parte del equipo de campa\u00f1a de L\u00f3pez Obrador que consum\u00f3 el arrollador triunfo de Morena, del cual form\u00f3 tambi\u00e9n parte destacada el zacatecano Monreal.<\/p>\n<p>Al anticipar L\u00f3pez Obrador el proceso para nominar candidato a sucederlo, el a\u00f1o pasado, incluy\u00f3 a Ebrard en su lista de aspirantes, pero no tom\u00f3 en cuenta a Monreal.<\/p>\n<p style=\"text-align: center;\"><strong>La lucha por la candidatura presidencial<br \/>\nse reduce a s\u00f3lo dos candidatos<\/strong><\/p>\n<p>Contra el intento de L\u00f3pez Obrador de disfrazar el \u201cdedazo\u201d con una amplia relaci\u00f3n de potenciales candidatos, al quedar s\u00f3lo dos de ellos, Sheinbaum y Ebrard, con reales posibilidades, se empezaron a polarizar las corrientes dentro de las filas del partido oficial, aunado al hecho de que ya se planteaba un distanciamiento entre los duros o tradicionales y los considerados ajenos o simplemente reci\u00e9n llegados.<\/p>\n<p>La tensi\u00f3n interna se alivi\u00f3 un poco con la incorporaci\u00f3n de L\u00f3pez Hern\u00e1ndez a la lista de potenciales candidatos, pero se mantuvo el antagonismo de los radicales contra la corriente que respalda a Monreal, a quien se lleg\u00f3 a acusar de traici\u00f3n al apoyar a candidatos rivales, sobre todo en la Ciudad de M\u00e9xico, lo cual supuestamente contribuy\u00f3 al avance de la oposici\u00f3n en la capital.<\/p>\n<p>Este rumor tuvo m\u00e1s credibilidad porque el ahora coordinador de los senadores de Morena compiti\u00f3 con Sheinbaum por el gobierno capitalino, pero las encuestas, que nadie conoce, le dieron la victoria a Sheinbaum, desde entonces gran favorita.<\/p>\n<p>Todos estos antecedentes vienen al caso porque ayer los funcionarios de\u00a0la llamada Cuarta Transformaci\u00f3n\u00a0le hicieron el vac\u00edo a la reuni\u00f3n plenaria de sus senadores, lo cual se interpret\u00f3 de inmediato como un desaire a Monreal.<\/p>\n<p>A pesar de que esta clase de encuentros se planean con mucha anticipaci\u00f3n, a \u00faltima hora no se presentaron los secretarios de Gobernaci\u00f3n, Ad\u00e1n Augusto L\u00f3pez; de la Defensa, Luis Cresencio Sandoval; de Marina, Rafael Ojeda, y de Seguridad Ciudadana, Rosa Icela Rodr\u00edguez.<\/p>\n<p>S\u00f3lo el secretario de Relaciones Exteriores, Marcelo Ebrard, y la secretaria de Econom\u00eda, Tatiana Clouthier, estuvieron este martes con los senadores \u201cmorenos\u201d.<\/p>\n<p>Tambi\u00e9n cancel\u00f3 de \u00faltima hora el presidente de Morena, Mario Delgado Carrillo, quien ya antes hab\u00eda desde\u00f1ado Monreal al no invitarlo a un multitudinario mitin efectuado en Toluca que sirvi\u00f3 de presentaci\u00f3n oficial de las \u201ccorcholatas\u201d presidenciales, aunque tanto el gobierno como Morena se niegan a admitir como un acto anticipado de campa\u00f1a.<\/p>\n<p>En el programa del evento, dado a conocer con mucha anticipaci\u00f3n, se anunci\u00f3 que\u00a0Delgado participar\u00eda en una mesa de trabajo, junto a la secretaria general Citlalli Hern\u00e1ndez.<\/p>\n<p>Con anterioridad, el programa de la plenaria, que ten\u00eda como tema central el de la seguridad p\u00fablica, ya hab\u00eda tenido un cambio, pues inicialmente estaba programado el secretario de Marina, almirante Jos\u00e9 Rafael Ojeda Dur\u00e1n, pero en la versi\u00f3n final apareci\u00f3 \u00fanicamente el secretario de la Defensa Nacional, general Luis Cresencio Sandoval.<\/p>\n<p>Por otra parte, los testigos de la plenaria hicieron notar que en ese evento, efectuado en la anterior sede del Senado, en el llamado Palacio de Xicot\u00e9ncatl, s\u00f3lo estuvieron presentes 37\u00a0de los 60 senadores integrantes de la bancada del partido oficial.<\/p>\n<p style=\"text-align: center;\"><strong>\u00c1lvarez Lima lament\u00f3 que las ausencias<br \/>\nsean producto de divisiones internas<\/strong><\/p>\n<p>Al conocerse la inasistencia del titular de Gobernaci\u00f3n, el ex gobernador de Tlaxcala y ahora senador Jos\u00e9 Antonio \u00c1lvarez Lima, hizo votos porque esa ausencia\u00a0no signifique alejamiento del gobierno del presidente L\u00f3pez Obrador respecto del grupo de Morena.<\/p>\n<p>\u201cPorque hemos cumplido hasta hoy con el compromiso que adquirimos con nuestros electores, por eso y lo digo de muy buena fe, me extra\u00f1a la ausencia del secretario de Gobernaci\u00f3n, si hemos cumplido, \u00bfpor qu\u00e9 no est\u00e1 aqu\u00ed el secretario de Gobernaci\u00f3n? Ojal\u00e1 esto no signifique un distanciamiento entre nuestra fracci\u00f3n y el gobierno del presidente L\u00f3pez Obrador\u201d.<\/p>\n<p>El tambi\u00e9n ex director de Canal 11 hizo referencia a los comentarios en medios de comunicaci\u00f3n y en c\u00edrculos pol\u00edticos acerca de la existencia de dos bandos en las filas \u201cmorenas\u201d.<\/p>\n<p>Se habla, dijo el legislador tlaxcalteca, de \u201cun grupo de radicales y duros por un lado y quisiera suponer que hay otro grupo de superficiales y blandengues, que es lo contrario de los radicales y los duros. Yo francamente no creo en esta divisi\u00f3n. Estoy seguro de que por encima de las naturales diferencias que todos tenemos por nuestra biograf\u00eda que representamos, todos, y hasta ahora lo hemos demostrado, somos leales al compromiso de legislar a favor del pueblo\u201d.<\/p>\n<p>Por su parte, la presunta \u201cmanzana de la discordia\u201d, el autoproclamado precandidato presidencial, el tambi\u00e9n presidente de la Junta de Coordinaci\u00f3n Pol\u00edtica del Senado, Ricardo Monreal, al inaugurar la plenaria hizo un llamado a la unidad, reclamo que fue secundado por la hasta ahora presidenta de la C\u00e1mara, la ministra en retiro y ex secretaria de Gobernaci\u00f3n, Olga S\u00e1nchez Cordero.<\/p>\n<p>Nuestra responsabilidad es enorme y la historia juzgar\u00e1 nuestro desempe\u00f1o. Hemos dado paso a la agenda m\u00e1s importante de los \u00faltimos tiempos, destac\u00f3 Monreal en su mensaje inaugural, al destacar: \u201chemos dado paso a la agenda m\u00e1s importante de los \u00faltimos tiempos\u201d.<\/p>\n<p>\u201cFortalezcamos la Rep\u00fablica manteniendo la unidad no olvidemos nuestro origen y compromiso con la poblaci\u00f3n\u201d, agreg\u00f3 Monreal, quien advirti\u00f3 que si los senadores \u201cmorenos\u201d se respetan entre ellos \u201cnos respetar\u00e1n las dem\u00e1s personas y comprender\u00e1n que somos legisladores de la patria, pero tambi\u00e9n, que somos procuradores sociales de nuestros pueblos, gestores de nuestras necesidades de nuestras regiones facultadas a las que no podemos renunciar\u201d.<\/p>\n<p>Adem\u00e1s de estos indicios de divisiones internas, los legisladores oficialistas deben tener en cuenta las acciones de la oposici\u00f3n.<\/p>\n<p>Ayer mismo, en conferencia conjunta, los dirigentes nacionales del PAN, Marko Cort\u00e9s; del PRI, Alejandro Moreno, y del PRD, Jes\u00fas Zambrano, que integran la coalici\u00f3n Va por M\u00e9xico, reafirmaron su alianza y anticiparon que\u00a0interpondr\u00e1n una acci\u00f3n de inconstitucionalidad si Morena y sus aliados aprueban la iniciativa del Ejecutivo para que la Guardia Nacional se traslade al Ej\u00e9rcito.<\/p>\n<p><em><a href=\"mailto:riparcangel@hotmail.com\" target=\"_blank\" rel=\"noopener noreferrer\">riparcangel@hotmail.com<\/a><\/em><\/p>\n","protected":false},"excerpt":{"rendered":"<p><span style=\"color: #005497;\"><strong>Miguel \u00c1ngel Rivera<\/strong><\/span<\/span><\/p>\n","protected":false},"author":3,"featured_media":0,"comment_status":"open","ping_status":"open","sticky":false,"template":"","format":"standard","meta":{"_monsterinsights_skip_tracking":false,"_monsterinsights_sitenote_active":false,"_monsterinsights_sitenote_note":"","_monsterinsights_sitenote_category":0,"footnotes":""},"categories":[84119],"tags":[84120,84121,43674],"class_list":["post-558257","post","type-post","status-publish","format-standard","hentry","category-miguel-angel-rivera","tag-clase-politica","tag-miguel-angel-rivera","tag-opinion"],"_links":{"self":[{"href":"https:\/\/www.diarioimagen.net\/index.php?rest_route=\/wp\/v2\/posts\/558257","targetHints":{"allow":["GET"]}}],"collection":[{"href":"https:\/\/www.diarioimagen.net\/index.php?rest_route=\/wp\/v2\/posts"}],"about":[{"href":"https:\/\/www.diarioimagen.net\/index.php?rest_route=\/wp\/v2\/types\/post"}],"author":[{"embeddable":true,"href":"https:\/\/www.diarioimagen.net\/index.php?rest_route=\/wp\/v2\/users\/3"}],"replies":[{"embeddable":true,"href":"https:\/\/www.diarioimagen.net\/index.php?rest_route=%2Fwp%2Fv2%2Fcomments&post=558257"}],"version-history":[{"count":0,"href":"https:\/\/www.diarioimagen.net\/index.php?rest_route=\/wp\/v2\/posts\/558257\/revisions"}],"wp:attachment":[{"href":"https:\/\/www.diarioimagen.net\/index.php?rest_route=%2Fwp%2Fv2%2Fmedia&parent=558257"}],"wp:term":[{"taxonomy":"category","embeddable":true,"href":"https:\/\/www.diarioimagen.net\/index.php?rest_route=%2Fwp%2Fv2%2Fcategories&post=558257"},{"taxonomy":"post_tag","embeddable":true,"href":"https:\/\/www.diarioimagen.net\/index.php?rest_route=%2Fwp%2Fv2%2Ftags&post=558257"}],"curies":[{"name":"wp","href":"https:\/\/api.w.org\/{rel}","templated":true}]}}