{"id":558265,"date":"2022-08-31T00:12:08","date_gmt":"2022-08-31T05:12:08","guid":{"rendered":"https:\/\/www.diarioimagen.net\/?p=558265"},"modified":"2022-08-31T01:08:02","modified_gmt":"2022-08-31T06:08:02","slug":"monreal-impuso-su-prestigio-y-salvo-incierta-parlamentaria-senatorial-de-morena","status":"publish","type":"post","link":"https:\/\/www.diarioimagen.net\/?p=558265","title":{"rendered":"Monreal impuso su prestigio y salv\u00f3 incierta parlamentaria senatorial de Morena"},"content":{"rendered":"<h2>Tras la puerta del poder<\/h2>\n<h5>Roberto Vizca\u00edno<\/h5>\n<p>&nbsp;<\/p>\n<p>Con el reconocimiento de propios y contrarios a lo que es y representa, <strong>Ricardo Monreal <\/strong>oper\u00f3 ayer un encuentro parlamentario de Morena que amenazaba con desbordar pasiones y confrontar a grupos en sus simpat\u00edas y apoyos a algunos de los 4 aspirantes presidenciales de Morena: <strong>Claudia Sheinbaum<\/strong>, <strong>Marcelo Ebrard<\/strong>, <strong>Ad\u00e1n Augusto L\u00f3pez<\/strong> y el propio zacatecano.<\/p>\n<p>Con la ex ministra y ex secretaria de Gobernaci\u00f3n, <strong>Olga S\u00e1nchez Cordero,<\/strong> y <strong>Jos\u00e9 Narro,<\/strong> a uno y otro lado, <strong>Monreal<\/strong> abri\u00f3 la plenaria de los 60 senadores de Morena record\u00e1ndoles que antes que simpatizantes de aspirantes presidenciales, son legisladores.<\/p>\n<p>Igualmente les reiter\u00f3 que todos pertenecen a un poder, el Legislativo, cuya autonom\u00eda no s\u00f3lo consolida una aut\u00e9ntica divisi\u00f3n de poderes, sino que forma un sano contrapeso en la funci\u00f3n del Estado.<\/p>\n<p>\u201cUn Senado equilibrador y ponderado\u201d, les se\u00f1al\u00f3, garantiza \u201cque no cometamos excesos a trav\u00e9s de acciones metaconstitucionales por parte de \u00f3rganos aut\u00f3nomos u otros Poderes de la Uni\u00f3n, cualquier otro ente p\u00fablico, nacional o extranjero\u201d, subray\u00f3.<\/p>\n<p>Dentro de un contexto en el que la sucesi\u00f3n presidencial m\u00e1s que adelantada genera enconos y distracciones entre los senadores de Morena, el zacatecano finalmente logr\u00f3 que ante la plenaria se presentaran 4 secretarios del gabinete del presidente <strong>Andr\u00e9s Manuel L\u00f3pez Obrador<\/strong>: el canciller Marcelo Ebrard, la titular de Econom\u00eda, <strong>Tatiana Clouthier<\/strong>, el general <strong>Cresencio Sandoval<\/strong>, de la Defensa, y la secretaria de Seguridad P\u00fablica, <strong>Rosa Icela Rodr\u00edguez<\/strong>.<\/p>\n<p>Dos fueron las bajas de \u00faltima hora: la de <strong>Ad\u00e1n Augusto L\u00f3pez,<\/strong> secretario de Gobernaci\u00f3n \u2014a quien se le vio paseando en Boston, Estados Unidos\u2014, y la del almirante <strong>Jos\u00e9 Rafael Ojeda<\/strong>, titular de Marina.<\/p>\n<p>Nada mal para ser el aspirante presidencial no aceptado.<\/p>\n<p>\u201cNuestra responsabilidad, compa\u00f1eros y compa\u00f1eras, es enorme, y la historia definir\u00e1 y describir\u00e1 nuestro desempe\u00f1o. Quienes formamos parte de esta Legislatura debemos sentirnos orgullosos y orgullosas, pues dimos paso a la agenda m\u00e1s importante de los \u00faltimos tiempos, y la cual constituye un cambio profundo.<\/p>\n<p>\u201cEntre otras acciones, durante las dos legislaturas que nos han correspondido, hemos aprobado 34 reformas constitucionales, algunas de ellas con varios art\u00edculos de la Carta Magna, reformados. Y de las 34 reformas, 22 han sido aprobadas por unanimidad.<\/p>\n<p>\u201cAdem\u00e1s, logramos aprobar la creaci\u00f3n de 48 leyes nuevas y hemos reformado 511 ordenamientos, que ya est\u00e1n vigentes. Igual, aprobamos 720 nombramientos y 40 instrumentos internacionales\u201d, indic\u00f3.<\/p>\n<p>As\u00ed, dijo <strong>Monreal<\/strong>, \u201corgullosamente podemos afirmar que nosotros, senadoras y senadores de Morena y aliados hemos cumplido con nuestro compromiso: ning\u00fan instrumento jur\u00eddico nacional, ning\u00fan tratado internacional, ning\u00fan nombramiento planteado como prioritario por el Ejecutivo Federal, qued\u00f3 pendiente. La mayor\u00eda de estos asuntos fueron aprobados por unanimidad o por una mayor\u00eda calificada\u201d.<\/p>\n<p style=\"text-align: center;\"><strong>Va por M\u00e9xico es una realidad<\/strong><\/p>\n<p>Y mientras los morenistas sacaban adelante su plenaria, los de enfrente, los de la alianza Va por M\u00e9xico (PAN, PRI y PRD), realizaban conjuntamente la suya.<\/p>\n<p>Ah\u00ed, con la asistencia de sus dirigentes nacionales \u2014<strong>Marko Cort\u00e9s<\/strong>, <strong>Jes\u00fas Zambrano y Alejandro Moreno<\/strong>\u2014<strong>, Rub\u00e9n Moreira<\/strong>, coordinador de los diputados del PRI, as\u00ed como <strong>Jorge Romero <\/strong>coordinador de los del PAN, y <strong>Luis Espinoza Ch\u00e1zaro <\/strong>del PRD<strong>, con Augusto G\u00f3mez Villanueva<\/strong> como invitado especial, reiteraron su intenci\u00f3n de llevar al panista <strong>Santiago Creel a la presidencia de San L\u00e1zaro.<\/strong><\/p>\n<p><strong>Moreira <\/strong>indic\u00f3:<\/p>\n<p>\u201cCon usted al frente, vamos a tener un buen presidente de la Mesa Directiva, un dem\u00f3crata con experiencia que le va a regresar la dignidad a esa importante instancia de la C\u00e1mara\u201d.<\/p>\n<p>A su vez, el panista <strong>Jorge Romero<\/strong> subray\u00f3 que con este esfuerzo conjunto de diputados y dirigentes de los tres partidos, se puede afirmar que la alianza Va por M\u00e9xico es una realidad.<\/p>\n<p>\u201cEs una alianza electoral y legislativa y todos hacemos votos para que la inteligencia de nuestras dirigencias nos permitan seguir unidos en los pr\u00f3ximos procesos electorales en 2023 y 2024, y recuperar la Presidencia de la Rep\u00fablica, que M\u00e9xico se lo merece.<\/p>\n<p>\u201cNosotros somos sin duda una buena oposici\u00f3n. Y como tal no vamos a permitir que se destruyan los derechos de las y los mexicanos\u2026 no vamos a ceder a la tentaci\u00f3n de la polarizaci\u00f3n. Ese es el discurso de nuestros adversarios. La polarizaci\u00f3n genera un pa\u00eds de bandos\u201d, agreg\u00f3 a su vez <strong>Moreira<\/strong>.<\/p>\n<p><strong>Romero<\/strong> afirm\u00f3 que dentro de la alianza Va por M\u00e9xico el PAN luchar\u00e1 para que M\u00e9xico siga siendo un pa\u00eds de libertades y de pluralidad pol\u00edtica.<\/p>\n<p>Todos ellos indicaron que en su plenaria buscar\u00e1n sacar adelante una agenda legislativa con temas fundamentales para los mexicanos, como son la seguridad, econom\u00eda, salud, educaci\u00f3n, as\u00ed como la defensa de la democracia y las instituciones.<\/p>\n<p><em><a href=\"mailto:rvizcainoa@gmail.com\" target=\"_blank\" rel=\"noopener noreferrer\">vizcainoa@gmail.com<\/a><a href=\"mailto:rvizcainoa@gmail.com\" target=\"_blank\" rel=\"noopener noreferrer\"><br \/>\n<\/a><a href=\"http:\/\/endirecto.mx\" target=\"_blank\" rel=\"noopener noreferrer\">www.endirecto.mx<\/a><a href=\"mailto:rvizcainoa@gmail.com\" target=\"_blank\" rel=\"noopener noreferrer\"><br \/>\n<\/a><a href=\"https:\/\/twitter.com\/_rvizcaino\" target=\"_blank\" rel=\"noopener noreferrer\">@_RVizcaino<\/a><a href=\"mailto:rvizcainoa@gmail.com\" target=\"_blank\" rel=\"noopener noreferrer\"><br \/>\n<\/a><a href=\"https:\/\/www.facebook.com\/rvizcainoa\" target=\"_blank\" rel=\"noopener noreferrer\">facebook.com\/rvizcainoa<\/a><\/em><\/p>\n","protected":false},"excerpt":{"rendered":"<p><span style=\"color: #005497;\"><strong>Roberto Vizca\u00edno<\/strong><\/span><\/p>\n","protected":false},"author":3,"featured_media":0,"comment_status":"open","ping_status":"open","sticky":false,"template":"","format":"standard","meta":{"_monsterinsights_skip_tracking":false,"_monsterinsights_sitenote_active":false,"_monsterinsights_sitenote_note":"","_monsterinsights_sitenote_category":0,"footnotes":""},"categories":[136],"tags":[43674,93,94],"class_list":["post-558265","post","type-post","status-publish","format-standard","hentry","category-roberto-vizcaino-opinion","tag-opinion","tag-roberto-vizcaino","tag-tras-la-puerta-del-poder"],"_links":{"self":[{"href":"https:\/\/www.diarioimagen.net\/index.php?rest_route=\/wp\/v2\/posts\/558265","targetHints":{"allow":["GET"]}}],"collection":[{"href":"https:\/\/www.diarioimagen.net\/index.php?rest_route=\/wp\/v2\/posts"}],"about":[{"href":"https:\/\/www.diarioimagen.net\/index.php?rest_route=\/wp\/v2\/types\/post"}],"author":[{"embeddable":true,"href":"https:\/\/www.diarioimagen.net\/index.php?rest_route=\/wp\/v2\/users\/3"}],"replies":[{"embeddable":true,"href":"https:\/\/www.diarioimagen.net\/index.php?rest_route=%2Fwp%2Fv2%2Fcomments&post=558265"}],"version-history":[{"count":0,"href":"https:\/\/www.diarioimagen.net\/index.php?rest_route=\/wp\/v2\/posts\/558265\/revisions"}],"wp:attachment":[{"href":"https:\/\/www.diarioimagen.net\/index.php?rest_route=%2Fwp%2Fv2%2Fmedia&parent=558265"}],"wp:term":[{"taxonomy":"category","embeddable":true,"href":"https:\/\/www.diarioimagen.net\/index.php?rest_route=%2Fwp%2Fv2%2Fcategories&post=558265"},{"taxonomy":"post_tag","embeddable":true,"href":"https:\/\/www.diarioimagen.net\/index.php?rest_route=%2Fwp%2Fv2%2Ftags&post=558265"}],"curies":[{"name":"wp","href":"https:\/\/api.w.org\/{rel}","templated":true}]}}