{"id":558329,"date":"2022-09-01T00:07:37","date_gmt":"2022-09-01T05:07:37","guid":{"rendered":"https:\/\/www.diarioimagen.net\/?p=558329"},"modified":"2022-09-01T23:10:19","modified_gmt":"2022-09-02T04:10:19","slug":"en-casa-y-con-su-gente-festeja-ana-lilia-herrera-anzaldo-sus-51-anos-de-vida","status":"publish","type":"post","link":"https:\/\/www.diarioimagen.net\/?p=558329","title":{"rendered":"En casa y con su gente, festeja Ana Lilia Herrera Anzaldo sus 51 a\u00f1os de vida"},"content":{"rendered":"<p>&nbsp;<\/p>\n<p><img loading=\"lazy\" decoding=\"async\" class=\"aligncenter size-full wp-image-558384\" src=\"https:\/\/www.diarioimagen.net\/wp-content\/uploads\/2022\/09\/ana-lliia.jpg\" alt=\"\" width=\"460\" height=\"306\" \/><\/p>\n<p>&nbsp;<\/p>\n<p>La diputada priista Ana Lilia Herrera Anzaldo, principal aspirante a la candidatura de la alianza Va por M\u00e9xico al gobierno del Estado de M\u00e9xico, celebr\u00f3 en casa y con su gente su cumplea\u00f1os 51.<\/p>\n<p>En el festejo, que le organizaron sus amigos, estuvieron actores pol\u00edticos de todo el estado, como ex secretarios de gabinete de varios ex gobernadores, representantes de distritos locales y m\u00e1s de 60 ex presidentes municipales de varias regiones mexiquenses.<\/p>\n<p>En este ambiente de unidad, sus cercanos le dejaron claro que la ven al frente en el proceso que se avecina.<\/p>\n","protected":false},"excerpt":{"rendered":"<p>La diputada priista Ana Lilia Herrera Anzaldo, principal aspirante a la candidatura de la alianza Va por M\u00e9xico al gobierno del Estado de M\u00e9xico, celebr\u00f3 en casa y con su gente su cumplea\u00f1os 51.<\/p>\n","protected":false},"author":3,"featured_media":558386,"comment_status":"open","ping_status":"open","sticky":false,"template":"","format":"standard","meta":{"_monsterinsights_skip_tracking":false,"_monsterinsights_sitenote_active":false,"_monsterinsights_sitenote_note":"","_monsterinsights_sitenote_category":0,"footnotes":""},"categories":[5],"tags":[3314,16049,43675],"class_list":["post-558329","post","type-post","status-publish","format-standard","has-post-thumbnail","hentry","category-estado-de-mexico","tag-ana-lilia-herrera-anzaldo","tag-cumpleanos","tag-estado-de-mexico"],"_links":{"self":[{"href":"https:\/\/www.diarioimagen.net\/index.php?rest_route=\/wp\/v2\/posts\/558329","targetHints":{"allow":["GET"]}}],"collection":[{"href":"https:\/\/www.diarioimagen.net\/index.php?rest_route=\/wp\/v2\/posts"}],"about":[{"href":"https:\/\/www.diarioimagen.net\/index.php?rest_route=\/wp\/v2\/types\/post"}],"author":[{"embeddable":true,"href":"https:\/\/www.diarioimagen.net\/index.php?rest_route=\/wp\/v2\/users\/3"}],"replies":[{"embeddable":true,"href":"https:\/\/www.diarioimagen.net\/index.php?rest_route=%2Fwp%2Fv2%2Fcomments&post=558329"}],"version-history":[{"count":0,"href":"https:\/\/www.diarioimagen.net\/index.php?rest_route=\/wp\/v2\/posts\/558329\/revisions"}],"wp:featuredmedia":[{"embeddable":true,"href":"https:\/\/www.diarioimagen.net\/index.php?rest_route=\/wp\/v2\/media\/558386"}],"wp:attachment":[{"href":"https:\/\/www.diarioimagen.net\/index.php?rest_route=%2Fwp%2Fv2%2Fmedia&parent=558329"}],"wp:term":[{"taxonomy":"category","embeddable":true,"href":"https:\/\/www.diarioimagen.net\/index.php?rest_route=%2Fwp%2Fv2%2Fcategories&post=558329"},{"taxonomy":"post_tag","embeddable":true,"href":"https:\/\/www.diarioimagen.net\/index.php?rest_route=%2Fwp%2Fv2%2Ftags&post=558329"}],"curies":[{"name":"wp","href":"https:\/\/api.w.org\/{rel}","templated":true}]}}