{"id":558430,"date":"2022-09-01T00:02:02","date_gmt":"2022-09-01T05:02:02","guid":{"rendered":"https:\/\/www.diarioimagen.net\/?p=558430"},"modified":"2022-09-01T02:39:42","modified_gmt":"2022-09-01T07:39:42","slug":"pio-lopez-obrador-el-hermano-mas-incomodo-del-presidente","status":"publish","type":"post","link":"https:\/\/www.diarioimagen.net\/?p=558430","title":{"rendered":"P\u00edo L\u00f3pez Obrador, el hermano\u00a0m\u00e1s inc\u00f3modo del Presidente"},"content":{"rendered":"<h2>La Retaguardia<\/h2>\n<h5>Adriana Moreno Cordero<\/h5>\n<p>&nbsp;<\/p>\n<ul>\n<li><em><strong>Continuar\u00e1n las investigaciones en su contra<\/strong> <\/em><\/li>\n<\/ul>\n<p>&nbsp;<\/p>\n<p>A unas cuantas horas de que el presidente <strong>Andr\u00e9s Manuel L\u00f3pez Obrador<\/strong> rinda su IV en\u00e9simo Informe de Gobierno, en el que para variar no tiene nada que informar, le vino un balde de agua helada, que le podr\u00eda afectar a\u00fan m\u00e1s la ronquera que padece, cuando la Suprema Corte de Justicia de la Naci\u00f3n, un d\u00eda antes, por tres votos a favor y dos en contra, desech\u00f3 la controversia constitucional que la Fiscal\u00eda General de la Rep\u00fablica (FGR), a cargo de <strong>Alejandro Gertz Manero<\/strong>, hab\u00eda interpuesto contra el Tribunal Electoral del Poder Judicial de la Federaci\u00f3n, (TEPJF), que le orden\u00f3 entregar al INE informaci\u00f3n sobre el inc\u00f3modo hermano del presidente, <strong>P\u00edo L\u00f3pez Obrador<\/strong>, cuyo video recibiendo dinero en sobres amarillos se ha difundido muy ampliamente, as\u00ed que las investigaciones en contra del flamante hermano de L\u00f3pez Obrador, continuar\u00e1n, mientras que al tabasque\u00f1o se le ocurre alguna otra forma de cubrirlo.<\/p>\n<p>En un mal momento llega esta resoluci\u00f3n contra la que estallar\u00e1 sin duda L\u00f3pez Obrador, a quien le gusta que le quemen incienso en un d\u00eda tan importante como hoy, 1 de septiembre. Y es que resulta a todas luces contradictorio que por un lado, afanoso, se d\u00e9 a la tarea de defender como gente honesta a su flamante secretaria de Energ\u00eda, <strong>Roc\u00edo Nahle<\/strong>, cuando en los hechos ha demostrado no serlo por el sobrecosto que ha tenido el cascar\u00f3n, (\u00a1perd\u00f3n!) la refiner\u00eda de Dos Bocas, \u201cobra\u201d muy mal planeada y por el otro, se la pase atacando al Poder Judicial simple y sencillamente porque no se pliega ni se supedita ni a su voluntad y menos, a sus ocurrencias, as\u00ed que ahora le resultar\u00e1 sumamente inc\u00f3modo al Presidente su querido hermano P\u00edo a quien no ha alcanzado a proteger lo suficiente.<\/p>\n<p>En este punto, una pregunta no sobra: \u00bfpor qu\u00e9 el presidente de la Suprema Corte de Justicia de la Naci\u00f3n, (SCJN), <strong>Arturo Zald\u00edvar<\/strong> no ha defendido al Poder Judicial de las cr\u00edticas que le ha lanzado el Presidente ahora con el tema del debate sobre la prisi\u00f3n preventiva oficiosa?<\/p>\n<p>En\u00a0 otro tema no menos importante, ayer fue un d\u00eda en el que el presidente de la Junta de Coordinaci\u00f3n Pol\u00edtica del Senado de la Rep\u00fablica, <strong>Ricardo Monreal \u00c1vila<\/strong>, mostr\u00f3 m\u00fasculo, ya que contra todos los pron\u00f3sticos de ruptura con Morena, logr\u00f3 salir airoso de la elecci\u00f3n de qui\u00e9n sucede ya a <strong>Olga S\u00e1nchez Cordero<\/strong> y los duros de Morena de plano \u201csalieron por cuerdas\u201d.<\/p>\n<p>Se sab\u00eda que las negociaciones fueron arduas y se supon\u00edan que aspirantes a ese cargo como <strong>Jos\u00e9 Narro C\u00e9spedes<\/strong>, declinar\u00eda a favor de <strong>Higinio Mart\u00ednez<\/strong>, quien quer\u00eda su \u201cpremio de consolaci\u00f3n\u201d por no haber sido el candidato de Morena al gobierno del Estado de M\u00e9xico.<\/p>\n<p>As\u00ed, en esta historia, una vez que fue electo <strong>Alejandro Armenta Mier<\/strong> como presidente de la Junta de Coordinaci\u00f3n Pol\u00edtica del Senado de la Rep\u00fablica, el senador <strong>Armando Guadiana<\/strong> confes\u00f3 que \u00e9l ten\u00eda \u201cbuena mano\u201d, pues fue el primero en operar otras presidencias como la de <strong>Mart\u00ed Batres, M\u00f3nica Fern\u00e1ndez Balboa<\/strong> y <strong>Eduardo Ram\u00edrez<\/strong> y esta vez, tampoco le fall\u00f3. Tambi\u00e9n, el legislador por Coahuila se dio tiempo para coincidir con el senador <strong>Jos\u00e9 Antonio \u00c1lvarez Lima<\/strong>, en el sentido de que la ausencia de la mayor\u00eda de los integrantes del gabinete lopezobradorista a la plenaria de los senadores de Morena, hab\u00eda sido una absoluta falta de respeto y descortes\u00eda al Legislativo.<\/p>\n<p>Lo cierto es que nadie puede negar que se trat\u00f3 de una intentona del inquilino de Palacio Nacional por demeritar al presidente de la Junta de Coordinaci\u00f3n Pol\u00edtica de la C\u00e1mara alta, <strong>Ricardo Monreal<\/strong>, pero ahora s\u00ed que a L\u00f3pez Obrador, \u201cle sali\u00f3 el chirri\u00f3n por el palito\u201d, ya que lo \u00fanico que consigui\u00f3 fue que el legislador zacatecano mostrara m\u00fasculo \u2013como ya se anot\u00f3 en l\u00edneas anteriores- y reiterara tanto al Ejecutivo como a los duros de Morena, que, en este caso, el Legislativo, no debe de estar supeditado a la voluntad de L\u00f3pez Obrador.<\/p>\n<p>De pasada tambi\u00e9n, el senador Monreal Avila envi\u00f3 otro importante mensaje. Aunque todav\u00eda faltan dos a\u00f1os para renovar la gubernatura en Puebla, en el Senado ya tienen candidato y es precisamente Alejandro Mier. Este fue un golpe que le doli\u00f3 mucho ni m\u00e1s ni menos que al coordinador de la fracci\u00f3n parlamentaria morenista en la C\u00e1mara de Diputados, <strong>Ignacio Mier Velazco<\/strong>, quien ya no sabe c\u00f3mo quedar bien con su jefe para ser \u00e9l el elegido. Adem\u00e1s, no hay que soslayar que, como se consign\u00f3 en este espacio en anterior entrega, el diputado Nachito Mier cuenta con la aversi\u00f3n total del gobernador <strong>Luis Miguel Barbosa<\/strong>, por lo que desde hoy puede advertirse que a lo mejor no llega.<\/p>\n<p>\u201cMe siento\u00a0 muy fortalecido; me siento como el arma secreta de quien ya saben\u201d, dijo Ricardo Monreal una vez que se llev\u00f3 a cabo la votaci\u00f3n que favoreci\u00f3 a Alejandro Armenta, sin embargo, algo no previsto surgi\u00f3.<\/p>\n<p>En el siguiente cap\u00edtulo de esta historia, lo que no deja de llamar la atenci\u00f3n es que los coordinadores parlamentarios de la oposici\u00f3n en la C\u00e1mara alta: <strong>Julen Rementer\u00eda<\/strong>, del PAN; <strong>Miguel Angel Mancera<\/strong>, del PRD; <strong>Clemente Casta\u00f1eda<\/strong>, de MC; <strong>Emilio \u00c1lvarez de Icaza<\/strong>, a nombre del Grupo Plural y del PRI, <strong>Miguel \u00c1ngel Osorio Chong<\/strong>, ofrecieran conferencia de prensa para manifestar su desacuerdo sobre que Alejandro Armenta sea el nuevo presidente de la Mesa Directiva de la C\u00e1mara alta.<\/p>\n<p>Ahora Monreal deber\u00e1 de lidiar con esta situaci\u00f3n, ya que la oposici\u00f3n est\u00e1 levantando la mano para decirle a Monreal que su compromiso es con todo el pleno de la C\u00e1mara alta. Al momento de escribir estas l\u00edneas, hab\u00eda otra encerrona en el Senado.<\/p>\n<p style=\"text-align: center;\"><strong>Municiones<\/strong><\/p>\n<p>*** Resulta que el eterno l\u00edder del Partido del Trabajo, <strong>Alberto Anaya<\/strong>, quiso hacer un buen chiste, pero result\u00f3 exactamente lo contrario. El petista mayor \u201cdestap\u00f3\u201d como su candidato al 2024 ni m\u00e1s ni menos que al controvertido diputado Gerardo Fern\u00e1ndez Noro\u00f1a y su anhelo, es empatarlo con \u201ccorcholatas y corcholatos\u201d para el momento en que la coalici\u00f3n \u201cJuntos Haremos Historia\u201d, elegir\u00e1 supuestamente mediante una encuesta a quien resulte ser el abanderado presidencial de Morena y mute, de \u201ccorcholata\u201d a candidato. Sin embargo, el diputado Fern\u00e1ndez Noro\u00f1a no tiene ninguna posibilidad ya que, entre otras cuestiones, no est\u00e1 a la altura del club de las \u201ccorcholatas\u201d y de plano, cada vez que habla o act\u00faa, deja mucho que decir, as\u00ed que lo \u00fanico que quiere Noro\u00f1a es protagonismo, adem\u00e1s de que por lo visto, el PT quiere vender caro su amor a esta errada y llamada Cuarta Transformaci\u00f3n bajo el argumento de \u00bfpor qu\u00e9 nada m\u00e1s el PVEM lo ha de hacer? \u201cNosotros creemos que la preferencia la tiene que dar el pueblo de M\u00e9xico\u201d, dijo Anaya, pero si mucho se comenta en los corrillos pol\u00edticos que el \u201ccaballo negro\u201d de L\u00f3pez Obrador, el titular de la Segob, Augusto Ad\u00e1n L\u00f3pez, ya se desdibuj\u00f3 en el escenario previo al 2024, Fern\u00e1ndez Noro\u00f1a est\u00e1 en peor posici\u00f3n.<\/p>\n<p><u><a href=\"mailto:morcora@gmail.com\" target=\"_blank\" rel=\"noopener noreferrer\"><em>morcora@gmail.com<\/em><\/a><\/u><\/p>\n","protected":false},"excerpt":{"rendered":"<p><span style=\"color: #005497;\"><strong>Adriana Moreno Cordero<\/strong><\/span><\/p>\n","protected":false},"author":3,"featured_media":0,"comment_status":"open","ping_status":"open","sticky":false,"template":"","format":"standard","meta":{"_monsterinsights_skip_tracking":false,"_monsterinsights_sitenote_active":false,"_monsterinsights_sitenote_note":"","_monsterinsights_sitenote_category":0,"footnotes":""},"categories":[69370],"tags":[69369,69368,43674],"class_list":["post-558430","post","type-post","status-publish","format-standard","hentry","category-adriana-moreno-cordero","tag-adriana-moreno-cordero","tag-la-retaguardia","tag-opinion"],"_links":{"self":[{"href":"https:\/\/www.diarioimagen.net\/index.php?rest_route=\/wp\/v2\/posts\/558430","targetHints":{"allow":["GET"]}}],"collection":[{"href":"https:\/\/www.diarioimagen.net\/index.php?rest_route=\/wp\/v2\/posts"}],"about":[{"href":"https:\/\/www.diarioimagen.net\/index.php?rest_route=\/wp\/v2\/types\/post"}],"author":[{"embeddable":true,"href":"https:\/\/www.diarioimagen.net\/index.php?rest_route=\/wp\/v2\/users\/3"}],"replies":[{"embeddable":true,"href":"https:\/\/www.diarioimagen.net\/index.php?rest_route=%2Fwp%2Fv2%2Fcomments&post=558430"}],"version-history":[{"count":0,"href":"https:\/\/www.diarioimagen.net\/index.php?rest_route=\/wp\/v2\/posts\/558430\/revisions"}],"wp:attachment":[{"href":"https:\/\/www.diarioimagen.net\/index.php?rest_route=%2Fwp%2Fv2%2Fmedia&parent=558430"}],"wp:term":[{"taxonomy":"category","embeddable":true,"href":"https:\/\/www.diarioimagen.net\/index.php?rest_route=%2Fwp%2Fv2%2Fcategories&post=558430"},{"taxonomy":"post_tag","embeddable":true,"href":"https:\/\/www.diarioimagen.net\/index.php?rest_route=%2Fwp%2Fv2%2Ftags&post=558430"}],"curies":[{"name":"wp","href":"https:\/\/api.w.org\/{rel}","templated":true}]}}