{"id":558438,"date":"2022-09-01T00:08:46","date_gmt":"2022-09-01T05:08:46","guid":{"rendered":"https:\/\/www.diarioimagen.net\/?p=558438"},"modified":"2022-09-01T02:47:38","modified_gmt":"2022-09-01T07:47:38","slug":"el-pri-un-riesgo-para-la-alianza","status":"publish","type":"post","link":"https:\/\/www.diarioimagen.net\/?p=558438","title":{"rendered":"El PRI, \u00bfun riesgo para la alianza?"},"content":{"rendered":"<h2>Punto por punto<\/h2>\n<h5>Augusto Corro<\/h5>\n<p>&nbsp;<\/p>\n<p>El Partido Revolucionario Institucional (PRI) podr\u00eda convertirse en un obst\u00e1culo para la unidad de la coalici\u00f3n opositora.<\/p>\n<p>Es, precisamente, el l\u00edder priista, Alejandro Moreno C\u00e1rdenas (a) \u201cAlito\u201d, el principal problema.<\/p>\n<p>Dirigentes de Acci\u00f3n Nacional ven negativa la presencia del PRI y su dirigente en la alianza Va por M\u00e9xico.<\/p>\n<p>En esta coalici\u00f3n participan el PAN, PRI y PRD, que enfrentan al partido en el poder, Movimiento de Regeneraci\u00f3n Nacional (Morena).<\/p>\n<p>La oposici\u00f3n, unida, pocos triunfos logr\u00f3 en los comicios electorales recientes. Sin embargo, contin\u00faa empe\u00f1ada en seguir ese modelo de lucha pol\u00edtica.<\/p>\n<p>En fechas recientes se agudizaron los ataques de los morenistas contra el l\u00edder priista, \u201cAlito\u201d, al grado de convertirlo en la parte m\u00e1s d\u00e9bil de la alianza.<\/p>\n<p>\u00bfAcci\u00f3n Nacional decidir\u00e1 mantener su apoyo a \u201cAlito\u201d? No olvidar que estamos a punto de entrar a la recta final de las elecciones presidenciales de 2024.<\/p>\n<p>Tambi\u00e9n es necesario tomar en cuenta, que el pr\u00f3ximo a\u00f1o se votar\u00e1 por nuevo gobernador, \u00bfc\u00f3mo tratar\u00e1n el asunto en Acci\u00f3n Nacional?<\/p>\n<p style=\"text-align: center;\"><strong>Opina sobre \u201cAlito\u201d<\/strong><\/p>\n<p>El gobernador de Quer\u00e9taro, Mauricio Kuri, de extracci\u00f3n panista, declar\u00f3 que el escenario que enfrenta Moreno C\u00e1rdenas, respecto a la filtraci\u00f3n de audios y la solicitud de desafuero, puede \u201cpasar factura\u201d a la alianza Va por M\u00e9xico.<\/p>\n<p>Recalc\u00f3 el mandatario estatal que s\u00ed es un tema muy complicado a partir de todos los esc\u00e1ndalos que tiene (\u201cAlito\u201d), en este momento y s\u00ed puede ser complicado, la decisi\u00f3n de ir en alianza la tendr\u00e1 que tomar el presidente del PAN.<\/p>\n<p>El gobernador queretano fue destapado como aspirante a la contienda electoral del 2024 por el dirigente del partido blanquiazul, Marko Cort\u00e9s.<\/p>\n<p>Por otra parte, el senador blanquiazul, Dami\u00e1n Zepeda, expres\u00f3 su inconformidad por la alianza de su partido con el Revolucionario Institucional, \u201cpues este representa valores opuestos a los del PAN.<\/p>\n<p>Dijo el legislador que no comporte la coalici\u00f3n PAN-PRI, pues este partido no representa lo que el PAN plantea para el futuro.<\/p>\n<p>El senador Dami\u00e1n Zepeda es otro de los panistas que levant\u00f3 la mano para apuntarse como aspirante a las elecciones presidenciales.<\/p>\n<p style=\"text-align: center;\"><strong>Empez\u00f3 la \u201cguerra\u201d<\/strong><\/p>\n<p>La contienda electoral del pr\u00f3ximo a\u00f1o ser\u00e1 muy dif\u00edcil.<\/p>\n<p>En Morena, ya est\u00e1n preparados para llevar a la victoria a Delfina G\u00f3mez.<\/p>\n<p>No ser\u00e1 tan f\u00e1cil. La alianza opositora buscar\u00e1 el triunfo debido a la importancia de la plaza.<\/p>\n<p>Ahora, la coalici\u00f3n PAN, PRI y PRD parece que se encuentran un tanto desorientados.<\/p>\n<p>En primer lugar, deben pugnar por la unidad, lo que representar\u00eda participar en las elecciones estatales con un solo candidato.<\/p>\n<p>Seg\u00fan se sabe, los partidos de la alianza quieren ir solos a la lucha. En el caso del PAN, el posible aspirante, Enrique Vargas del Villar hasta present\u00f3 su proyecto de gobierno en los primeros d\u00edas del mes que corre.<\/p>\n<p>Vargas recibi\u00f3 el espaldarazo de Vicente Fox, Marko Cort\u00e9s y Santiago Creel, que m\u00e1s que beneficiar al aspirante, podr\u00eda perjudicarlo.\u00a0 Al parejo de su campa\u00f1a, en varias informaciones se presenta a Vargas como un negociante inmobiliario sin escr\u00fapulos.<\/p>\n<p>Por otra parte, el PRD, de \u201cLos Chuchos\u201d, nombr\u00f3 al que podr\u00eda ser su candidato virtual para la gubernatura al diputado mexiquense, Omar Ortega.<\/p>\n<p>En el Edomex, se dice que la candidata priista ser\u00e1 la diputada Ana Lilia Herrera Anzaldo.<\/p>\n<p>Repetimos, la unidad de la oposici\u00f3n pol\u00edtica ser\u00e1 determinante en las pr\u00f3ximas elecciones, pues ser\u00e1n un escenario por las presidenciales de 2024.<\/p>\n<p>Ahora, la alianza contin\u00faa solidaria. Dividirse la debilitar\u00eda considerablemente. De ah\u00ed, la atenci\u00f3n que deben prestar los dirigentes a la estrategia que desarrollar\u00e1n en el Edomex.<\/p>\n<p>La oposici\u00f3n no puede darse el lujo de seguir en la incertidumbre.<\/p>\n<p>\u00bfUsted qu\u00e9 opina amable lector?<\/p>\n<p><em><a href=\"mailto:aco2742@hotmail.com\" target=\"_blank\" rel=\"noopener noreferrer\">aco2742@hotmail.com<\/a><\/em><\/p>\n","protected":false},"excerpt":{"rendered":"<p><span style=\"color: #005497;\"><strong>Augusto Corro<\/strong><\/span><\/p>\n","protected":false},"author":3,"featured_media":0,"comment_status":"open","ping_status":"open","sticky":false,"template":"","format":"standard","meta":{"_monsterinsights_skip_tracking":false,"_monsterinsights_sitenote_active":false,"_monsterinsights_sitenote_note":"","_monsterinsights_sitenote_category":0,"footnotes":""},"categories":[157],"tags":[43686,43674,11515],"class_list":["post-558438","post","type-post","status-publish","format-standard","hentry","category-augusto-corro","tag-augusto-corro","tag-opinion","tag-punto-por-punto"],"_links":{"self":[{"href":"https:\/\/www.diarioimagen.net\/index.php?rest_route=\/wp\/v2\/posts\/558438","targetHints":{"allow":["GET"]}}],"collection":[{"href":"https:\/\/www.diarioimagen.net\/index.php?rest_route=\/wp\/v2\/posts"}],"about":[{"href":"https:\/\/www.diarioimagen.net\/index.php?rest_route=\/wp\/v2\/types\/post"}],"author":[{"embeddable":true,"href":"https:\/\/www.diarioimagen.net\/index.php?rest_route=\/wp\/v2\/users\/3"}],"replies":[{"embeddable":true,"href":"https:\/\/www.diarioimagen.net\/index.php?rest_route=%2Fwp%2Fv2%2Fcomments&post=558438"}],"version-history":[{"count":0,"href":"https:\/\/www.diarioimagen.net\/index.php?rest_route=\/wp\/v2\/posts\/558438\/revisions"}],"wp:attachment":[{"href":"https:\/\/www.diarioimagen.net\/index.php?rest_route=%2Fwp%2Fv2%2Fmedia&parent=558438"}],"wp:term":[{"taxonomy":"category","embeddable":true,"href":"https:\/\/www.diarioimagen.net\/index.php?rest_route=%2Fwp%2Fv2%2Fcategories&post=558438"},{"taxonomy":"post_tag","embeddable":true,"href":"https:\/\/www.diarioimagen.net\/index.php?rest_route=%2Fwp%2Fv2%2Ftags&post=558438"}],"curies":[{"name":"wp","href":"https:\/\/api.w.org\/{rel}","templated":true}]}}