{"id":558444,"date":"2022-09-01T00:10:40","date_gmt":"2022-09-01T05:10:40","guid":{"rendered":"https:\/\/www.diarioimagen.net\/?p=558444"},"modified":"2022-09-01T02:50:32","modified_gmt":"2022-09-01T07:50:32","slug":"a-tres-caidas-sin-limite-de-tiempo","status":"publish","type":"post","link":"https:\/\/www.diarioimagen.net\/?p=558444","title":{"rendered":"A tres ca\u00eddas, sin l\u00edmite de tiempo"},"content":{"rendered":"<h2>Triple Erre<\/h2>\n<h5>Francisco Reynoso<\/h5>\n<p>&nbsp;<\/p>\n<p>Este pleito estar\u00eda mejor si tuviera como fondo musical a la Sonora Santanera interpretando \u201cLos Luchadores\u201d. Ya los oigo:<\/p>\n<p><em>Respetable p\u00fablico<\/em><\/p>\n<p><em>Luchar\u00e1n a dos de tres ca\u00eddas, sin l\u00edmite de tiempo<\/em><\/p>\n<p><em>En esta esquina El Santo y El Cavernario<\/em><\/p>\n<p><em>Y en esta otra Blue Demon y el Bulldog<\/em><\/p>\n<p><em>La arena estaba de bote en bote<\/em><\/p>\n<p><em>La gente loca de la emoci\u00f3n<\/em><\/p>\n<p><em>En el ring luchaban los cuatro rudos<\/em><\/p>\n<p><em>\u00cddolos de la afici\u00f3n<\/em><\/p>\n<p><em>El Santo, El Cavernario, Blue Demon y el Bulldog<\/em><\/p>\n<p><em>El Santo, El Cavernario, Blue Demon y el Bulldog<\/em><\/p>\n<p><em>Y la gente comenzaba a gritar<\/em><\/p>\n<p><em>Se sent\u00eda enardecida, sin cesar<\/em><\/p>\n<p><em>M\u00e9tele la Wilson, m\u00e9tele la Nelson<\/em><\/p>\n<p><em>La quebradora y el tirabuz\u00f3n<\/em><\/p>\n<p><em>Qu\u00edtate el candado, p\u00edcale los ojos<\/em><\/p>\n<p><em>J\u00e1lale los pelos, s\u00e1aaaacalo del ring<\/em><\/p>\n<p style=\"text-align: center;\"><strong>Aprendiz de tinterillo<\/strong><\/p>\n<p>En este paralelismo pondr\u00edamos a L\u00f3pez Obrador como El Cavernario y a su compadre Ad\u00e1n Augusto como El Santo. O como El Santurr\u00f3n.<\/p>\n<p>Blue Demon ser\u00eda Ricardo Monreal y Marcelo Ebrard, El Buldog.<\/p>\n<p>El martes parec\u00eda un triunfo claro de los rudos del Palacio Nacional. A la reuni\u00f3n que estaba programada con la bancada de Morena en el Senado, encabezada por el coordinador Ricardo Monreal, no se presentaron Ad\u00e1n Augusto L\u00f3pez, Luis Cresencio Sandoval, Jos\u00e9 Rafael Ojeda y Rosa Icela Rodr\u00edguez, secretarios de Gobernaci\u00f3n, Defensa, Marina y Seguridad P\u00fablica, respectivamente.<\/p>\n<p>S\u00ed lleg\u00f3 Marcelo Ebrard y con su \u201ccarnal\u201d Blue Demon dej\u00f3 en claro que nunca han estado peleados ni lo estar\u00e1n. Y menos en el futuro reciente.<\/p>\n<p>El senador C\u00e9sar Cravioto, vocero de ya saben qui\u00e9n, expres\u00f3 con el tono de los cerveceros de la arena M\u00e9xico: El plant\u00f3n no es tanto un desaire, sino un mensaje pol\u00edtico muy claro.<\/p>\n<p>\u201cEn t\u00e9rminos legislativos las cosas han salido bien. Pero en t\u00e9rminos pol\u00edticos, sobre todo en las \u00faltimas semanas, los mensajes no han sido necesariamente de respaldo al proyecto que encabeza el presidente L\u00f3pez Obrador\u201d.<\/p>\n<p>Blue Demon tiene claro que Cravioto s\u00f3lo es el aguador de los rudos de Palacio. Pero le aplic\u00f3 la Nelson y el tirabuz\u00f3n.<\/p>\n<p>\u201cA m\u00ed, la abyecci\u00f3n no se me da. Soy hombre libre. Con criterio propio y autonom\u00eda. Tengo mi propia vida. Mi propia historia.<\/p>\n<p>No quiero ser una extensi\u00f3n del Poder Ejecutivo, no quiero\u201d.<\/p>\n<p>Luego tir\u00f3 unas patadas voladoras hacia Palacio Nacional. Dijo que la adhesi\u00f3n de la Guardia Nacional a la Sedena requer\u00eda ineludiblemente de una reforma a la Constituci\u00f3n. \u201cEso lo sabe hasta un aprendiz de Derecho\u2026\u201d.<\/p>\n<p>\u00a1Tenga para que aprenda! El caudillo L\u00f3pez Obrador qued\u00f3 reducido a menos que un aprendiz de tinterillo.<\/p>\n<p style=\"text-align: center;\"><strong>Le pic\u00f3 los ojos al caudillo<\/strong><\/p>\n<p>Horas despu\u00e9s vino la segunda ca\u00edda.<\/p>\n<p>La bancada de Morena celebr\u00f3 un c\u00f3nclave para elegir al nuevo presidente del Senado.<\/p>\n<p>En una esquina estaba Higinio Mart\u00ednez, el enmascarado de Palacio Nacional. Personalmente L\u00f3pez pidi\u00f3 al senador Gabriel Garc\u00eda, ex coordinador de los superdelegados, operar para que Higinio, quien se disciplin\u00f3 y dej\u00f3 pasar a la maestra Delfina G\u00f3mez hacia la candidatura al gobierno del Estado de M\u00e9xico, fuera sucesor de Olga S\u00e1nchez Cordero.<\/p>\n<p>Pero Gabriel no le sirvi\u00f3 ni para el arranque al Demon Ricardo Monreal.<\/p>\n<p>El zacatecano impuls\u00f3 la candidatura del poblano Alejandro Armenta y al final lo convirti\u00f3 en presidente del Senado.<\/p>\n<p>El mensaje, como dijo Cravioto, fue muy claro: Monreal le aplic\u00f3 el candado y le pic\u00f3 los ojos a L\u00f3pez Obrador.<\/p>\n<p>Y espera, en su momento, sacarlo del ring.<\/p>\n<p style=\"text-align: center;\"><strong>Se parte en dos, Juntos Haremos Historia\u201d<\/strong><\/p>\n<p>D\u00edas antes hubo, fuera del ring, otro episodio que corresponde a esta lucha de rudos y ma\u00f1osos de Morena.<\/p>\n<p>Los partidos Fuerza por M\u00e9xico, del senador Pedro Haces -compadre y socio de Ricardo Monreal- y Encuentro Solidario, del mochilongo Hugo \u00c9ric Flores, convinieron unir esfuerzos y dinero para las elecciones de 2024.<\/p>\n<p>No son pocos los que piensan que a esa mancuerna pudiera unirse el Partido del Trabajo, de Alberto Anaya, y lo que queda de Nueva Alianza.<\/p>\n<p>La ruta parece clara. La alianza Juntos Haremos Historia se parte en dos. La de los rudos, cochinos y marrulleros de Morena, liderados por Mario Delgado y Yeidckol Polevnsky, que impulsar\u00e1n a la \u201ccorcholata\u201d que les ordene L\u00f3pez Obrador: Claudia Sheinbaum o Ad\u00e1n Augusto y la de los rudos y ma\u00f1osos que representan Ricardo Monreal y Marcelo Ebrard.<\/p>\n<p>Los dos equipos son afines a L\u00f3pez Obrador y apoyan la cuarta transformaci\u00f3n. Est\u00e1n juntos, pero no revueltos.<\/p>\n<p>Y L\u00f3pez Obrador, ma\u00f1oso como es, podr\u00eda dejar que unos y otros se rompan las medias porque a final de cuentas \u00e9l gana.<\/p>\n<p>&nbsp;<\/p>\n<blockquote>\n<p style=\"text-align: right;\"><em><strong>La verdad es la verdad<br \/>\ny no admite otros datos<\/strong><\/em><\/p>\n<\/blockquote>\n<p>&nbsp;<\/p>\n<p><a href=\"mailto:donrunrun@yahoo.es\" target=\"_blank\" rel=\"noopener\"><em>donrunrun@yahoo.es<\/em><\/a><\/p>\n","protected":false},"excerpt":{"rendered":"<p><span style=\"color: #005497;\"><strong>Francisco Reynoso<\/strong><\/span><\/p>\n","protected":false},"author":3,"featured_media":0,"comment_status":"open","ping_status":"open","sticky":false,"template":"","format":"standard","meta":{"_monsterinsights_skip_tracking":false,"_monsterinsights_sitenote_active":false,"_monsterinsights_sitenote_note":"","_monsterinsights_sitenote_category":0,"footnotes":""},"categories":[94855],"tags":[94857,43674,94856],"class_list":["post-558444","post","type-post","status-publish","format-standard","hentry","category-francisco-reynoso","tag-francisco-reynoso","tag-opinion","tag-triple-erre"],"_links":{"self":[{"href":"https:\/\/www.diarioimagen.net\/index.php?rest_route=\/wp\/v2\/posts\/558444","targetHints":{"allow":["GET"]}}],"collection":[{"href":"https:\/\/www.diarioimagen.net\/index.php?rest_route=\/wp\/v2\/posts"}],"about":[{"href":"https:\/\/www.diarioimagen.net\/index.php?rest_route=\/wp\/v2\/types\/post"}],"author":[{"embeddable":true,"href":"https:\/\/www.diarioimagen.net\/index.php?rest_route=\/wp\/v2\/users\/3"}],"replies":[{"embeddable":true,"href":"https:\/\/www.diarioimagen.net\/index.php?rest_route=%2Fwp%2Fv2%2Fcomments&post=558444"}],"version-history":[{"count":0,"href":"https:\/\/www.diarioimagen.net\/index.php?rest_route=\/wp\/v2\/posts\/558444\/revisions"}],"wp:attachment":[{"href":"https:\/\/www.diarioimagen.net\/index.php?rest_route=%2Fwp%2Fv2%2Fmedia&parent=558444"}],"wp:term":[{"taxonomy":"category","embeddable":true,"href":"https:\/\/www.diarioimagen.net\/index.php?rest_route=%2Fwp%2Fv2%2Fcategories&post=558444"},{"taxonomy":"post_tag","embeddable":true,"href":"https:\/\/www.diarioimagen.net\/index.php?rest_route=%2Fwp%2Fv2%2Ftags&post=558444"}],"curies":[{"name":"wp","href":"https:\/\/api.w.org\/{rel}","templated":true}]}}