{"id":558484,"date":"2022-09-02T00:04:58","date_gmt":"2022-09-02T05:04:58","guid":{"rendered":"https:\/\/www.diarioimagen.net\/?p=558484"},"modified":"2022-09-05T01:16:22","modified_gmt":"2022-09-05T06:16:22","slug":"el-plantel-tenancingo-de-la-escuela-preparatoria-de-la-uaemex-cumple-50-anos-y-refrenda-su-compromiso-con-agenda-2030","status":"publish","type":"post","link":"https:\/\/www.diarioimagen.net\/?p=558484","title":{"rendered":"El plantel Tenancingo de la Escuela Preparatoria de la UAEM\u00e9x cumple 50 a\u00f1os y refrenda su compromiso con Agenda 2030"},"content":{"rendered":"<p>&nbsp;<\/p>\n<div id=\"attachment_558535\" style=\"width: 470px\" class=\"wp-caption aligncenter\"><img loading=\"lazy\" decoding=\"async\" aria-describedby=\"caption-attachment-558535\" class=\"size-full wp-image-558535\" src=\"https:\/\/www.diarioimagen.net\/wp-content\/uploads\/2022\/09\/uaem2.jpg\" alt=\"\" width=\"460\" height=\"270\" \/><p id=\"caption-attachment-558535\" class=\"wp-caption-text\">El rector de esta casa de estudios, Carlos Eduardo Barrera D\u00edaz, encabez\u00f3 la ceremonia conmemorativa al medio siglo de creaci\u00f3n de este espacio y entreg\u00f3 12 paneles solares a la comunidad de este espacio universitario de nivel medio superior.<\/p><\/div>\n<p>&nbsp;<\/p>\n<p><strong>Tenancingo, Estado de M\u00e9xico.\u2013<\/strong> En el marco del 50 aniversario del Plantel \u201cDr. Pablo Gonz\u00e1lez Casanova\u201d de la Escuela Preparatoria, el rector de la Universidad Aut\u00f3noma del Estado de M\u00e9xico (UAEM\u00e9x), Carlos Eduardo Barrera D\u00edaz, entreg\u00f3 12 paneles solares a la comunidad de este espacio universitario de nivel medio superior.<\/p>\n<p>En las instalaciones de este espacio acad\u00e9mico, ubicado en el municipio de Tenancingo, acompa\u00f1ado de su director, Christian Mendoza Guadarrama, el rector devel\u00f3 la placa conmemorativa al aniversario, en la que se refrenda la adhesi\u00f3n del Plantel a la acci\u00f3n mundial de la Agenda 2030 para el Desarrollo Sostenible en su Objetivo N\u00famero 7, que asegura el acceso a energ\u00edas asequibles, fiables, sostenibles y modernas para todos.<\/p>\n<p>En este contexto, se refiri\u00f3 que el Plantel inici\u00f3 actividades el 1 de septiembre de 1972 como instituci\u00f3n dependiente del Gobierno del Estado de M\u00e9xico, mientras que en 1974 se incorpor\u00f3 a la UAEM\u00e9x. Adem\u00e1s, en 1995 obtuvo el nombre de \u201cDr. Pablo Gonz\u00e1lez Casanova\u201d de la Escuela Preparatoria y en 2012 la Certificaci\u00f3n Nivel 1 del Sistema Nacional de Bachillerato, mientras que en 2014 cre\u00f3 la Banda Universitaria de Marcha, conformada por integrantes de su comunidad.<\/p>\n<p>Con respecto a la celebraci\u00f3n de medio siglo de historia institucional, Christian Mendoza Guadarrama reconoci\u00f3 el trabajo de docentes y trabajadores universitarios, \u201cquienes han hecho de esta preparatoria m\u00e1s que una casa de estudios\u201d, as\u00ed como a los alumnos que se han formado en sus aulas. \u201cMiles de ellos han resultado destacados profesionistas y miles m\u00e1s han resultado personas con alta calidad humana\u201d<\/p>\n<p>Finalmente, el directivo universitario cit\u00f3 las palabras que en 2005, con motivo de su visita al Plantel, pronunciara el Dr. Pablo Gonz\u00e1lez Casanova: \u201cEstoy seguro que de Tenancingo y de esta escuela saldr\u00e1n muchos de los grandes constructores de un M\u00e9xico m\u00e1s justo y libre\u201d.<\/p>\n","protected":false},"excerpt":{"rendered":"<p>En el marco del 50 aniversario del Plantel \u201cDr. Pablo Gonz\u00e1lez Casanova\u201d de la Escuela Preparatoria, el rector de la Universidad Aut\u00f3noma del Estado de M\u00e9xico (UAEM\u00e9x), Carlos Eduardo Barrera D\u00edaz, entreg\u00f3 12 paneles solares a la comunidad de este espacio universitario de nivel medio superior.<\/p>\n","protected":false},"author":3,"featured_media":558535,"comment_status":"open","ping_status":"open","sticky":false,"template":"","format":"standard","meta":{"_monsterinsights_skip_tracking":false,"_monsterinsights_sitenote_active":false,"_monsterinsights_sitenote_note":"","_monsterinsights_sitenote_category":0,"footnotes":""},"categories":[5],"tags":[92667,96302],"class_list":["post-558484","post","type-post","status-publish","format-standard","has-post-thumbnail","hentry","category-estado-de-mexico","tag-carlos-eduardo-barrera-diaz","tag-escuela-preparatoria-de-la-uaemex"],"_links":{"self":[{"href":"https:\/\/www.diarioimagen.net\/index.php?rest_route=\/wp\/v2\/posts\/558484","targetHints":{"allow":["GET"]}}],"collection":[{"href":"https:\/\/www.diarioimagen.net\/index.php?rest_route=\/wp\/v2\/posts"}],"about":[{"href":"https:\/\/www.diarioimagen.net\/index.php?rest_route=\/wp\/v2\/types\/post"}],"author":[{"embeddable":true,"href":"https:\/\/www.diarioimagen.net\/index.php?rest_route=\/wp\/v2\/users\/3"}],"replies":[{"embeddable":true,"href":"https:\/\/www.diarioimagen.net\/index.php?rest_route=%2Fwp%2Fv2%2Fcomments&post=558484"}],"version-history":[{"count":0,"href":"https:\/\/www.diarioimagen.net\/index.php?rest_route=\/wp\/v2\/posts\/558484\/revisions"}],"wp:featuredmedia":[{"embeddable":true,"href":"https:\/\/www.diarioimagen.net\/index.php?rest_route=\/wp\/v2\/media\/558535"}],"wp:attachment":[{"href":"https:\/\/www.diarioimagen.net\/index.php?rest_route=%2Fwp%2Fv2%2Fmedia&parent=558484"}],"wp:term":[{"taxonomy":"category","embeddable":true,"href":"https:\/\/www.diarioimagen.net\/index.php?rest_route=%2Fwp%2Fv2%2Fcategories&post=558484"},{"taxonomy":"post_tag","embeddable":true,"href":"https:\/\/www.diarioimagen.net\/index.php?rest_route=%2Fwp%2Fv2%2Ftags&post=558484"}],"curies":[{"name":"wp","href":"https:\/\/api.w.org\/{rel}","templated":true}]}}