{"id":558579,"date":"2022-09-02T00:03:35","date_gmt":"2022-09-02T05:03:35","guid":{"rendered":"https:\/\/www.diarioimagen.net\/?p=558579"},"modified":"2022-09-02T03:09:47","modified_gmt":"2022-09-02T08:09:47","slug":"hierve-edomex","status":"publish","type":"post","link":"https:\/\/www.diarioimagen.net\/?p=558579","title":{"rendered":"Hierve Edomex"},"content":{"rendered":"<h2>Espacio Electoral<\/h2>\n<h5>Eleazar Flores<\/h5>\n<p>&nbsp;<\/p>\n<p><strong>ALTA TENSI\u00d3N-.<\/strong> No lo dude, pol\u00edticamente el Estado de M\u00e9xico alcanza m\u00e1ximas temperaturas pol\u00edticas y no por la morenista Delfina G\u00f3mez que en 48 horas ser\u00e1 investida candidata al gobierno por segunda ocasi\u00f3n, m\u00e1s bien por lo que hacen bien, mal, o dejan de hacer los de enfrente.<\/p>\n<p>Antes de \u201cquemar\u201d a alguien que luego uno se justifica al ver que la persona ungida es otra, vale citar proleg\u00f3menos aqu\u00ed anticipados semanas antes, con la participaci\u00f3n de l\u00edderes con o sin cargo oficial actualmente, pero conocidos como miembros de la clase pol\u00edtica.<\/p>\n<p>Le coment\u00e9 que el gobernador Del Mazo Maza pulsar\u00eda el sentir sucesorio con ex gobernadores vivos y lo hizo, asistiendo todos a cenar en Casa estado de M\u00e9xico menos uno de apellido Montiel, justo el promotor n\u00famero uno \u00bfy \u00fanico?, de la aspirante al cargo, hoy legisladora vecina de Metepec, de cuya jurisdicci\u00f3n ya antes fue presidenta municipal, \u00bfnombre?, adivine.<\/p>\n<p>El presidenta estatal tricolor \u00c9ric Sevilla se desga\u00f1ita pregonando sacar los \u201ctambores de guerra\u201d para iniciar en 2023 la recuperaci\u00f3n del pa\u00eds en 2024; no obstante que su boletinero confunda ESTANCIAS INFANTILES\u00a0 como INSTANCIAS INFANTILES. Hay constancia de ello y lo malo no es el error de quien lo comete sino que su jefe avale esos \u201cpeque\u00f1os\u201d detalles informativos. Hay m\u00e1s yerros pero ser\u00e1n para otra ocasi\u00f3n.<\/p>\n<p><strong>CALENDARIO-.<\/strong> Los enterados informan que el gobernador Alfredo Del Mazo Maza rendir\u00e1 su informe el pr\u00f3ximo 12 de este mes patrio y que un d\u00eda despu\u00e9s ser\u00e1 el \u201cdestape\u201d de\u2026 la\u2026persona tricolor que encabece la alianza. \u00b4Respetable para quienes piensan as\u00ed seguramente por estos y OTROS DATOS m\u00e1s de apoyo, pero no sobra recordarles que el PRI\u2026 hasta ahora ha sido cuidadoso para evitar ataques como los que ha recibido el panista Enrique Vargas.<\/p>\n<p>Por anticipado, este se\u00f1or ha sufrido ataques personales y familiares, mole favorito de los \u201cmorenos\u201d y parece que es lo que trata de evitar el PRI hasta ahora, ma\u00f1ana qui\u00e9n sabe. Adem\u00e1s este espacio es tan corto y la capacidad tan poca como para adelantarse a favor o en contra. As\u00ed me evito justificar por posibles yerros, sabedor de que en pol\u00edtica lo que hoy es ma\u00f1ana ya no.<\/p>\n<p><strong>PODER LEGISLATIVO-.<\/strong> Seguro contradiciendo a mi jefe, me aventuro a anticipar que ni la llegada del PANFOXISTA Santiago Creel a la C\u00e1mara de Diputados ni la del PRIPE\u00d1ISTA Alejandro Armenta Mier a la C\u00e1mara de Senadores fue \u201cde oquis\u201d,\u00a0 sus actuales partidos m\u00e1s que ellos, dieron o recibir\u00e1n algo a cambio\u2026 como acelerar posibles reformas legislativas, al tiempo.<\/p>\n<p>Si fue as\u00ed, hubo negociaci\u00f3n de nivel, evitando sainetes.<\/p>\n<p>En cuanto a Ricardo Monreal, resbala tanto como su carnal David en Zacatecas.<\/p>\n<p><em><a href=\"mailto:elefa44@gmail.com\" target=\"_blank\" rel=\"noopener noreferrer\">elefa44@gmail.com<\/a><\/em><\/p>\n","protected":false},"excerpt":{"rendered":"<p><span style=\"color: #005497;\"><strong>Eleazar Flores<\/strong><\/span><\/p>\n","protected":false},"author":3,"featured_media":0,"comment_status":"open","ping_status":"open","sticky":false,"template":"","format":"standard","meta":{"_monsterinsights_skip_tracking":false,"_monsterinsights_sitenote_active":false,"_monsterinsights_sitenote_note":"","_monsterinsights_sitenote_category":0,"footnotes":""},"categories":[81743],"tags":[81744,81776,43674],"class_list":["post-558579","post","type-post","status-publish","format-standard","hentry","category-eleazar-flores","tag-eleazar-flores","tag-espacio-electoral","tag-opinion"],"_links":{"self":[{"href":"https:\/\/www.diarioimagen.net\/index.php?rest_route=\/wp\/v2\/posts\/558579","targetHints":{"allow":["GET"]}}],"collection":[{"href":"https:\/\/www.diarioimagen.net\/index.php?rest_route=\/wp\/v2\/posts"}],"about":[{"href":"https:\/\/www.diarioimagen.net\/index.php?rest_route=\/wp\/v2\/types\/post"}],"author":[{"embeddable":true,"href":"https:\/\/www.diarioimagen.net\/index.php?rest_route=\/wp\/v2\/users\/3"}],"replies":[{"embeddable":true,"href":"https:\/\/www.diarioimagen.net\/index.php?rest_route=%2Fwp%2Fv2%2Fcomments&post=558579"}],"version-history":[{"count":0,"href":"https:\/\/www.diarioimagen.net\/index.php?rest_route=\/wp\/v2\/posts\/558579\/revisions"}],"wp:attachment":[{"href":"https:\/\/www.diarioimagen.net\/index.php?rest_route=%2Fwp%2Fv2%2Fmedia&parent=558579"}],"wp:term":[{"taxonomy":"category","embeddable":true,"href":"https:\/\/www.diarioimagen.net\/index.php?rest_route=%2Fwp%2Fv2%2Fcategories&post=558579"},{"taxonomy":"post_tag","embeddable":true,"href":"https:\/\/www.diarioimagen.net\/index.php?rest_route=%2Fwp%2Fv2%2Ftags&post=558579"}],"curies":[{"name":"wp","href":"https:\/\/api.w.org\/{rel}","templated":true}]}}