{"id":558630,"date":"2022-09-05T00:02:48","date_gmt":"2022-09-05T05:02:48","guid":{"rendered":"https:\/\/www.diarioimagen.net\/?p=558630"},"modified":"2022-09-05T02:06:53","modified_gmt":"2022-09-05T07:06:53","slug":"se-deben-arreglar-las-diferencias-entre-morenistas-higinio-martinez-miranda","status":"publish","type":"post","link":"https:\/\/www.diarioimagen.net\/?p=558630","title":{"rendered":"Se deben arreglar las diferencias entre morenistas: Higinio Mart\u00ednez\u00a0Miranda"},"content":{"rendered":"<p>&nbsp;<\/p>\n<ul>\n<li><strong><em>Con miras al proceso de 2023<\/em><\/strong><\/li>\n<\/ul>\n<p>&nbsp;<\/p>\n<div id=\"attachment_558671\" style=\"width: 470px\" class=\"wp-caption aligncenter\"><img loading=\"lazy\" decoding=\"async\" aria-describedby=\"caption-attachment-558671\" class=\"size-full wp-image-558671\" src=\"https:\/\/www.diarioimagen.net\/wp-content\/uploads\/2022\/09\/se-deben.jpg\" alt=\"\" width=\"460\" height=\"270\" \/><p id=\"caption-attachment-558671\" class=\"wp-caption-text\">El senador Higinio Mart\u00ednez Miranda, asever\u00f3 que el Grupo Parlamentario de Morena debe arreglar sus diferencias internas en el Senado de la Rep\u00fablica.<\/p><\/div>\n<p>&nbsp;<\/p>\n<p><strong>Naucalpan, Estado de M\u00ebxico.\u2014<\/strong> Morenistas de esta localidad aplaudieron la determinaci\u00f3n del senador Higinio Mart\u00ednez Miranda, quien asever\u00f3 que el Grupo Parlamentario de Morena debe arreglar sus diferencias internas en el Senado de la Rep\u00fablica, y recomponer el distanciamiento con el Poder Ejecutivo, al tiempo que reiter\u00f3 su respaldo al presidente Andr\u00e9s Manuel L\u00f3pez Obrador.<\/p>\n<p>El senador mexiquense particip\u00f3 en la elecci\u00f3n interna para definir la presidencia de la Mesa Directiva del Senado a partir del 1 de septiembre, en la que fue elegido Alejandro Armenta.<\/p>\n<p>En un mensaje, desde la oficina del senado, el texcocano refiri\u00f3 que en la plenaria de Morena hubo discrepancias, por lo que es momento de privilegiar la unidad del partido y la relaci\u00f3n con el ejecutivo federal.<\/p>\n<p>\u201cMorena tiene que arreglar sus diferencias en el Senado de la Rep\u00fablica, y las diferencias no son tanto entre senadores, sino de un senador, con quien hoy dirige el pa\u00eds con el mejor \u00e1nimo y con muchos resultados, que es el presidente Andr\u00e9s Manuel L\u00f3pez Obrador\u201d, asever\u00f3.<\/p>\n<p>Higinio Mart\u00ednez puntualiz\u00f3 que seguir\u00e1 su trabajo desde el Senado y ratific\u00f3 su respaldo al Presidente de la Rep\u00fablica, por qui\u00e9n dijo se anim\u00f3 a participar en la elecci\u00f3n de la presidencia de la mesa directiva.<\/p>\n","protected":false},"excerpt":{"rendered":"<p>Morenistas de esta localidad aplaudieron la determinaci\u00f3n del senador Higinio Mart\u00ednez Miranda, quien asever\u00f3 que el Grupo Parlamentario de Morena debe arreglar sus diferencias internas en el Senado de la Rep\u00fablica, y recomponer el distanciamiento con el Poder Ejecutivo, al tiempo que reiter\u00f3 su respaldo al presidente Andr\u00e9s Manuel L\u00f3pez Obrador.<\/p>\n","protected":false},"author":3,"featured_media":558671,"comment_status":"open","ping_status":"open","sticky":false,"template":"","format":"standard","meta":{"_monsterinsights_skip_tracking":false,"_monsterinsights_sitenote_active":false,"_monsterinsights_sitenote_note":"","_monsterinsights_sitenote_category":0,"footnotes":""},"categories":[5],"tags":[86724,43675,96138,970],"class_list":["post-558630","post","type-post","status-publish","format-standard","has-post-thumbnail","hentry","category-estado-de-mexico","tag-diferencias","tag-estado-de-mexico","tag-higinio-martinez-miranda","tag-naucalpan"],"_links":{"self":[{"href":"https:\/\/www.diarioimagen.net\/index.php?rest_route=\/wp\/v2\/posts\/558630","targetHints":{"allow":["GET"]}}],"collection":[{"href":"https:\/\/www.diarioimagen.net\/index.php?rest_route=\/wp\/v2\/posts"}],"about":[{"href":"https:\/\/www.diarioimagen.net\/index.php?rest_route=\/wp\/v2\/types\/post"}],"author":[{"embeddable":true,"href":"https:\/\/www.diarioimagen.net\/index.php?rest_route=\/wp\/v2\/users\/3"}],"replies":[{"embeddable":true,"href":"https:\/\/www.diarioimagen.net\/index.php?rest_route=%2Fwp%2Fv2%2Fcomments&post=558630"}],"version-history":[{"count":0,"href":"https:\/\/www.diarioimagen.net\/index.php?rest_route=\/wp\/v2\/posts\/558630\/revisions"}],"wp:featuredmedia":[{"embeddable":true,"href":"https:\/\/www.diarioimagen.net\/index.php?rest_route=\/wp\/v2\/media\/558671"}],"wp:attachment":[{"href":"https:\/\/www.diarioimagen.net\/index.php?rest_route=%2Fwp%2Fv2%2Fmedia&parent=558630"}],"wp:term":[{"taxonomy":"category","embeddable":true,"href":"https:\/\/www.diarioimagen.net\/index.php?rest_route=%2Fwp%2Fv2%2Fcategories&post=558630"},{"taxonomy":"post_tag","embeddable":true,"href":"https:\/\/www.diarioimagen.net\/index.php?rest_route=%2Fwp%2Fv2%2Ftags&post=558630"}],"curies":[{"name":"wp","href":"https:\/\/api.w.org\/{rel}","templated":true}]}}