{"id":558712,"date":"2022-09-05T00:03:40","date_gmt":"2022-09-05T05:03:40","guid":{"rendered":"https:\/\/www.diarioimagen.net\/?p=558712"},"modified":"2022-09-05T02:34:26","modified_gmt":"2022-09-05T07:34:26","slug":"candidatos-solo-de-espectaculares","status":"publish","type":"post","link":"https:\/\/www.diarioimagen.net\/?p=558712","title":{"rendered":"Candidatos, s\u00f3lo de espectaculares"},"content":{"rendered":"<h2>Espacio Electoral<\/h2>\n<h5>Eleazar Flores<\/h5>\n<p>&nbsp;<\/p>\n<p><strong>TODOS SIN EXCEPCI\u00d3N-.<\/strong> Seguramente, aleda\u00f1os a las principales carreteras del pa\u00eds, pero principalmente en el centro, por las inminentes elecciones de 2023, aspirantes y revistas de circulaci\u00f3n en el sector privado se han \u201camarchantado\u201d para un auxilio mutuo de dudosos resultados.<\/p>\n<p>De la lista de aspirantes a la Presidencia de la Rep\u00fablica o a la gubernatura del Estado de M\u00e9xico hay nombres y caras que por frecuentes y poca creatividad de dise\u00f1o, terminan por fastidiar al conductor o pasajero y en cuanto a nombres de las revistas quincenales o mensuales ni hablar, est\u00e1n haciendo su negocio para sacar en un s\u00f3lo n\u00famero, seguramente el costo del tiraje de todo un a\u00f1o.<\/p>\n<p>De inmediato vienen a la memoria las revistas <em>L\u00edderes<\/em> y <em>Mundo Ejecutivo<\/em>, en cuyas portadas aparecen los rostros -eso si bien retocados- de la aspirante presidencial por Morena y actual jefa de gobierno de la capital del pa\u00eds, Claudia Sheinbaum Pardo, y en cuanto a quienes aspiran la gubernatura del estado de M\u00e9xico el abanico es m\u00e1s amplio.<\/p>\n<p>Llevan meses apareciendo en espectaculares de las principales vialidades de entrada y salida a la capital de la Rep\u00fablica los rostros de la secretaria de Desarrollo Social del gobierno mexiquense, Alejandra Del Moral Vela, el a\u00fan funcionario de Aduanas, Javier Duarte Olivares; el presidente del comit\u00e9 directivo estatal del PRI, \u00c9ric Sevilla Montes de Oca -fuera de competencia aseguran los enterados- y a partir del jueves, Ana Lilia Herrera Anzaldo.<\/p>\n<p>De los aqu\u00ed enlistados hay tres personas que infringen las leyes electorales, la federal y estatal, pero para estos tiempos y estos gobiernos es lo que menos importa.<\/p>\n<p>Los infractores son Claudia Sheinbaum y Javier Duarte, en lo federal, y Alejandra Del Moral en lo estatal, por ser titular de la Secretar\u00eda de Desarrollo Social del gobierno mexiquense, Sedesem.<\/p>\n<p>No infringen ninguna ley, ni la diputada federal por Metepec Ana Lilia Herrera Anzaldo, por tener un cargo de elecci\u00f3n, ni Eric Sevilla por ser presidente de un instituto pol\u00edtico.<\/p>\n<p>La jefa de Gobierno y el responsable de Aduanas, as\u00ed como Alejandra Del Moral tendr\u00e1n recursos de sobra para defenderse, pues podr\u00edan argumentar que fueron las revistas, <em>L\u00edderes<\/em> y <em>Mundo Ejecutivo<\/em>, las que \u201cpagan\u201d esa publicidad, como argument\u00f3 la Sheinbaum cuando misteriosamente aparecieron por toda la ciudad, espectaculares y bardas con leyendas de apoyo.<\/p>\n<p>Total, que entre medios y pol\u00edticos -como sucede siempre en tiempos preelectorales con los partidos y pol\u00edticos que sean, surgen culpas mutuas pero de culpables, nunca se llega al final de controversia alguna.<\/p>\n<p>A estas alturas, lo que menos importa es respetar o no las leyes, sino el n\u00famero de \u201ccorcholatas\u201d.<\/p>\n<p><em><a href=\"mailto:elefa44@gmail.com\" target=\"_blank\" rel=\"noopener noreferrer\">elefa44@gmail.com<\/a><\/em><\/p>\n","protected":false},"excerpt":{"rendered":"<p><span style=\"color: #005497;\"><strong>Eleazar Flores<\/strong><\/span><\/p>\n","protected":false},"author":3,"featured_media":0,"comment_status":"open","ping_status":"open","sticky":false,"template":"","format":"standard","meta":{"_monsterinsights_skip_tracking":false,"_monsterinsights_sitenote_active":false,"_monsterinsights_sitenote_note":"","_monsterinsights_sitenote_category":0,"footnotes":""},"categories":[81743],"tags":[81744,81776,43674],"class_list":["post-558712","post","type-post","status-publish","format-standard","hentry","category-eleazar-flores","tag-eleazar-flores","tag-espacio-electoral","tag-opinion"],"_links":{"self":[{"href":"https:\/\/www.diarioimagen.net\/index.php?rest_route=\/wp\/v2\/posts\/558712","targetHints":{"allow":["GET"]}}],"collection":[{"href":"https:\/\/www.diarioimagen.net\/index.php?rest_route=\/wp\/v2\/posts"}],"about":[{"href":"https:\/\/www.diarioimagen.net\/index.php?rest_route=\/wp\/v2\/types\/post"}],"author":[{"embeddable":true,"href":"https:\/\/www.diarioimagen.net\/index.php?rest_route=\/wp\/v2\/users\/3"}],"replies":[{"embeddable":true,"href":"https:\/\/www.diarioimagen.net\/index.php?rest_route=%2Fwp%2Fv2%2Fcomments&post=558712"}],"version-history":[{"count":0,"href":"https:\/\/www.diarioimagen.net\/index.php?rest_route=\/wp\/v2\/posts\/558712\/revisions"}],"wp:attachment":[{"href":"https:\/\/www.diarioimagen.net\/index.php?rest_route=%2Fwp%2Fv2%2Fmedia&parent=558712"}],"wp:term":[{"taxonomy":"category","embeddable":true,"href":"https:\/\/www.diarioimagen.net\/index.php?rest_route=%2Fwp%2Fv2%2Fcategories&post=558712"},{"taxonomy":"post_tag","embeddable":true,"href":"https:\/\/www.diarioimagen.net\/index.php?rest_route=%2Fwp%2Fv2%2Ftags&post=558712"}],"curies":[{"name":"wp","href":"https:\/\/api.w.org\/{rel}","templated":true}]}}