{"id":558763,"date":"2022-09-06T00:01:51","date_gmt":"2022-09-06T05:01:51","guid":{"rendered":"https:\/\/www.diarioimagen.net\/?p=558763"},"modified":"2022-09-06T01:54:20","modified_gmt":"2022-09-06T06:54:20","slug":"mediante-amenazas-mario-cervantes-de-nueva-alianza-se-apodera-de-la-seccion-36-en-tultitlan","status":"publish","type":"post","link":"https:\/\/www.diarioimagen.net\/?p=558763","title":{"rendered":"Mediante amenazas, Mario Cervantes, de Nueva Alianza, se apodera de la Secci\u00f3n 36, en Tultitl\u00e1n"},"content":{"rendered":"<p>&nbsp;<\/p>\n<p><img loading=\"lazy\" decoding=\"async\" class=\"aligncenter size-full wp-image-558852\" src=\"https:\/\/www.diarioimagen.net\/wp-content\/uploads\/2022\/09\/mediante-amenazas.jpg\" alt=\"\" width=\"460\" height=\"270\" \/><\/p>\n<p>&nbsp;<\/p>\n<p><strong>Tultitl\u00e1n, Estado de M\u00e9xico.\u2014<\/strong> Personas bajo las \u00f3rdenes del dirigente estatal del Partido Nueva Alianza Edomex, Mario Cervantes Palomino, ejercieron la violencia para golpear y amenazar a maestros del Sindicato Nacional de Trabajadores de la Educaci\u00f3n, en esta ciudad. Mediante un video, el profesor V\u00edctor Alfonso Espinoza, se\u00f1ala a Mario Cervantes Montero \u2014tercer regidor del Ayuntamiento de Ecatepec\u2014 as\u00ed como a Humberto Manr\u00edque Salmeron \u2014presunto director de educaci\u00f3n en el Ayuntamiento de Tec\u00e1mac\u2014 como los golpeadores que lo amenazaron y golpearon afuera de las instalaciones de SEIEM en Tultitl\u00e1n.<\/p>\n","protected":false},"excerpt":{"rendered":"<p>Personas bajo las \u00f3rdenes del dirigente estatal del Partido Nueva Alianza Edomex, Mario Cervantes Palomino, ejercieron la violencia para golpear y amenazar a maestros del Sindicato Nacional de Trabajadores de la Educaci\u00f3n, en esta ciudad. Mediante un video, el profesor V\u00edctor Alfonso Espinoza, se\u00f1ala a Mario Cervantes Montero.<\/p>\n","protected":false},"author":3,"featured_media":558852,"comment_status":"open","ping_status":"open","sticky":false,"template":"","format":"standard","meta":{"_monsterinsights_skip_tracking":false,"_monsterinsights_sitenote_active":false,"_monsterinsights_sitenote_note":"","_monsterinsights_sitenote_category":0,"footnotes":""},"categories":[5],"tags":[96324,96326,96325],"class_list":["post-558763","post","type-post","status-publish","format-standard","has-post-thumbnail","hentry","category-estado-de-mexico","tag-amenazas","tag-apodera","tag-seccion-36"],"_links":{"self":[{"href":"https:\/\/www.diarioimagen.net\/index.php?rest_route=\/wp\/v2\/posts\/558763","targetHints":{"allow":["GET"]}}],"collection":[{"href":"https:\/\/www.diarioimagen.net\/index.php?rest_route=\/wp\/v2\/posts"}],"about":[{"href":"https:\/\/www.diarioimagen.net\/index.php?rest_route=\/wp\/v2\/types\/post"}],"author":[{"embeddable":true,"href":"https:\/\/www.diarioimagen.net\/index.php?rest_route=\/wp\/v2\/users\/3"}],"replies":[{"embeddable":true,"href":"https:\/\/www.diarioimagen.net\/index.php?rest_route=%2Fwp%2Fv2%2Fcomments&post=558763"}],"version-history":[{"count":0,"href":"https:\/\/www.diarioimagen.net\/index.php?rest_route=\/wp\/v2\/posts\/558763\/revisions"}],"wp:featuredmedia":[{"embeddable":true,"href":"https:\/\/www.diarioimagen.net\/index.php?rest_route=\/wp\/v2\/media\/558852"}],"wp:attachment":[{"href":"https:\/\/www.diarioimagen.net\/index.php?rest_route=%2Fwp%2Fv2%2Fmedia&parent=558763"}],"wp:term":[{"taxonomy":"category","embeddable":true,"href":"https:\/\/www.diarioimagen.net\/index.php?rest_route=%2Fwp%2Fv2%2Fcategories&post=558763"},{"taxonomy":"post_tag","embeddable":true,"href":"https:\/\/www.diarioimagen.net\/index.php?rest_route=%2Fwp%2Fv2%2Ftags&post=558763"}],"curies":[{"name":"wp","href":"https:\/\/api.w.org\/{rel}","templated":true}]}}