{"id":558865,"date":"2022-09-07T00:06:01","date_gmt":"2022-09-07T05:06:01","guid":{"rendered":"https:\/\/www.diarioimagen.net\/?p=558865"},"modified":"2022-09-07T23:45:27","modified_gmt":"2022-09-08T04:45:27","slug":"recibe-uap-tlalnepantla-de-la-uaemex-equipo-de-computo-en-beneficio-de-su-comunidad-estudiantil","status":"publish","type":"post","link":"https:\/\/www.diarioimagen.net\/?p=558865","title":{"rendered":"Recibe UAP Tlalnepantla, de la UAEM\u00e9x, equipo de c\u00f3mputo en beneficio de su comunidad estudiantil\u00a0"},"content":{"rendered":"<p>&nbsp;<\/p>\n<div id=\"attachment_558932\" style=\"width: 470px\" class=\"wp-caption aligncenter\"><img loading=\"lazy\" decoding=\"async\" aria-describedby=\"caption-attachment-558932\" class=\"size-full wp-image-558932\" src=\"https:\/\/www.diarioimagen.net\/wp-content\/uploads\/2022\/09\/uaem2-3.jpg\" alt=\"\" width=\"460\" height=\"270\" \/><p id=\"caption-attachment-558932\" class=\"wp-caption-text\">El rector de la UAEM\u00e9x, Carlos Eduardo Barrera D\u00edaz, entreg\u00f3 35 computadoras de escritorio de \u00faltima generaci\u00f3n a la comunidad de la Unidad Acad\u00e9mica Profesional Tlalnepantla.<\/p><\/div>\n<p>&nbsp;<\/p>\n<p><strong>Tlalnepantla.\u2014<\/strong> En beneficio de la comunidad de la Unidad Acad\u00e9mica Profesional Tlalnepantla, el espacio de educaci\u00f3n superior de m\u00e1s reciente creaci\u00f3n de la instituci\u00f3n y donde se ofrecen las licenciaturas en Log\u00edstica, Administraci\u00f3n, Medios Alternos de Soluci\u00f3n de Conflictos y Negocios Internacionales Biling\u00fce, el rector de la Universidad Aut\u00f3noma del Estado de M\u00e9xico (UAEM\u00e9x), Carlos Eduardo Barrera D\u00edaz, entreg\u00f3 35 computadoras de escritorio de \u00faltima generaci\u00f3n.<\/p>\n<p>Durante el encuentro que sostuvo con estudiantes, docentes y personal administrativo de este campus, el rector refrend\u00f3 el compromiso institucional de atender progresivamente sus necesidades, como ocurri\u00f3 con la relativa al fortalecimiento de la seguridad del espacio.<\/p>\n<p>Acompa\u00f1ado de la secretaria de Administraci\u00f3n de la UAEM\u00e9x, Er\u00e9ndira Fierro Moreno, y la coordinadora de este campus, Sara Lilia Garc\u00eda P\u00e9rez, detall\u00f3 que con las computadoras entregadas se equipar\u00e1 la sala de auto acceso de la Unidad, lo que contribuir\u00e1 al fortalecimiento del proceso de ense\u00f1anza-aprendizaje de los estudiantes universitarios en el \u00e1rea de lenguas.<\/p>\n<p>Finalmente, resalt\u00f3 que por tercer a\u00f1o consecutivo, el Ranking QS (Quacquarelli Symonds) ubica a la M\u00e1xima Casa de Estudios mexiquense como la segunda mejor universidad p\u00fablica estatal de M\u00e9xico, mientras que el de THE (Times Higher Education) la posiciona como la primer universidad p\u00fablica de M\u00e9xico.<\/p>\n","protected":false},"excerpt":{"rendered":"<p>En beneficio de la comunidad de la Unidad Acad\u00e9mica Profesional Tlalnepantla, el espacio de educaci\u00f3n superior de m\u00e1s reciente creaci\u00f3n de la instituci\u00f3n y donde se ofrecen las licenciaturas en Log\u00edstica, Administraci\u00f3n, Medios Alternos de Soluci\u00f3n de Conflictos y Negocios Internacionales Biling\u00fce, el rector de la Universidad Aut\u00f3noma del Estado de M\u00e9xico (UAEM\u00e9x), Carlos Eduardo Barrera D\u00edaz, entreg\u00f3 35 computadoras de escritorio de \u00faltima generaci\u00f3n.<\/p>\n","protected":false},"author":3,"featured_media":558932,"comment_status":"open","ping_status":"open","sticky":false,"template":"","format":"standard","meta":{"_monsterinsights_skip_tracking":false,"_monsterinsights_sitenote_active":false,"_monsterinsights_sitenote_note":"","_monsterinsights_sitenote_category":0,"footnotes":""},"categories":[5],"tags":[92667,88025,67878],"class_list":["post-558865","post","type-post","status-publish","format-standard","has-post-thumbnail","hentry","category-estado-de-mexico","tag-carlos-eduardo-barrera-diaz","tag-estudiantil","tag-uaemex"],"_links":{"self":[{"href":"https:\/\/www.diarioimagen.net\/index.php?rest_route=\/wp\/v2\/posts\/558865","targetHints":{"allow":["GET"]}}],"collection":[{"href":"https:\/\/www.diarioimagen.net\/index.php?rest_route=\/wp\/v2\/posts"}],"about":[{"href":"https:\/\/www.diarioimagen.net\/index.php?rest_route=\/wp\/v2\/types\/post"}],"author":[{"embeddable":true,"href":"https:\/\/www.diarioimagen.net\/index.php?rest_route=\/wp\/v2\/users\/3"}],"replies":[{"embeddable":true,"href":"https:\/\/www.diarioimagen.net\/index.php?rest_route=%2Fwp%2Fv2%2Fcomments&post=558865"}],"version-history":[{"count":0,"href":"https:\/\/www.diarioimagen.net\/index.php?rest_route=\/wp\/v2\/posts\/558865\/revisions"}],"wp:featuredmedia":[{"embeddable":true,"href":"https:\/\/www.diarioimagen.net\/index.php?rest_route=\/wp\/v2\/media\/558932"}],"wp:attachment":[{"href":"https:\/\/www.diarioimagen.net\/index.php?rest_route=%2Fwp%2Fv2%2Fmedia&parent=558865"}],"wp:term":[{"taxonomy":"category","embeddable":true,"href":"https:\/\/www.diarioimagen.net\/index.php?rest_route=%2Fwp%2Fv2%2Fcategories&post=558865"},{"taxonomy":"post_tag","embeddable":true,"href":"https:\/\/www.diarioimagen.net\/index.php?rest_route=%2Fwp%2Fv2%2Ftags&post=558865"}],"curies":[{"name":"wp","href":"https:\/\/api.w.org\/{rel}","templated":true}]}}