{"id":559005,"date":"2022-09-07T00:11:36","date_gmt":"2022-09-07T05:11:36","guid":{"rendered":"https:\/\/www.diarioimagen.net\/?p=559005"},"modified":"2022-09-07T03:12:10","modified_gmt":"2022-09-07T08:12:10","slug":"amlo-el-mesias-criptojudio","status":"publish","type":"post","link":"https:\/\/www.diarioimagen.net\/?p=559005","title":{"rendered":"AMLO, \u00bfel Mes\u00edas criptojud\u00edo?"},"content":{"rendered":"<h2>\u00cdndice pol\u00edtico<\/h2>\n<h5>Francisco Rodr\u00edguez<em>\u00a0<\/em><\/h5>\n<p><em>\u00a0<\/em><\/p>\n<ul>\n<li><strong><em>\u00c9l, \u201cdivino\u201d; nosotros, \u201canimalitos\u201d<\/em><\/strong><\/li>\n<li><strong><em>Frena el Senado \u201cfast track\u201d legislativo<\/em><\/strong><\/li>\n<\/ul>\n<p>&nbsp;<\/p>\n<p>Aunque se dice cristiano, qui\u00e9n sabe si cat\u00f3lico o no, el se\u00f1or Andr\u00e9s <strong>Manuel L\u00f3pez Obrador<\/strong> act\u00faa como un verdadero criptojud\u00edo.<\/p>\n<p>El criptojuda\u00edsmo, como usted seguramente sabe, es la adhesi\u00f3n confidencial al juda\u00edsmo mientras se declara p\u00fablicamente ser de otra fe.<\/p>\n<p>Y de acuerdo con don <strong>Luis Melgar<\/strong>, lector del <strong>\u00cdndice Pol\u00edtico<\/strong>, esa es la explicaci\u00f3n que, estudiando a fondo, \u00e9l ha encontrado para explicarse y explicarnos lo que dice y hace el ocupante -con todo y tropas- de Palacio Nacional.<\/p>\n<p>\u201c\u2026\u00e9l dice que es como Cristo \u2014escribe el se\u00f1or Melgar en un correo electr\u00f3nico llegado a mi buz\u00f3n\u2014 y autom\u00e1ticamente muchos creen que es un cristiano cat\u00f3lico.<\/p>\n<p>\u201cHe analizado mucha informaci\u00f3n y llego a la conclusi\u00f3n de que AMLO es un criptojud\u00edo.<strong> Crist\u00f3bal Col\u00f3n<\/strong>, en el pasado, y <strong>\u00c1ngela Merkel<\/strong>, en la actualidad, tambi\u00e9n lo fueron y lo son&#8230;<\/p>\n<p>\u201cAMLO ha dado muchas se\u00f1ales de serlo.<\/p>\n<p>\u201cBueno, nada m\u00e1s explicar\u00e9 un detalle.<\/p>\n<p>\u201cSe queja el pueblo de que AMLO no hace caso a las v\u00edctimas de feminicidios, miles de mujeres y ni\u00f1as son asesinadas en M\u00e9xico y a AMLO le tiene sin cuidado.<\/p>\n<p>\u201cLa explicaci\u00f3n es que hay un grupo de humanos que siguen las ense\u00f1anzas del\u2002\u2002\u2002\u2002<em>Talmud<\/em>.<\/p>\n<p>\u201cEn este libro se clasifica a los humanos de acuerdo con un rango de \u2018calidad\u2019 o categor\u00eda.<\/p>\n<p>\u201cEn esa lista se le da el m\u00e1ximo valor a los jud\u00edos heterosexuales casados con jud\u00edas\u2026<\/p>\n<p>\u201c\u2026luego, jud\u00edos, pero casados con mujeres no jud\u00edas\u2026<\/p>\n<p>\u201c\u2026luego, jud\u00edos homosexuales\u2026<\/p>\n<p>\u201c\u2026m\u00e1s abajo, mujeres jud\u00edas\u2026<\/p>\n<p>\u201c\u2026y as\u00ed va bajando de categor\u00eda\u2026<\/p>\n<p>\u201c\u2026siempre primero los jud\u00edos\u2026<\/p>\n<p style=\"text-align: center;\"><strong>No, \u201cno somos iguales\u201d, gracias a Dios<\/strong><\/p>\n<p>\u00a0\u201c\u2026y en la parte baja, los gentiles (no nacidos de vientre de jud\u00eda) hombres\u2026<\/p>\n<p>\u201c\u2026las mujeres gentiles\u2026<\/p>\n<p>\u201c\u2026luego los ni\u00f1os gentiles\u2026<\/p>\n<p>\u201c\u2026y hasta abajo, las ni\u00f1as gentiles\u2026<\/p>\n<p>\u201c\u2026es decir, los humanos de menor valor social son las mujeres, ni\u00f1os y ni\u00f1as gentiles.<\/p>\n<p>\u201cY de hecho el <em>Talmud <\/em>dice que los gentiles, o sea como el 99% de la humanidad, no son humanos, sino animales con forma humana, al servicio de los jud\u00edos que s\u00ed son humanos.<\/p>\n<p>\u201cEsto explica por qu\u00e9, para AMLO, no importa que est\u00e9n matando a mujeres y ni\u00f1as gentiles.<\/p>\n<p>\u201cY tambi\u00e9n explica el por qu\u00e9 en sus discursos de las \u201cma\u00f1aneras\u201d se le sali\u00f3 decir \u2018tenemos que ayudar a la gente, son como animalitos\u2019.<\/p>\n<p>\u201cO sea, para AMLO los gentiles son animales y \u00e9l es de la casta divina\u2026<\/p>\n<p>\u201c\u2026por eso siempre dice \u201cno somos iguales\u201d.<\/p>\n<p>\u201cY pienso que se refiere a que \u00e9l y su gente creen ser \u2018divinos\u2019\u2026<\/p>\n<p>\u201c\u2026No son iguales a los \u2018animales\u2019 gentiles.<\/p>\n<p>\u201cHay muchos otros detalles que delatan a AMLO\u2026<\/p>\n<p>\u201c\u2026como que en Espa\u00f1a familias con el apellido Obrador de origen sefardita\u201d.<\/p>\n<p>\u201cPero, adem\u00e1s, AMLO est\u00e1 \u2018feliz, feliz., feliz\u2019 al ver morir a tantos mexicanos, ya sea por ser v\u00edctimas del narco, o por el virus, incluso por las vacunas.<\/p>\n<p>\u201cLa India tiene diez veces m\u00e1s poblaci\u00f3n que M\u00e9xico, pero el n\u00famero de muertes no es 10 veces superior al de nuestro pa\u00eds sino menos del doble.<\/p>\n<p>\u201cY China, con 1 mil 390 millones de habitantes, no llega ni a 20 mil muertos por la pandemia\u2026<\/p>\n<p>\u201c\u2026entonces \u00bfpor qu\u00e9 AMLO est\u00e1 feliz con m\u00e1s de 700 mil muertos, aunque \u00e9l diga que son menos?<\/p>\n<p>\u00bfCriptojud\u00edo?<\/p>\n<p>Si no lo es, efectivamente act\u00faa como uno de ellos.<\/p>\n<p>\u00bfNo cree usted?<\/p>\n<p style=\"text-align: center;\"><strong>Indicios<\/strong><\/p>\n<p>Un tweet de<strong> @RicardoMonrealA<\/strong>, ayer al mediod\u00eda, despej\u00f3 dudas sobre la actuaci\u00f3n de la C\u00e1mara alta ante la urgencia del Ejecutivo de que la Guardia Nacional pase a formar parte del organigrama burocr\u00e1tico de la Secretar\u00eda de la Defensa Nacional, encabezada por <strong>Luis Cresencio <em>Chencho<\/em> Sandova<\/strong>l, pasando incluso por sobre el titular de la Marina Armada, <strong>Rafael Ojeda<\/strong>: \u201cEn el Grupo Parlamentario de Morena (@MorenaSenadores) hemos decidido que la minuta en materia de Guardia Nacional, proveniente de la colegisladora, se turnar\u00e1 a comisiones y ser\u00e1 analizada y discutida en un proceso legislativo plural y respetuoso.\u201d Ralentizaron el proceso. Bien. * * * Otro tweet, \u00e9ste de <strong>@MarkoCortes<\/strong>, dirigente nacional del PAN, claramente dirigido a su hom\u00f3logo pri\u00edsta <strong>@alitomorenoc<\/strong> apunta que si el @PRI_Nacional no retira la ampliaci\u00f3n de mantener al Ej\u00e9rcito en las calles hasta 2028, \u201cla coalici\u00f3n #VaPorM\u00e9xico ya no tiene raz\u00f3n de ser\u201d. Y eso quiere decir que no habr\u00e1 coalici\u00f3n partidista para enfrentar a AMLO y a su Movimiento en 2024. * * * Segunda confesi\u00f3n, segunda, del se\u00f1or L\u00f3pez Obrador en la matin\u00e9 de Palacio Nacional de este martes. Que s\u00ed cambi\u00f3 de opini\u00f3n con respecto a la permanencia del Ej\u00e9rcito en las calles. La congruencia no es lo suyo, le han replicado en medios y en redes sociales. La primera del d\u00eda fue su reconocimiento a que s\u00ed ha ejercido presiones sobre la <em>Corta<\/em> de Justicia que todav\u00eda ayer debat\u00eda en torno a la inconstitucionalidad de la prisi\u00f3n preventiva oficiosa o autom\u00e1tica, que como bien se\u00f1alan tirios y troyanos atenta en contra de la presunci\u00f3n de inocencia y el m\u00e1s elemental de los derechos humanos: la libertad. * * * Y por hoy es todo. Gracias por acompa\u00f1arme leyendo estas l\u00edneas. Y como siempre, le deseo \u00a1buenas gracias y muchos, muchos d\u00edas!<\/p>\n<p><em><u><a href=\"http:\/\/www.indicepolitico.com\" target=\"_blank\" rel=\"noopener noreferrer\">www.indicepolitico.com<\/a><\/u><u><br \/>\n<\/u><a href=\"mailto:indicepolitico@gmail.com\" target=\"_blank\" rel=\"noopener noreferrer\">indicepolitico@gmail.com<\/a><\/em><br \/>\n<em><a href=\"https:\/\/twitter.com\/indicepolitico?lang=es\" target=\"_blank\" rel=\"noopener noreferrer\">@IndicePolitico<\/a><\/em><br \/>\n<em><u><a href=\"https:\/\/twitter.com\/pacorodriguez\" target=\"_blank\" rel=\"noopener noreferrer\">@pacorodriguez<\/a><\/u><\/em><\/p>\n","protected":false},"excerpt":{"rendered":"<p><span style=\"color: #005497;\"><strong>Francisco Rodr\u00edguez<\/strong><\/span><\/p>\n","protected":false},"author":3,"featured_media":0,"comment_status":"open","ping_status":"open","sticky":false,"template":"","format":"standard","meta":{"_monsterinsights_skip_tracking":false,"_monsterinsights_sitenote_active":false,"_monsterinsights_sitenote_note":"","_monsterinsights_sitenote_category":0,"footnotes":""},"categories":[549],"tags":[43689,550,43674],"class_list":["post-559005","post","type-post","status-publish","format-standard","hentry","category-francisco-rodriguez","tag-francisco-rodriguez","tag-indice-politico","tag-opinion"],"_links":{"self":[{"href":"https:\/\/www.diarioimagen.net\/index.php?rest_route=\/wp\/v2\/posts\/559005","targetHints":{"allow":["GET"]}}],"collection":[{"href":"https:\/\/www.diarioimagen.net\/index.php?rest_route=\/wp\/v2\/posts"}],"about":[{"href":"https:\/\/www.diarioimagen.net\/index.php?rest_route=\/wp\/v2\/types\/post"}],"author":[{"embeddable":true,"href":"https:\/\/www.diarioimagen.net\/index.php?rest_route=\/wp\/v2\/users\/3"}],"replies":[{"embeddable":true,"href":"https:\/\/www.diarioimagen.net\/index.php?rest_route=%2Fwp%2Fv2%2Fcomments&post=559005"}],"version-history":[{"count":0,"href":"https:\/\/www.diarioimagen.net\/index.php?rest_route=\/wp\/v2\/posts\/559005\/revisions"}],"wp:attachment":[{"href":"https:\/\/www.diarioimagen.net\/index.php?rest_route=%2Fwp%2Fv2%2Fmedia&parent=559005"}],"wp:term":[{"taxonomy":"category","embeddable":true,"href":"https:\/\/www.diarioimagen.net\/index.php?rest_route=%2Fwp%2Fv2%2Fcategories&post=559005"},{"taxonomy":"post_tag","embeddable":true,"href":"https:\/\/www.diarioimagen.net\/index.php?rest_route=%2Fwp%2Fv2%2Ftags&post=559005"}],"curies":[{"name":"wp","href":"https:\/\/api.w.org\/{rel}","templated":true}]}}