{"id":559289,"date":"2022-09-09T00:02:25","date_gmt":"2022-09-09T05:02:25","guid":{"rendered":"https:\/\/www.diarioimagen.net\/?p=559289"},"modified":"2022-09-09T03:41:54","modified_gmt":"2022-09-09T08:41:54","slug":"en-fiestas-patrias-lopez-obrador-se-envolvera-en-la-bandera","status":"publish","type":"post","link":"https:\/\/www.diarioimagen.net\/?p=559289","title":{"rendered":"En fiestas patrias, \u00bfL\u00f3pez Obrador se envolver\u00e1 en la bandera?"},"content":{"rendered":"<h2>La Retaguardia<\/h2>\n<h5>Adriana Moreno Cordero<\/h5>\n<p><em>\u00a0<\/em><\/p>\n<ul>\n<li><strong><em>O el Presidente \u00bfdio marcha atr\u00e1s en su discurso patriotero?<\/em><\/strong><\/li>\n<\/ul>\n<p>&nbsp;<\/p>\n<p>Una vez que el<strong>\u00a0<\/strong>ministro <strong>Luis Mar\u00eda Aguilar<\/strong>\u00a0retir\u00f3 su propuesta\u00a0de eliminar la prisi\u00f3n preventiva oficiosa que en una jornada inicial fue derrotada el martes pasado por 7 votos contra 4 en la Suprema Corte de Justicia de la Naci\u00f3n y se opt\u00f3 por que presente un nuevo proyecto que tenga como objetivo acotar o limitar la aplicaci\u00f3n de esta figura, el presidente <strong>Andr\u00e9s Manuel L\u00f3pez Obrador<\/strong> ocupa ahora toda su atenci\u00f3n en la celebraci\u00f3n de las fiestas patrias, mismas que utilizar\u00e1 como marco para envolverse en la bandera nacional y anunciar que la soberan\u00eda no est\u00e1 en venta y que M\u00e9xico no es colonia de ning\u00fan pa\u00eds.<\/p>\n<p>Adem\u00e1s, la noche del 15 de septiembre, el inquilino de Palacio Nacional ofrecer\u00e1 \u201cpan y circo\u201d al \u201cpueblo bueno y sabio\u201d, con m\u00e1s de tres horas de concierto gratuito de Los Tigres del Norte, que de seguro, s\u00ed cobraron por su trabajo.<\/p>\n<p>Al parecer, por otra parte y en lo que se refiere a la parte m\u00e1s pol\u00edtica, el de Tepetit\u00e1n dio un paso atr\u00e1s, porque no anunciar\u00e1 -como lo hab\u00eda dado a conocer anteriormente-, que M\u00e9xico se sale del T-MEC. Quiz\u00e1s la emoci\u00f3n lo hizo hablar de m\u00e1s y no le qued\u00f3 de otra m\u00e1s que admitir que a nuestro pa\u00eds, le saldr\u00eda car\u00edsimo un pleito con Estados Unidos de tales dimensiones.<\/p>\n<p>Hay que recordar que en su reciente comparecencia ante los senadores de Morena, en el marco de su plenaria, la secretaria de Econom\u00eda, <strong>Tatiana Clouthier Carrillo<\/strong>, -que tuvo el tino de no darle plant\u00f3n a los legisladores de su partido-, sentenci\u00f3 que las diferencias que tiene esta errada y llamada Cuarta Transformaci\u00f3n con el vecino pa\u00eds del norte y Canad\u00e1, no ponen en riesgo la participaci\u00f3n de M\u00e9xico en el T-MEC. \u00bfSer\u00e1?<\/p>\n<p>El caso es que en esto \u00faltimo tambi\u00e9n coincidi\u00f3 el secretario de Relaciones Exteriores, <strong>Marcelo Ebrard<\/strong>, otro funcionario que tuvo la delicadeza de no dejar plantados a los senadores morenistas y quien agreg\u00f3 que a pesar de las diferencias que existen en la relaci\u00f3n entre nuestro pa\u00eds y Estados Unidos, ambos llevan una buena relaci\u00f3n. Pero el canciller as\u00ed la dej\u00f3, dij\u00e9ramos que buena, m\u00e1s o menos, lo que resultar\u00eda suficiente para no generar una crisis en dicha relaci\u00f3n bilateral.<\/p>\n<p>As\u00ed que conforme pasan los d\u00edas, es cada vez menos probable que L\u00f3pez Obrador siga con su intentona de lanzar, eso s\u00ed muy envalentonado, un discurso patriotero bastante pobre y a gritos, -como en las c\u00e1psulas de su IV Informe de Gobierno-, para decir que M\u00e9xico se sale del T-MEC.<\/p>\n<p>En otro tema, en lo que s\u00ed habr\u00e1 que estar muy atentos, es en la suerte que corra en el Senado de la Rep\u00fablica la iniciativa enviada por la colegisladora, la C\u00e1mara de Diputados, sobre incorporar a la Guardia Nacional a la Secretar\u00eda de la Defensa Nacional.<\/p>\n<p>Por lo pronto ayer, los integrantes de la fracci\u00f3n parlamentaria del tricolor en la C\u00e1mara baja, se reunieron con el titular de la Sedena, <strong>Luis Cresencio Sandoval<\/strong>, para analizar la iniciativa de reforma sobre c\u00f3mo extender el tiempo de permiso en que los militares podr\u00e1n prestar servicios en la Guardia Nacional, de 5 a 9 a\u00f1os, es decir, del 2024, hasta el 2028.<\/p>\n<p>Por sus redes sociales, el l\u00edder nacional del PRI, <strong>Alejandro Moreno C\u00e1rdenas<\/strong>, se\u00f1al\u00f3:\u00a0 \u201cExpusimos la necesidad urgente de atender el tema y la importancia de no dejar que el crimen organizado siga avanzando\u201d.<\/p>\n<p style=\"text-align: center;\"><strong>Municiones<\/strong><\/p>\n<p>*** Papelazo el que est\u00e1 haciendo el gobernador de Sonora, <strong>Alfonso Durazo<\/strong>, sobre todo porque fue secretario de Seguridad y Protecci\u00f3n Ciudadana, lugar en el que lo sucedi\u00f3 la no menos flamante, <strong>Rosa Icela Rodr\u00edguez<\/strong>. En la sesi\u00f3n en el Senado de la Rep\u00fablica, la panista <strong>Lilly T\u00e9llez<\/strong>, pidi\u00f3 un minuto de silencio por el asesinato de trabajadores de la Comisi\u00f3n Federal de Electricidad, (CFE), cuya camioneta donde se transportaban para reparar fallas en el sistema\u00a0 el\u00e9ctrico de la sierra sonorense, fue calcinada y fueron hallados, afortunadamente con vida, otros trabajadores de la Comisi\u00f3n. Con mucha raz\u00f3n, luego de estos violentos hechos, trabajadores de la CFE se manifestaron a las afueras del Palacio de Gobierno de Hermosillo y se negaron a salir a laborar por las condiciones de inseguridad que asolan a dicha entidad. \u00bfY que hizo o ha hecho el gobernador Durazo para dar alguna respuesta, ya no digamos, garant\u00edas de seguridad. Absolutamente nada.<\/p>\n<p>*** La voz del l\u00edder moral de la izquierda en M\u00e9xico, <strong>Cuauht\u00e9moc C\u00e1rdenas<\/strong>, se volvi\u00f3 a escuchar. Al participar en el coloquio \u201cDemocracia y Futuro\u201d de M\u00e9xico, se inclin\u00f3 por que se d\u00e9 un cambio importante en la estrategia que ha seguido esta errada y llamada Cuarta Transformaci\u00f3n en el combate a la inseguridad. Dijo el ingeniero que desde hace 25 a\u00f1os, dicha estrategia es la misma, pero esto \u00faltimo puede no ser tan certero porque hay que recordar que L\u00f3pez Obrador, resumi\u00f3 en una sola frase su nula estrategia en este rubro, aquella de \u201cabrazos, no balazos\u201d al tiempo de que se la pasa quej\u00e1ndose de que el pasado es el culpable del caos que el tabasque\u00f1o recibi\u00f3. Recientemente, el secretario de Gobernaci\u00f3n, <strong>Ad\u00e1n Augusto L\u00f3pez Hern\u00e1ndez,<\/strong> manifest\u00f3 en cuanto al tema: \u201cHemos de reconocer que hemos ido perdiendo la batalla contra la inseguridad porque no hemos sido capaces, no nosotros, los gobiernos que nos antecedieron\u2026 \u201c Dec\u00eda un viejo refr\u00e1n: \u201cDesde que se inventaron los pretextos, se acabaron los\u2026\u201d y aplica perfectamente ante tanta excusa como esgrime e inquilino de Palacio Nacional.<\/p>\n<p>*** El diputado local <strong>V\u00edctor Hugo Lobo<\/strong> present\u00f3 una iniciativa ante el Pleno, para que sean adicionados los art\u00edculos 101 bis y 101 ter al Reglamento del Congreso capitalino en materia de Puntos de Acuerdo, con la finalidad de cumplir con lo previsto en el art\u00edculo 96 del mismo reglamento. Lobo Rom\u00e1n asent\u00f3 en su iniciativa en cuanto al art\u00edculo 101 bis: \u201cLos puntos de acuerdo aprobados, de conformidad con lo establecido en el art\u00edculo 100 de este Reglamento, deber\u00e1n ser atendidas por las autoridades de la Ciudad de M\u00e9xico a las que fueron turnadas en un t\u00e9rmino no mayor a 60 d\u00edas naturales o bien, deber\u00e1 informar la justificaci\u00f3n legal o material que impida su atenci\u00f3n\u201d. Agreg\u00f3 que\u00a0\u201clos aprobados por el Pleno, como de urgente y obvia resoluci\u00f3n en t\u00e9rminos del art\u00edculo 101 del presente reglamento, deber\u00e1n ser atendidas de manera inmediata, considerando un t\u00e9rmino razonable para su atenci\u00f3n\u201d, asent\u00f3 en el documento el l\u00edder perredista. Y es obvio que en estos momentos, el gobierno de la Ciudad de M\u00e9xico que encabeza la flamante <strong>Claudia Sheinbaum<\/strong>, quien est\u00e1 demasiado ocupada en seguir siendo la \u201ccorcholata\u201d favorita del inquilino de Palacio Nacional y si antes no hac\u00edan caso a las demandas de la ciudadan\u00eda de la capital de la Rep\u00fablica, pues ahora menos.<\/p>\n<p><u><a href=\"mailto:morcora@gmail.com\" target=\"_blank\" rel=\"noopener noreferrer\"><em>morcora@gmail.com<\/em><\/a><\/u><\/p>\n","protected":false},"excerpt":{"rendered":"<p><span style=\"color: #005497;\"><strong>Adriana Moreno Cordero<\/strong><\/span><\/p>\n","protected":false},"author":3,"featured_media":0,"comment_status":"open","ping_status":"open","sticky":false,"template":"","format":"standard","meta":{"_monsterinsights_skip_tracking":false,"_monsterinsights_sitenote_active":false,"_monsterinsights_sitenote_note":"","_monsterinsights_sitenote_category":0,"footnotes":""},"categories":[69370],"tags":[69369,69368,43674],"class_list":["post-559289","post","type-post","status-publish","format-standard","hentry","category-adriana-moreno-cordero","tag-adriana-moreno-cordero","tag-la-retaguardia","tag-opinion"],"_links":{"self":[{"href":"https:\/\/www.diarioimagen.net\/index.php?rest_route=\/wp\/v2\/posts\/559289","targetHints":{"allow":["GET"]}}],"collection":[{"href":"https:\/\/www.diarioimagen.net\/index.php?rest_route=\/wp\/v2\/posts"}],"about":[{"href":"https:\/\/www.diarioimagen.net\/index.php?rest_route=\/wp\/v2\/types\/post"}],"author":[{"embeddable":true,"href":"https:\/\/www.diarioimagen.net\/index.php?rest_route=\/wp\/v2\/users\/3"}],"replies":[{"embeddable":true,"href":"https:\/\/www.diarioimagen.net\/index.php?rest_route=%2Fwp%2Fv2%2Fcomments&post=559289"}],"version-history":[{"count":0,"href":"https:\/\/www.diarioimagen.net\/index.php?rest_route=\/wp\/v2\/posts\/559289\/revisions"}],"wp:attachment":[{"href":"https:\/\/www.diarioimagen.net\/index.php?rest_route=%2Fwp%2Fv2%2Fmedia&parent=559289"}],"wp:term":[{"taxonomy":"category","embeddable":true,"href":"https:\/\/www.diarioimagen.net\/index.php?rest_route=%2Fwp%2Fv2%2Fcategories&post=559289"},{"taxonomy":"post_tag","embeddable":true,"href":"https:\/\/www.diarioimagen.net\/index.php?rest_route=%2Fwp%2Fv2%2Ftags&post=559289"}],"curies":[{"name":"wp","href":"https:\/\/api.w.org\/{rel}","templated":true}]}}