{"id":559297,"date":"2022-09-09T00:08:04","date_gmt":"2022-09-09T05:08:04","guid":{"rendered":"https:\/\/www.diarioimagen.net\/?p=559297"},"modified":"2022-09-09T03:51:16","modified_gmt":"2022-09-09T08:51:16","slug":"oposicion-debil-2","status":"publish","type":"post","link":"https:\/\/www.diarioimagen.net\/?p=559297","title":{"rendered":"Oposici\u00f3n d\u00e9bil"},"content":{"rendered":"<h2>Punto por punto<\/h2>\n<h5>Augusto Corro<\/h5>\n<p>&nbsp;<\/p>\n<p>\u00bfTraici\u00f3n de \u201cAlito\u201d o decisi\u00f3n correcta? El dirigente nacional priista, Alejandro Moreno C\u00e1rdenas (a) \u201cAlito\u201d opt\u00f3 por sembrar el divisionismo en la oposici\u00f3n con tal de evitar la c\u00e1rcel.<\/p>\n<p>As\u00ed qued\u00f3 demostrado con la conducta del ex gobernador de Campeche, diputado y l\u00edder del Partido Revolucionario Institucional (PRI).<\/p>\n<p>La alianza de Va por M\u00e9xico integrada por PAN, PRI y PRD fue suspendida porque \u201cAlito\u201d y su partido optaron por apoyar la iniciativa de mantener al Ej\u00e9rcito en las calles cuatro a\u00f1os m\u00e1s, es decir, hasta el 2028.<\/p>\n<p>Esa idea no le gust\u00f3 a los dirigentes panistas ni perredistas, quienes decidieron hacer una pausa en la coalici\u00f3n. Lo ocurrido en la oposici\u00f3n s\u00f3lo es un reflejo de la debilidad de las organizaciones pol\u00edticas en M\u00e9xico.<\/p>\n<p>Y es precisamente en meses previos a elecciones importantes cuando se presenta este ajuste de intereses.<\/p>\n<p>El pr\u00f3ximo a\u00f1o se efectuar\u00e1n contiendas electorales en Coahuila y en el Estado de M\u00e9xico (Edomex) y en 2024, se llevar\u00e1n a cabo las presidenciales.<\/p>\n<p>Y el panorama que refleja la oposici\u00f3n pol\u00edtica es de desolaci\u00f3n. Mientras en Morena sobran las \u201ccorcholatas\u201d con aspiraciones a las elecciones del 2024, en los partidos la \u201ccaballada\u201d est\u00e1 flaca o no existe.<\/p>\n<p>Tras el triunfo de Morena en 2018, las organizaciones pol\u00edticas cayeron en una especie de letargo del que no pueden salir. Est\u00e1n a la espera de ser socorridos por la buena suerte.<\/p>\n<p>La alianza que es indispensable para enfrentar al gobierno y su partido est\u00e1 en riesgo permanente de fracturarse, pues como ya se vio, sus l\u00edderes optan, primero, por la soluci\u00f3n de sus intereses personales.<\/p>\n<p>As\u00ed, ninguna alianza funcionar\u00e1; las coaliciones servir\u00e1n, \u00fanicamente, para enga\u00f1ar a la militancia.<\/p>\n<p style=\"text-align: center;\"><strong>El tiempo avanza<\/strong><\/p>\n<p>Ya van cuatro a\u00f1os del gobierno lopezobradorista y la oposici\u00f3n no aparece por ning\u00fan lado. De no ser por una negaci\u00f3n permanente a lo que plantee el gobierno, los partidos opositores no ofrecen proyectos pol\u00edticos interesantes. Se encuentran alejados de los electores.<\/p>\n<p>Ante ese panorama, los morenistas saben que todo lo tienen bajo control y que las pugnas internas de su partido ser\u00e1n las que los dividir\u00e1n.<\/p>\n<p>El gobierno lopezobradorista est\u00e1 por entrar a la recta final del sexenio y los problemas importantes siguen sin soluci\u00f3n. Ah\u00ed est\u00e1 la espiral de violencia que incrementa la inseguridad. Esto lleva a las autoridades a mantener el Ej\u00e9rcito en las calles.\u00a0 No hay de otra sopa.<\/p>\n<p>Claro, para que esto suceda, el gobierno se pronunci\u00f3 por apoyar a una parte del priismo que se pronunci\u00f3 por la ampliaci\u00f3n de la permanencia de los militares para mantener la seguridad. Algo que, como se\u00f1alamos, parece imposible.<\/p>\n<p>Es muy fr\u00e1gil la unidad tan indispensable en la oposici\u00f3n; pero sus l\u00edderes no lo entienden. Si los dirigentes no re\u00fanen las caracter\u00edsticas m\u00ednimas de personas honorables, la unidad nunca podr\u00e1 ser una idea que se materialice. \u00a0\u201cAlito\u201d, el presidente del PRI, nunca fue una garant\u00eda para la unidad de la oposici\u00f3n. As\u00ed se vio en el \u00faltimo esc\u00e1ndalo. Presionado por su pasado turbulento, el l\u00edder priista cambi\u00f3 de opini\u00f3n y decidi\u00f3 apoyar la idea de que el Ej\u00e9rcito siga en las calles. A los otros dos integrantes de la alianza Va por M\u00e9xico, no les pareci\u00f3 buena la idea y suspendieron el acuerdo de unidad, hasta nuevo aviso.\u00a0 \u201cAlito\u201d una vez superado el mal momento, que amenazaba con la c\u00e1rcel, ya desaforado, volver\u00e1 a la lucha verbal entre los dirigentes de los partidos, es decir a la demagogia.\u00a0 Morena seguir\u00e1 cosechando triunfos, sola, sin el contrapeso de los opositores y el dirigente priista continuar\u00e1 disfrutando riqueza il\u00edcita, para eso es el hombre fuerte del priismo.<\/p>\n<p>\u00bfUsted qu\u00e9 opina amable lector?<\/p>\n<p><em><a href=\"mailto:aco2742@hotmail.com\" target=\"_blank\" rel=\"noopener noreferrer\">aco2742@hotmail.com<\/a><\/em><\/p>\n","protected":false},"excerpt":{"rendered":"<p><span style=\"color: #005497;\"><strong>Augusto Corro<\/strong><\/span><\/p>\n","protected":false},"author":3,"featured_media":0,"comment_status":"open","ping_status":"open","sticky":false,"template":"","format":"standard","meta":{"_monsterinsights_skip_tracking":false,"_monsterinsights_sitenote_active":false,"_monsterinsights_sitenote_note":"","_monsterinsights_sitenote_category":0,"footnotes":""},"categories":[157],"tags":[43686,43674,11515],"class_list":["post-559297","post","type-post","status-publish","format-standard","hentry","category-augusto-corro","tag-augusto-corro","tag-opinion","tag-punto-por-punto"],"_links":{"self":[{"href":"https:\/\/www.diarioimagen.net\/index.php?rest_route=\/wp\/v2\/posts\/559297","targetHints":{"allow":["GET"]}}],"collection":[{"href":"https:\/\/www.diarioimagen.net\/index.php?rest_route=\/wp\/v2\/posts"}],"about":[{"href":"https:\/\/www.diarioimagen.net\/index.php?rest_route=\/wp\/v2\/types\/post"}],"author":[{"embeddable":true,"href":"https:\/\/www.diarioimagen.net\/index.php?rest_route=\/wp\/v2\/users\/3"}],"replies":[{"embeddable":true,"href":"https:\/\/www.diarioimagen.net\/index.php?rest_route=%2Fwp%2Fv2%2Fcomments&post=559297"}],"version-history":[{"count":0,"href":"https:\/\/www.diarioimagen.net\/index.php?rest_route=\/wp\/v2\/posts\/559297\/revisions"}],"wp:attachment":[{"href":"https:\/\/www.diarioimagen.net\/index.php?rest_route=%2Fwp%2Fv2%2Fmedia&parent=559297"}],"wp:term":[{"taxonomy":"category","embeddable":true,"href":"https:\/\/www.diarioimagen.net\/index.php?rest_route=%2Fwp%2Fv2%2Fcategories&post=559297"},{"taxonomy":"post_tag","embeddable":true,"href":"https:\/\/www.diarioimagen.net\/index.php?rest_route=%2Fwp%2Fv2%2Ftags&post=559297"}],"curies":[{"name":"wp","href":"https:\/\/api.w.org\/{rel}","templated":true}]}}