{"id":560476,"date":"2022-09-22T00:03:28","date_gmt":"2022-09-22T05:03:28","guid":{"rendered":"https:\/\/www.diarioimagen.net\/?p=560476"},"modified":"2022-09-22T02:34:07","modified_gmt":"2022-09-22T07:34:07","slug":"canonazo-o-candidaturas-por-votos","status":"publish","type":"post","link":"https:\/\/www.diarioimagen.net\/?p=560476","title":{"rendered":"\u00bfCa\u00f1onazo$ o candidaturas por votos?"},"content":{"rendered":"<h2>Espacio Electoral<\/h2>\n<h5>Eleazar Flores<\/h5>\n<p>&nbsp;<\/p>\n<p><strong>SENADOR MERENDADO-.<\/strong> En su \u201coperaci\u00f3n cascajo\u201d con miras a elecciones locales para 2024, Morena desde hoy acepta nuevos \u00bfmilitantes? como el senador yucateco Ra\u00fal Paz Alonzo, profesionista fif\u00ed egresado del Tec de Monterrey y panista de toda la vida\u2026 pol\u00edtica.<\/p>\n<p>Ra\u00fal Paz Alonzo lleg\u00f3 a ser casi todo como miembro destacado del Partido Acci\u00f3n Nacional en su entidad, diputado local, presidente estatal del blanquiazul y senador, que de seguir en el mismo partido tambi\u00e9n apuntaba para la candidatura a gobernador, oferta que seguramente se la mejor\u00f3 Movimiento de Regeneraci\u00f3n Nacional, con apoyos de sobra para su futura campa\u00f1a.<\/p>\n<p>El precio de su voto para apoyar la militarizaci\u00f3n del pa\u00eds fue prometerle la gubernatura de su natal Yucat\u00e1n, entidad gobernada por panistas, pues la \u00faltima priista fue Ivonne Ortega Pacheco, hoy tambi\u00e9n fuera del tricolor.<\/p>\n<p>Pero como no habr\u00e1 m\u00e1s elecciones locales que coincidan con el cambio de gobierno federal, otro recurso de los morenistas, en el partido o en el gobierno, seguramente podr\u00eda\u00a0 ser la emisi\u00f3n de fuertes ca\u00f1onazo$, pero como creemos que los de hoy ya no son como los de antes -no se sabe si mejores o peores-, deseche ese mal pensamiento de inmediato, no vaya a pecar.<\/p>\n<p>Sin embargo, sigue la interrogante en el aire, qu\u00e9 ofrecer\u00e1n los dirigentes partidistas\u00a0 cuando menos a diez senadores panistas, priistas y perredista para conVENCERLOS y voten con la mayor\u00eda del comando guinda en el Senado de la Rep\u00fablica, coordinado por el descorcholatado presidencial Ricardo Monreal.<\/p>\n<p>Seguramente, la \u201coperaci\u00f3n cascajo senatorial\u201d no corre por cuenta del coordinador a\u00fan morenista zacatecano, pues el anuncio del cambio de tinte de azul a guinda de Ra\u00fal Paz Alonso no la hizo \u00e9l sino el gerente de Morena, Mario Delgado, quien hasta presumi\u00f3 su nuevo fichaje, como si se tratara de un seleccionado nacional.<\/p>\n<p>Entre ayer y hoy se conocer\u00e1n los alcances de nuevos \u201cfichajes\u201d senatoriales por parte del gerente de Morena, existiendo la posibilidad de lograr la decena de votos que le faltan a la divisa presidencial, para alcanzar el n\u00famero suficiente de votos que permitan la militarizaci\u00f3n del,\u00a0 pa\u00eds cuando como dijeron algunos cl\u00e9rigos hace un mes, \u201cM\u00e9xico chorrea sangre\u201d, pero ni se apure, seg\u00fan los otros datos que nadie conoce \u201cvamos bien\u201d.<\/p>\n<p><strong>DIVISIONISMO AL M\u00c1XIMO-.<\/strong> Tras todo lo anterior, s\u00f3lo hay una verdad irrefutable, quien sali\u00f3 reprobado en sumas y multiplicaciones no obstante sus doce a\u00f1os estudiando la licenciatura, aprob\u00f3 y hasta con menci\u00f3n honor\u00edfica en restas pero sobre todo en DIVISIONES, como las que en este momento privan entre panistas y priistas.<\/p>\n<p>De su dirigencia ni vale la pena hablar, se agach\u00f3 hasta con Layda, que mejor aqu\u00ed concluy\u00f3 por hoy.<\/p>\n<p><em><a href=\"mailto:elefa44@gmail.com\" target=\"_blank\" rel=\"noopener noreferrer\">elefa44@gmail.com<\/a><\/em><\/p>\n","protected":false},"excerpt":{"rendered":"<p><span style=\"color: #005497;\"><strong>Eleazar Flores<\/strong><\/span><\/p>\n","protected":false},"author":3,"featured_media":0,"comment_status":"open","ping_status":"open","sticky":false,"template":"","format":"standard","meta":{"_monsterinsights_skip_tracking":false,"_monsterinsights_sitenote_active":false,"_monsterinsights_sitenote_note":"","_monsterinsights_sitenote_category":0,"footnotes":""},"categories":[81743],"tags":[81744,81776,43674],"class_list":["post-560476","post","type-post","status-publish","format-standard","hentry","category-eleazar-flores","tag-eleazar-flores","tag-espacio-electoral","tag-opinion"],"_links":{"self":[{"href":"https:\/\/www.diarioimagen.net\/index.php?rest_route=\/wp\/v2\/posts\/560476","targetHints":{"allow":["GET"]}}],"collection":[{"href":"https:\/\/www.diarioimagen.net\/index.php?rest_route=\/wp\/v2\/posts"}],"about":[{"href":"https:\/\/www.diarioimagen.net\/index.php?rest_route=\/wp\/v2\/types\/post"}],"author":[{"embeddable":true,"href":"https:\/\/www.diarioimagen.net\/index.php?rest_route=\/wp\/v2\/users\/3"}],"replies":[{"embeddable":true,"href":"https:\/\/www.diarioimagen.net\/index.php?rest_route=%2Fwp%2Fv2%2Fcomments&post=560476"}],"version-history":[{"count":0,"href":"https:\/\/www.diarioimagen.net\/index.php?rest_route=\/wp\/v2\/posts\/560476\/revisions"}],"wp:attachment":[{"href":"https:\/\/www.diarioimagen.net\/index.php?rest_route=%2Fwp%2Fv2%2Fmedia&parent=560476"}],"wp:term":[{"taxonomy":"category","embeddable":true,"href":"https:\/\/www.diarioimagen.net\/index.php?rest_route=%2Fwp%2Fv2%2Fcategories&post=560476"},{"taxonomy":"post_tag","embeddable":true,"href":"https:\/\/www.diarioimagen.net\/index.php?rest_route=%2Fwp%2Fv2%2Ftags&post=560476"}],"curies":[{"name":"wp","href":"https:\/\/api.w.org\/{rel}","templated":true}]}}