{"id":560526,"date":"2022-09-23T00:01:47","date_gmt":"2022-09-23T05:01:47","guid":{"rendered":"https:\/\/www.diarioimagen.net\/?p=560526"},"modified":"2022-09-23T04:44:58","modified_gmt":"2022-09-23T09:44:58","slug":"nuevas-experiencias-de-la-mano-de-lorena-dromundo-y-braulio-arsuaga","status":"publish","type":"post","link":"https:\/\/www.diarioimagen.net\/?p=560526","title":{"rendered":"Nuevas experiencias de la mano de Lorena Dromundo y Braulio Arsuaga"},"content":{"rendered":"<h2>De cinco estrellas<\/h2>\n<h5>Victoria Gonz\u00e1lez Prado<\/h5>\n<p>&nbsp;<\/p>\n<ul>\n<li><strong><em>\u00c1lvaro de Marichalar S\u00e1enz de Tejada <\/em><\/strong><strong><em>da vuelta al mundo en el barco m\u00e1s peque\u00f1o<\/em><\/strong><\/li>\n<li><strong><em>A<\/em><\/strong><strong><em>terriz\u00f3 por primera vez <\/em><\/strong><strong><em>el avi\u00f3n de <\/em><\/strong><strong><em>Viva Aerobus dedicada a la <\/em><\/strong><strong>Raider Nation<\/strong><\/li>\n<\/ul>\n<p>&nbsp;<\/p>\n<div id=\"attachment_560625\" style=\"width: 470px\" class=\"wp-caption aligncenter\"><img loading=\"lazy\" decoding=\"async\" aria-describedby=\"caption-attachment-560625\" class=\"size-full wp-image-560625\" src=\"https:\/\/www.diarioimagen.net\/wp-content\/uploads\/2022\/09\/turismo-8.jpg\" alt=\"\" width=\"460\" height=\"270\" \/><p id=\"caption-attachment-560625\" class=\"wp-caption-text\">Lorena Dromundo y Braulio Arsuaga.<\/p><\/div>\n<p>&nbsp;<\/p>\n<p>Cada vez con m\u00e1s frecuencia hay quienes buscan nuevas experiencias, pero tambi\u00e9n quienes las crean y \u00e9ste es el caso de <strong>Lorena Dromundo<\/strong>, campeona panamericana de <em>Downhill<\/em> y fundadora de <em>Dromundo Bike<\/em> <em>Academy,<\/em> y <strong>Braulio Arsuaga<\/strong>, director general de Grupo Presidente, presidente del Consejo Nacional Empresarial Tur\u00edstico (CNET) y actual tibur\u00f3n de <em>Shark Tank M\u00e9xico<\/em>.<\/p>\n<p>Resulta que lo que fuera el hotel <em>Holiday Inn Los Cabos Resort<\/em>, se convierte en la primera sede de <em>ONCE ONCE<\/em>, proyecto inspirado en la filosof\u00eda <em>\u201cback to the origins\u201d <\/em>donde el arte, el deporte y la m\u00fasica son los protagonistas de este reconvertido espacio que sin duda ser\u00e1 de los lugares tur\u00edsticos m\u00e1s atractivos de Baja California Sur.<\/p>\n<p>Este ambicioso proyecto inaugura la nueva rama de Grupo Presidente de Innovaci\u00f3n y Experiencias y promover\u00e1 la evoluci\u00f3n social, el sentido de comunidad, la reconexi\u00f3n, integraci\u00f3n y regeneraci\u00f3n del medio ambiente, adem\u00e1s del turismo responsable y sustentable. Es concepto pionero a nivel internacional que promover\u00e1 el desarrollo de programas sociales y ambientales, adem\u00e1s de fomentar el bienestar f\u00edsico, mental y emocional. Este parque interactivo cuenta con alberca reconvertida en <em>bowl de skate<\/em>, pista para bicicletas, clases de yoga y calistenia adem\u00e1s de diversas propuestas gastron\u00f3micas y de mixolog\u00eda para disfrutar con la inigualable vista al oc\u00e9ano Pac\u00edfico.<\/p>\n<p>ONCE ONCE<em> s<\/em>er\u00e1 sede de diferentes actividades al aire libre relacionadas con el arte y la m\u00fasica, albergando tambie\u00ecn exposiciones, conciertos y, mucho m\u00e1s.<\/p>\n<p>\u2730\u2730\u2730\u2730\u2730 No puedo imaginar navegar en solitario por un d\u00eda, mucho menos por semanas, meses y el explorador navarro <strong>\u00c1lvaro de Marichalar S\u00e1enz de Tejada<\/strong> decidi\u00f3 dar la vuelta al mundo en el barco m\u00e1s peque\u00f1o en la historia de la navegaci\u00f3n.<\/p>\n<p>Y s\u00ed, navega en solitario a bordo de su peque\u00f1a embarcaci\u00f3n moto acu\u00e1tica de tres metros de eslora bautizada Numancia. Y lo hace para conmemorar el quinto centenario de la Primera Circunnavegaci\u00f3n del planeta, y denuncia la pesca ilegal y el vertido de residuos pl\u00e1sticos al mar.<\/p>\n<p>Se cumplen 500 a\u00f1os de la Primera Vuelta al Mundo. 500 a\u00f1os de la llegada de <strong>Juan Sebasti\u00e1n Elcano<\/strong> a Sevilla junto a 17 supervivientes de los 260 que hab\u00edan zarpado tres a\u00f1os antes en aquella expedici\u00f3n, la m\u00e1s importante jam\u00e1s lograda desde el punto de vista del conocimiento geogr\u00e1fico, al quedar demostrada la forma esf\u00e9rica de la Tierra.<\/p>\n<p><strong>\u00c1lvaro de Marichalar S\u00e1enz de Tejada<\/strong> lo celebra y decide dar a conocer la \u2018Primera vuelta al mundo\u2019. Zarp\u00f3 hace tres a\u00f1os desde Sevilla en la fecha hist\u00f3rica, 10 de agosto de 2019-1519.<\/p>\n<p>Tras dar la vuelta al sur de Espa\u00f1a, recorrer toda la costa portuguesa y del norte de Espa\u00f1a, lleg\u00f3 a Guetaria donde rindi\u00f3 homenaje a <strong>Juan Sebastian Elcano <\/strong>ante el monumento que recuerda su gesta universal.<\/p>\n<p>Luego sigui\u00f3 navegando hasta la frontera francesa transportando su embarcaci\u00f3n por tierra hasta M\u00f3naco desde donde naveg\u00f3 a Marsella, Barcelona, Valencia y Gibraltar. Toda esta etapa la realiz\u00f3 en solitario, sin barco de asistencia.<\/p>\n<p>Cruz\u00f3 el Atl\u00e1ntico desde Gibraltar hasta la isla de Guadalupe ah\u00ed s\u00ed decidi\u00f3 que lo acompa\u00f1ara asistencia del barco de exploraci\u00f3n franc\u00e9s YERSIN.<\/p>\n<p>Lleg\u00f3 a Guadalupe el D\u00eda de Navidad y desde ah\u00ed, otra vez, en solitario, sin la embarcaci\u00f3n de apoyo, recalando en las islas del Caribe lleg\u00f3 a Miami el 17 de marzo del 2020.<\/p>\n<p>La pandemia detuvo su recorrido-expedici\u00f3n y fue el 19 de febrero de este 2022 cuando reinici\u00f3 su desaf\u00edo navegando a lo largo de las costas de Florida, Alabama, Luisiana, Texas y Bacalar en M\u00e9xico.<\/p>\n<p>Est\u00e1 a la espera de continuar, depender\u00e1 de la meteorolog\u00eda derivada de la actual temporada de huracanes en el Caribe.<\/p>\n<p>Su recorrido continuar\u00e1 hacia Panam\u00e1 para cruzar al oc\u00e9ano Pac\u00edfico y remontar toda la costa oeste americana hasta Alaska desde donde cruzar\u00e1 a Rusia. Seguir\u00e1 a lo largo de todo Asia hasta el Mediterr\u00e1neo para llegar a Sanlucar\/Sevilla.<\/p>\n<p><strong>\u00c1lvaro de Marichalar S\u00e1enz de Tejada<\/strong> tiene, todav\u00eda dos a\u00f1os de navegaci\u00f3n por delante. Si quieres ver los recorridos entra en su web www.FirstWorldTour.com o en<\/p>\n<p>www.PrimeraVueltaAlMundo.com<\/p>\n<p>\u2730\u2730\u2730\u2730\u2730 Por primera vez, proveniente de la Ciudad de M\u00e9xico aterriz\u00f3 en el Aeropuerto Internacional <strong>Harry Reid<\/strong> el avi\u00f3n de Viva Aerobus dedicado a la <em>Raider Nation<\/em>.<\/p>\n<p>Y es que, la compa\u00f1\u00eda a\u00e9rea fue nombrada la aerol\u00ednea oficial de <em>Las Vegas Raiders<\/em> en M\u00e9xico y con esta aeronave reafirma su compromiso con el equipo. Se trata de un <em>Airbus A320ceo<\/em> perteneciente a la flota m\u00e1s nueva de M\u00e9xico y tercera de toda Norteam\u00e9rica, que porta la ic\u00f3nica imagen de <em>Raiders<\/em> y ahora es el nuevo jugador del equipo de f\u00fatbol americano, contagiando a pasajeros y espectadores la emoci\u00f3n del deporte en los m\u00e1s de 2 mil vuelos que realizar\u00e1 de manera anual en M\u00e9xico y en los destinos que Viva conecta en Estados Unidos.<\/p>\n<p>La llegada coincidi\u00f3 con la fecha de celebraci\u00f3n del D\u00eda de la Independencia en M\u00e9xico, reforzando el mensaje de uni\u00f3n entre los aficionados de este equipo en ambos pa\u00edses. As\u00ed y a manera de festejo por este primer vuelo comercial del avi\u00f3n <em>Raiders,<\/em> la banda de <em>rock <\/em>regiomontana, <em>The Warning, <\/em>ameniz\u00f3 el viaje y al llegar a Las Vegas, Los <em>Raiders <\/em>entregaron regalo sorpresa a todos los pasajeros.<\/p>\n<p><strong>Juan Carlos Zuazua<\/strong>, director general de Viva Aerobus dijo, \u201dconectamos a nuestros pasajeros con aquello que les emociona y esta aeronave transmite toda la pasi\u00f3n y grandeza del equipo negro y plata\u201d.<\/p>\n<p>&nbsp;<\/p>\n<blockquote>\n<p style=\"text-align: right;\">\u201c<strong>El<\/strong> <strong>\u00e1ngel de la fama tiene sus alas hechas de papel&#8230; peri\u00f3dico\u201d.<br \/>\n<\/strong><\/p>\n<\/blockquote>\n<p>&nbsp;<\/p>\n<p><em><span class=\"Apple-converted-space\"><a href=\"mailto:victoriagprado@gmail.com\" target=\"_blank\" rel=\"noopener noreferrer\">victoriagprado@gmail.com<\/a><br \/>\nTwitter: <a href=\"https:\/\/twitter.com\/victoriagprado\" target=\"_blank\" rel=\"noopener noreferrer\">@victoriagprado<\/a><\/span><\/em><\/p>\n","protected":false},"excerpt":{"rendered":"<p>Cada vez con m\u00e1s frecuencia hay quienes buscan nuevas experiencias, pero tambi\u00e9n quienes las crean y \u00e9ste es el caso de <strong>Lorena Dromundo<\/strong>, campeona panamericana de <em>Downhill<\/em> y fundadora de <em>Dromundo Bike<\/em> <em>Academy,<\/em> y <strong>Braulio Arsuaga<\/strong>, director general de Grupo Presidente, presidente del Consejo Nacional Empresarial Tur\u00edstico (CNET) y actual tibur\u00f3n de <em>Shark Tank M\u00e9xico<\/em>.<\/p>\n","protected":false},"author":3,"featured_media":560625,"comment_status":"open","ping_status":"open","sticky":false,"template":"","format":"standard","meta":{"_monsterinsights_skip_tracking":false,"_monsterinsights_sitenote_active":false,"_monsterinsights_sitenote_note":"","_monsterinsights_sitenote_category":0,"footnotes":""},"categories":[11],"tags":[107,43674,43681,106],"class_list":["post-560526","post","type-post","status-publish","format-standard","has-post-thumbnail","hentry","category-turismo","tag-de-cinco-estrellas","tag-opinion","tag-turismo","tag-victoria-gonzalez-prado"],"_links":{"self":[{"href":"https:\/\/www.diarioimagen.net\/index.php?rest_route=\/wp\/v2\/posts\/560526","targetHints":{"allow":["GET"]}}],"collection":[{"href":"https:\/\/www.diarioimagen.net\/index.php?rest_route=\/wp\/v2\/posts"}],"about":[{"href":"https:\/\/www.diarioimagen.net\/index.php?rest_route=\/wp\/v2\/types\/post"}],"author":[{"embeddable":true,"href":"https:\/\/www.diarioimagen.net\/index.php?rest_route=\/wp\/v2\/users\/3"}],"replies":[{"embeddable":true,"href":"https:\/\/www.diarioimagen.net\/index.php?rest_route=%2Fwp%2Fv2%2Fcomments&post=560526"}],"version-history":[{"count":0,"href":"https:\/\/www.diarioimagen.net\/index.php?rest_route=\/wp\/v2\/posts\/560526\/revisions"}],"wp:featuredmedia":[{"embeddable":true,"href":"https:\/\/www.diarioimagen.net\/index.php?rest_route=\/wp\/v2\/media\/560625"}],"wp:attachment":[{"href":"https:\/\/www.diarioimagen.net\/index.php?rest_route=%2Fwp%2Fv2%2Fmedia&parent=560526"}],"wp:term":[{"taxonomy":"category","embeddable":true,"href":"https:\/\/www.diarioimagen.net\/index.php?rest_route=%2Fwp%2Fv2%2Fcategories&post=560526"},{"taxonomy":"post_tag","embeddable":true,"href":"https:\/\/www.diarioimagen.net\/index.php?rest_route=%2Fwp%2Fv2%2Ftags&post=560526"}],"curies":[{"name":"wp","href":"https:\/\/api.w.org\/{rel}","templated":true}]}}